{"id":2446,"date":"2023-03-17T09:22:52","date_gmt":"2023-03-17T08:22:52","guid":{"rendered":"https:\/\/pcbigouden.fr\/?p=2446"},"modified":"2023-03-17T14:34:49","modified_gmt":"2023-03-17T13:34:49","slug":"pont-labbe-rassemblement-de-protestation-devant-le-local-de-la-deputee","status":"publish","type":"post","link":"https:\/\/pcbigouden.fr\/?p=2446","title":{"rendered":"Pont L&rsquo;Abb\u00e9. Rassemblement de protestation devant le local de la d\u00e9put\u00e9e."},"content":{"rendered":"<h3 style=\"text-align: center;\">Dans Le T\u00e9l\u00e9gramme<\/h3>\n<p><a href=\"https:\/\/pcbigouden.fr\/wp-content\/uploads\/2023\/03\/TelegPhoto16mars23.jpg\"><img loading=\"lazy\" decoding=\"async\" class=\"alignnone size-full wp-image-2449\" src=\"https:\/\/pcbigouden.fr\/wp-content\/uploads\/2023\/03\/TelegPhoto16mars23.jpg\" alt=\"\" width=\"1176\" height=\"637\" srcset=\"https:\/\/pcbigouden.fr\/wp-content\/uploads\/2023\/03\/TelegPhoto16mars23.jpg 1176w, https:\/\/pcbigouden.fr\/wp-content\/uploads\/2023\/03\/TelegPhoto16mars23-300x163.jpg 300w, https:\/\/pcbigouden.fr\/wp-content\/uploads\/2023\/03\/TelegPhoto16mars23-1024x555.jpg 1024w, https:\/\/pcbigouden.fr\/wp-content\/uploads\/2023\/03\/TelegPhoto16mars23-768x416.jpg 768w, https:\/\/pcbigouden.fr\/wp-content\/uploads\/2023\/03\/TelegPhoto16mars23-863x467.jpg 863w, https:\/\/pcbigouden.fr\/wp-content\/uploads\/2023\/03\/TelegPhoto16mars23-199x108.jpg 199w\" sizes=\"auto, (max-width: 1176px) 100vw, 1176px\" \/><\/a><\/p>\n<p>Pour protester contre la r\u00e9forme des retraites, plus de 150 manifestants se sont rassembl\u00e9s devant la permanence de la d\u00e9put\u00e9e Liliana Tanguy, ce jeudi 16\u00a0mars \u00e0 Pont l\u2019Abb\u00e9, avant de d\u00e9filer dans les rues du centre-ville.<br \/>\n\u00ab\u00a0Nous ne battrons pas en retraite\u00a0\u00bb, pouvait-on lire sur la pancarte cette militante de la France insoumise affichant sa d\u00e9termination \u00e0 ne rien l\u00e2cher face \u00e0 un gouvernement qui a fait le choix d\u2019engager sa responsabilit\u00e9 avec le 49.3 pour faire passer cette r\u00e9forme des retraites. Un \u00e9tat d\u2019esprit partag\u00e9 par les manifestants qui ont r\u00e9pondu \u00e0 l\u2019appel de formations politiques et syndicales (*) de se rassembler, ce jeudi en fin d\u2019apr\u00e8s-midi \u00e0 Pont-l\u2019Abb\u00e9, devant la permanence de la d\u00e9put\u00e9e de la 7e circonscription, Liliana Tanguy.<\/p>\n<p>\u00ab\u00a0Ce 49.3 va aggraver la crise d\u00e9mocratique\u00a0\u00bb<br \/>\n\u00ab\u00a070\u00a0% des Fran\u00e7ais sont oppos\u00e9s \u00e0 cette r\u00e9forme, dont 92 des actifs et depuis la mi-janvier, des millions de gens sont dans la rue, chaque journ\u00e9e de mobilisation\u00a0\u00bb, a rappel\u00e9 Maryse Rousseau secr\u00e9taire du PCF du Pays bigouden. \u00ab\u00a0Ce 49.3 va encore aggraver la crise d\u00e9mocratique et entamer la confiance vis-\u00e0-vis des repr\u00e9sentants politiques\u00a0\u00bb, a poursuivi cette derni\u00e8re en reprochant \u00e0 la d\u00e9put\u00e9e de \u00ab\u00a0ne pas respecter les concitoyens de la 7e circonscription en ne leur permettant pas de b\u00e9n\u00e9ficier d\u2019une retraite en bonne sant\u00e9, avec des niveaux de pension respectables\u00a0\u00bb.<\/p>\n<p>\u00ab\u00a0Le corps social est attaqu\u00e9 depuis deux ans et l\u2019extr\u00eame droite attend dans l\u2019ombre\u00a0\u00bb, craint, quant \u00e0 lui, Maxime Touz\u00e9, porte-parole de l\u2019UDB. \u00ab\u00a0Il faut se battre pas seulement pour les retraites mais \u00e9galement pour la transition \u00e9cologique qui est aussi un enjeu, particuli\u00e8rement dans le Pays bigouden et dans bien d\u2019autres r\u00e9gions du monde\u00a0\u00bb, a aussi indiqu\u00e9 Janick Moriceau, d\u2019EELV-Pays bigouden, avant que le d\u00e9part du cort\u00e8ge qui a rejoint les rues du centre-ville jusqu\u2019\u00e0 la place de la R\u00e9publique.<\/p>\n<hr \/>\n<h3 style=\"text-align: center;\">Dans Ouest France<\/h3>\n<p><a href=\"https:\/\/pcbigouden.fr\/wp-content\/uploads\/2023\/03\/OuestFrance16mars23.jpg\"><img loading=\"lazy\" decoding=\"async\" class=\"alignnone size-full wp-image-2451\" src=\"https:\/\/pcbigouden.fr\/wp-content\/uploads\/2023\/03\/OuestFrance16mars23.jpg\" alt=\"\" width=\"915\" height=\"701\" srcset=\"https:\/\/pcbigouden.fr\/wp-content\/uploads\/2023\/03\/OuestFrance16mars23.jpg 915w, https:\/\/pcbigouden.fr\/wp-content\/uploads\/2023\/03\/OuestFrance16mars23-300x230.jpg 300w, https:\/\/pcbigouden.fr\/wp-content\/uploads\/2023\/03\/OuestFrance16mars23-768x588.jpg 768w, https:\/\/pcbigouden.fr\/wp-content\/uploads\/2023\/03\/OuestFrance16mars23-863x661.jpg 863w, https:\/\/pcbigouden.fr\/wp-content\/uploads\/2023\/03\/OuestFrance16mars23-141x108.jpg 141w\" sizes=\"auto, (max-width: 915px) 100vw, 915px\" \/><\/a><\/p>\n<p>R\u00e9forme des retraites\u00a0: \u00e0 Pont-l\u2019Abb\u00e9, 170 personnes manifestent devant la permanence de la d\u00e9put\u00e9e<br \/>\nUn rassemblement s\u2019est d\u00e9roul\u00e9, ce jeudi 16 mars, devant la permanence parlementaire de la d\u00e9put\u00e9e Liliana Tanguy (Renaissance). Les manifestants ont protest\u00e9 contre la r\u00e9forme des retraites, soutenue par l\u2019\u00e9lue. Ils \u00e9taient 170 devant le local, \u00e0 Pont-l\u2019Abb\u00e9<\/p>\n<p>R\u00e9pondant \u00e0 l\u2019appel lanc\u00e9 par plusieurs formations politiques et syndicales (Amicale la\u00efque, EELV Pays bigouden, Ensemble, FI 7e\u00a0circonscription, FSU, Nouvelle Donne, PCF, PS, Solidaires, UDB Ouest Cornouaille), 170\u00a0personnes venues de l\u2019Ouest-Cornouaille, avec de fortes d\u00e9l\u00e9gations de Douarnenez et du Pays bigouden, se sont rassembl\u00e9es, dans le calme, ce jeudi 16\u00a0mars 2023, en fin d\u2019apr\u00e8s-midi, sous une pluie fine et sous l\u2019\u0153il attentif de la gendarmerie, devant la permanence de Liliana Tanguy, d\u00e9put\u00e9e.<\/p>\n<p>Ils souhaitaient protester contre le projet de retraite voulu par Emmanuel Macron qui, par l\u2019interm\u00e9diaire de la Premi\u00e8re ministre, \u00c9lisabeth Borne, a fait adopter ce projet en utilisant l\u2019article\u00a049.3 de la Constitution.<\/p>\n<p>Ils vont poursuivre la mobilisation<br \/>\nChaque organisation a pris la parole soit en fran\u00e7ais, ou en breton\u00a0:\u00a0\u00ab\u00a0Sept Fran\u00e7ais sur 10\u00a0sont hostiles \u00e0 cette pratique sur une r\u00e9forme de cette ampleur. Quand un pr\u00e9sident n\u2019a pas de majorit\u00e9 dans le pays, ni \u00e0 l\u2019Assembl\u00e9e nationale, il doit retirer le projet. Ce 49.3\u00a0va encore aggraver la crise d\u00e9mocratique et la confiance vis-\u00e0-vis des repr\u00e9sentants politiques.\u00a0\u00bb<\/p>\n<p><a href=\"https:\/\/pcbigouden.fr\/wp-content\/uploads\/2023\/03\/OuestFrance17mars23.jpg\"><img loading=\"lazy\" decoding=\"async\" class=\"size-full wp-image-2453 aligncenter\" src=\"https:\/\/pcbigouden.fr\/wp-content\/uploads\/2023\/03\/OuestFrance17mars23.jpg\" alt=\"\" width=\"475\" height=\"804\" srcset=\"https:\/\/pcbigouden.fr\/wp-content\/uploads\/2023\/03\/OuestFrance17mars23.jpg 475w, https:\/\/pcbigouden.fr\/wp-content\/uploads\/2023\/03\/OuestFrance17mars23-177x300.jpg 177w, https:\/\/pcbigouden.fr\/wp-content\/uploads\/2023\/03\/OuestFrance17mars23-64x108.jpg 64w\" sizes=\"auto, (max-width: 475px) 100vw, 475px\" \/><\/a><\/p>\n<hr \/>\n<h3 style=\"text-align: center;\">La d\u00e9claration de Maryse Rousseau, secr\u00e9taire de la section PCF du Pays Bigouden, le 16 mars<\/h3>\n<p><span style=\"font-size: 14pt;\"><em>Nous nous sommes r\u00e9unis ce soir, pour rappeler \u00e0 Madame Liliana Tanguy, d\u00e9put\u00e9e de la 7\u00e8me circonscription du Finist\u00e8re, que le peuple est dans la rue, et qu&rsquo;on souhaitait qu&rsquo;elle vote contre ou du moins qu&rsquo;elle s&rsquo;abstienne, mais non Mr MACRON n&rsquo;ayant pas trouv\u00e9 une majorit\u00e9 malgr\u00e9 les compromis et les compromissions de derni\u00e8re minute \u00e0 d\u00e9gain\u00e9 le 49-3 .<\/em><\/span><br \/>\n<span style=\"font-size: 14pt;\"><em>Il semblerait pourtant que vous , les \u00e9lu(e)s du peuple deviez mener une politique en faveur de l\u2019int\u00e9r\u00eat g\u00e9n\u00e9ral.<\/em><\/span><\/p>\n<p><span style=\"font-size: 14pt;\"><em>Hier, 15 mars, une commission mixte parlementaire compos\u00e9e de s\u00e9nateurs et d\u00e9put\u00e9s s\u2019est r\u00e9unie \u00e0 huis clos, la transparence, depuis l&rsquo;annonce de cette r\u00e9forme est occult\u00e9e. Cette commission, comme pr\u00e9vu au regard de sa composition s&rsquo;est accord\u00e9e sur le texte de la contre-r\u00e9forme voulue par le pr\u00e9sident MACRON malgr\u00e9 un rajout de 7 pages en cours de s\u00e9ance, non discut\u00e9 au pr\u00e9alable. Nous vous rappelons que cette contre-r\u00e9forme va produire une r\u00e9gression sociale des droits des actifs et des retrait\u00e9s. Pour rappel, 70% des fran\u00e7ais sont oppos\u00e9s \u00e0 cette r\u00e9forme r\u00e9trograde, dont 92% des actifs et depuis la mi-janvier, des millions et des millions de gens sont dans la rue \u00e0 chaque journ\u00e9e de mobilisation.<\/em><\/span><\/p>\n<p><span style=\"font-size: 14pt;\"><em>A l\u2019annonce faite par Mme Borne \u00e0 15h20 mn d\u2019engager la responsabilit\u00e9 de son gouvernement avec le 49.3, 7 fran\u00e7ais sur 10 sont hostiles \u00e0 cette pratique sur une r\u00e9forme de cette ampleur.<\/em><\/span><\/p>\n<p><span style=\"font-size: 14pt;\"><em>Quand un Pr\u00e9sident n\u2019a pas de majorit\u00e9 dans le pays, ni \u00e0 l\u2019Assembl\u00e9e Nationale, il doit retirer son projet.<\/em><\/span><br \/>\n<span style=\"font-size: 14pt;\"><em>Le 49-3 va encore aggraver la crise d\u00e9mocratique et la confiance vis-\u00e0-vis des repr\u00e9sentants politiques, que nous vivons.<\/em><\/span><br \/>\n<span style=\"font-size: 14pt;\"><em>Vous Madame Tanguy, vous ne respectez pas la vie des gens qui vous entourent, vos concitoyens de la 7\u00e8me circonscription en ne leur permettant pas de b\u00e9n\u00e9ficier d&rsquo;une retraite en bonne sant\u00e9, avec des niveaux de pension respectables.<\/em><\/span><br \/>\n<span style=\"font-size: 14pt;\"><em>Madame Tanguy, vous \u00eates personnellement responsable de cette situation que nous vivons aujourd&rsquo;hui 16 mars 2023 et vous serez seule comptable de la situation engendr\u00e9e par cette politique men\u00e9e par vos amis de Renaissance.<\/em><\/span><br \/>\n<span style=\"font-size: 14pt;\"><em>Il faut respecter la l\u00e9gitimit\u00e9 du monde du travail , tr\u00e8s majoritairement oppos\u00e9 \u00e0 votre r\u00e9forme des retraites et laisser les Fran\u00e7ais trancher par un referendum.<\/em><\/span><br \/>\n<span style=\"font-size: 14pt;\"><em>La mobilisation ne s\u2019arr\u00eatera pas ce jour et nous, tous ensemble nous la poursuivrons.<\/em><\/span><\/p>\n<hr \/>\n<h4 style=\"text-align: center;\">D\u00e9claration du PCF : Le recours au 49.3 est une premi\u00e8re d\u00e9faite pour le gouvernement :<a href=\"https:\/\/www.pcf.fr\/le_recours_au_49_3_est_une_premiere_defaite_pour_le_gouvernement_la_r_forme_macron_est_minoritaire_dans_le_pays_elle_l_est_aussi_l_assemblee_nationale\" target=\"_blank\" rel=\"noopener\">https:\/\/www.pcf.fr\/le_recours_au_49_3_est_une_premiere_defaite_pour_le_gouvernement_la_r_forme_macron_est_minoritaire_dans_le_pays_elle_l_est_aussi_l_assemblee_nationale<\/a><\/h4>\n","protected":false},"excerpt":{"rendered":"<p>Dans Le T\u00e9l\u00e9gramme Pour protester contre la r\u00e9forme des retraites, plus de 150 manifestants se sont rassembl\u00e9s devant la permanence de la d\u00e9put\u00e9e Liliana Tanguy, ce jeudi 16\u00a0mars \u00e0 Pont l\u2019Abb\u00e9, avant de d\u00e9filer dans les rues du centre-ville. \u00ab\u00a0Nous ne battrons pas en retraite\u00a0\u00bb, pouvait-on lire sur la pancarte cette militante de la France &hellip; <a href=\"https:\/\/pcbigouden.fr\/?p=2446\" class=\"more-link\">Continue reading <span class=\"screen-reader-text\">Pont L&rsquo;Abb\u00e9. Rassemblement de protestation devant le local de la d\u00e9put\u00e9e.<\/span><\/a><\/p>\n","protected":false},"author":6,"featured_media":0,"comment_status":"closed","ping_status":"closed","sticky":false,"template":"","format":"standard","meta":{"_jetpack_memberships_contains_paid_content":false,"footnotes":""},"categories":[2,10],"tags":[21,152,153],"class_list":["post-2446","post","type-post","status-publish","format-standard","hentry","category-democratie","category-retraites","tag-democratie","tag-deputee","tag-tanguy"],"yoast_head":"<!-- This site is optimized with the Yoast SEO plugin v27.5 - https:\/\/yoast.com\/product\/yoast-seo-wordpress\/ -->\n<title>Pont L&#039;Abb\u00e9. Rassemblement de protestation devant le local de la d\u00e9put\u00e9e. - PCF Pays Bigouden<\/title>\n<meta name=\"robots\" content=\"index, follow, max-snippet:-1, max-image-preview:large, max-video-preview:-1\" \/>\n<link rel=\"canonical\" href=\"https:\/\/pcbigouden.fr\/?p=2446\" \/>\n<meta property=\"og:locale\" content=\"fr_FR\" \/>\n<meta property=\"og:type\" content=\"article\" \/>\n<meta property=\"og:title\" content=\"Pont L&#039;Abb\u00e9. Rassemblement de protestation devant le local de la d\u00e9put\u00e9e. - PCF Pays Bigouden\" \/>\n<meta property=\"og:description\" content=\"Dans Le T\u00e9l\u00e9gramme Pour protester contre la r\u00e9forme des retraites, plus de 150 manifestants se sont rassembl\u00e9s devant la permanence de la d\u00e9put\u00e9e Liliana Tanguy, ce jeudi 16\u00a0mars \u00e0 Pont l\u2019Abb\u00e9, avant de d\u00e9filer dans les rues du centre-ville. \u00ab\u00a0Nous ne battrons pas en retraite\u00a0\u00bb, pouvait-on lire sur la pancarte cette militante de la France &hellip; Continue reading Pont L&rsquo;Abb\u00e9. Rassemblement de protestation devant le local de la d\u00e9put\u00e9e.\" \/>\n<meta property=\"og:url\" content=\"https:\/\/pcbigouden.fr\/?p=2446\" \/>\n<meta property=\"og:site_name\" content=\"PCF Pays Bigouden\" \/>\n<meta property=\"article:published_time\" content=\"2023-03-17T08:22:52+00:00\" \/>\n<meta property=\"article:modified_time\" content=\"2023-03-17T13:34:49+00:00\" \/>\n<meta property=\"og:image\" content=\"https:\/\/pcbigouden.fr\/wp-content\/uploads\/2023\/03\/TelegPhoto16mars23.jpg\" \/>\n<meta name=\"author\" content=\"sierramaestra\" \/>\n<meta name=\"twitter:card\" content=\"summary_large_image\" \/>\n<meta name=\"twitter:label1\" content=\"\u00c9crit par\" \/>\n\t<meta name=\"twitter:data1\" content=\"sierramaestra\" \/>\n\t<meta name=\"twitter:label2\" content=\"Dur\u00e9e de lecture estim\u00e9e\" \/>\n\t<meta name=\"twitter:data2\" content=\"5 minutes\" \/>\n<script type=\"application\/ld+json\" class=\"yoast-schema-graph\">{\"@context\":\"https:\\\/\\\/schema.org\",\"@graph\":[{\"@type\":\"Article\",\"@id\":\"https:\\\/\\\/pcbigouden.fr\\\/?p=2446#article\",\"isPartOf\":{\"@id\":\"https:\\\/\\\/pcbigouden.fr\\\/?p=2446\"},\"author\":{\"name\":\"sierramaestra\",\"@id\":\"https:\\\/\\\/pcbigouden.fr\\\/#\\\/schema\\\/person\\\/2f88b3db41deacf169cab9e2ff83133a\"},\"headline\":\"Pont L&rsquo;Abb\u00e9. Rassemblement de protestation devant le local de la d\u00e9put\u00e9e.\",\"datePublished\":\"2023-03-17T08:22:52+00:00\",\"dateModified\":\"2023-03-17T13:34:49+00:00\",\"mainEntityOfPage\":{\"@id\":\"https:\\\/\\\/pcbigouden.fr\\\/?p=2446\"},\"wordCount\":1084,\"publisher\":{\"@id\":\"https:\\\/\\\/pcbigouden.fr\\\/#organization\"},\"image\":{\"@id\":\"https:\\\/\\\/pcbigouden.fr\\\/?p=2446#primaryimage\"},\"thumbnailUrl\":\"https:\\\/\\\/pcbigouden.fr\\\/wp-content\\\/uploads\\\/2023\\\/03\\\/TelegPhoto16mars23.jpg\",\"keywords\":[\"D\u00e9mocratie\",\"d\u00e9put\u00e9e\",\"Tanguy\"],\"articleSection\":[\"D\u00e9mocratie\",\"Retraites\"],\"inLanguage\":\"fr-FR\"},{\"@type\":\"WebPage\",\"@id\":\"https:\\\/\\\/pcbigouden.fr\\\/?p=2446\",\"url\":\"https:\\\/\\\/pcbigouden.fr\\\/?p=2446\",\"name\":\"Pont L'Abb\u00e9. Rassemblement de protestation devant le local de la d\u00e9put\u00e9e. - PCF Pays Bigouden\",\"isPartOf\":{\"@id\":\"https:\\\/\\\/pcbigouden.fr\\\/#website\"},\"primaryImageOfPage\":{\"@id\":\"https:\\\/\\\/pcbigouden.fr\\\/?p=2446#primaryimage\"},\"image\":{\"@id\":\"https:\\\/\\\/pcbigouden.fr\\\/?p=2446#primaryimage\"},\"thumbnailUrl\":\"https:\\\/\\\/pcbigouden.fr\\\/wp-content\\\/uploads\\\/2023\\\/03\\\/TelegPhoto16mars23.jpg\",\"datePublished\":\"2023-03-17T08:22:52+00:00\",\"dateModified\":\"2023-03-17T13:34:49+00:00\",\"breadcrumb\":{\"@id\":\"https:\\\/\\\/pcbigouden.fr\\\/?p=2446#breadcrumb\"},\"inLanguage\":\"fr-FR\",\"potentialAction\":[{\"@type\":\"ReadAction\",\"target\":[\"https:\\\/\\\/pcbigouden.fr\\\/?p=2446\"]}]},{\"@type\":\"ImageObject\",\"inLanguage\":\"fr-FR\",\"@id\":\"https:\\\/\\\/pcbigouden.fr\\\/?p=2446#primaryimage\",\"url\":\"https:\\\/\\\/pcbigouden.fr\\\/wp-content\\\/uploads\\\/2023\\\/03\\\/TelegPhoto16mars23.jpg\",\"contentUrl\":\"https:\\\/\\\/pcbigouden.fr\\\/wp-content\\\/uploads\\\/2023\\\/03\\\/TelegPhoto16mars23.jpg\"},{\"@type\":\"BreadcrumbList\",\"@id\":\"https:\\\/\\\/pcbigouden.fr\\\/?p=2446#breadcrumb\",\"itemListElement\":[{\"@type\":\"ListItem\",\"position\":1,\"name\":\"Accueil\",\"item\":\"https:\\\/\\\/pcbigouden.fr\\\/\"},{\"@type\":\"ListItem\",\"position\":2,\"name\":\"Pont L&rsquo;Abb\u00e9. Rassemblement de protestation devant le local de la d\u00e9put\u00e9e.\"}]},{\"@type\":\"WebSite\",\"@id\":\"https:\\\/\\\/pcbigouden.fr\\\/#website\",\"url\":\"https:\\\/\\\/pcbigouden.fr\\\/\",\"name\":\"PCF Pays Bigouden\",\"description\":\"Blog des communistes du Pays Bigouden\",\"publisher\":{\"@id\":\"https:\\\/\\\/pcbigouden.fr\\\/#organization\"},\"potentialAction\":[{\"@type\":\"SearchAction\",\"target\":{\"@type\":\"EntryPoint\",\"urlTemplate\":\"https:\\\/\\\/pcbigouden.fr\\\/?s={search_term_string}\"},\"query-input\":{\"@type\":\"PropertyValueSpecification\",\"valueRequired\":true,\"valueName\":\"search_term_string\"}}],\"inLanguage\":\"fr-FR\"},{\"@type\":\"Organization\",\"@id\":\"https:\\\/\\\/pcbigouden.fr\\\/#organization\",\"name\":\"Parti Communiste PCF Pays Bigouden\",\"url\":\"https:\\\/\\\/pcbigouden.fr\\\/\",\"logo\":{\"@type\":\"ImageObject\",\"inLanguage\":\"fr-FR\",\"@id\":\"https:\\\/\\\/pcbigouden.fr\\\/#\\\/schema\\\/logo\\\/image\\\/\",\"url\":\"https:\\\/\\\/pcbigouden.fr\\\/wp-content\\\/uploads\\\/2021\\\/10\\\/logoTB307x290.jpg\",\"contentUrl\":\"https:\\\/\\\/pcbigouden.fr\\\/wp-content\\\/uploads\\\/2021\\\/10\\\/logoTB307x290.jpg\",\"width\":307,\"height\":290,\"caption\":\"Parti Communiste PCF Pays Bigouden\"},\"image\":{\"@id\":\"https:\\\/\\\/pcbigouden.fr\\\/#\\\/schema\\\/logo\\\/image\\\/\"}},{\"@type\":\"Person\",\"@id\":\"https:\\\/\\\/pcbigouden.fr\\\/#\\\/schema\\\/person\\\/2f88b3db41deacf169cab9e2ff83133a\",\"name\":\"sierramaestra\",\"image\":{\"@type\":\"ImageObject\",\"inLanguage\":\"fr-FR\",\"@id\":\"https:\\\/\\\/secure.gravatar.com\\\/avatar\\\/5e822171bcc9a9856efba4097a35cfd35b4c239b7b552810087caf40ef8496b2?s=96&d=mm&r=g\",\"url\":\"https:\\\/\\\/secure.gravatar.com\\\/avatar\\\/5e822171bcc9a9856efba4097a35cfd35b4c239b7b552810087caf40ef8496b2?s=96&d=mm&r=g\",\"contentUrl\":\"https:\\\/\\\/secure.gravatar.com\\\/avatar\\\/5e822171bcc9a9856efba4097a35cfd35b4c239b7b552810087caf40ef8496b2?s=96&d=mm&r=g\",\"caption\":\"sierramaestra\"},\"url\":\"https:\\\/\\\/pcbigouden.fr\\\/?author=6\"}]}<\/script>\n<!-- \/ Yoast SEO plugin. -->","yoast_head_json":{"title":"Pont L'Abb\u00e9. Rassemblement de protestation devant le local de la d\u00e9put\u00e9e. - PCF Pays Bigouden","robots":{"index":"index","follow":"follow","max-snippet":"max-snippet:-1","max-image-preview":"max-image-preview:large","max-video-preview":"max-video-preview:-1"},"canonical":"https:\/\/pcbigouden.fr\/?p=2446","og_locale":"fr_FR","og_type":"article","og_title":"Pont L'Abb\u00e9. Rassemblement de protestation devant le local de la d\u00e9put\u00e9e. - PCF Pays Bigouden","og_description":"Dans Le T\u00e9l\u00e9gramme Pour protester contre la r\u00e9forme des retraites, plus de 150 manifestants se sont rassembl\u00e9s devant la permanence de la d\u00e9put\u00e9e Liliana Tanguy, ce jeudi 16\u00a0mars \u00e0 Pont l\u2019Abb\u00e9, avant de d\u00e9filer dans les rues du centre-ville. \u00ab\u00a0Nous ne battrons pas en retraite\u00a0\u00bb, pouvait-on lire sur la pancarte cette militante de la France &hellip; Continue reading Pont L&rsquo;Abb\u00e9. Rassemblement de protestation devant le local de la d\u00e9put\u00e9e.","og_url":"https:\/\/pcbigouden.fr\/?p=2446","og_site_name":"PCF Pays Bigouden","article_published_time":"2023-03-17T08:22:52+00:00","article_modified_time":"2023-03-17T13:34:49+00:00","og_image":[{"url":"https:\/\/pcbigouden.fr\/wp-content\/uploads\/2023\/03\/TelegPhoto16mars23.jpg","type":"","width":"","height":""}],"author":"sierramaestra","twitter_card":"summary_large_image","twitter_misc":{"\u00c9crit par":"sierramaestra","Dur\u00e9e de lecture estim\u00e9e":"5 minutes"},"schema":{"@context":"https:\/\/schema.org","@graph":[{"@type":"Article","@id":"https:\/\/pcbigouden.fr\/?p=2446#article","isPartOf":{"@id":"https:\/\/pcbigouden.fr\/?p=2446"},"author":{"name":"sierramaestra","@id":"https:\/\/pcbigouden.fr\/#\/schema\/person\/2f88b3db41deacf169cab9e2ff83133a"},"headline":"Pont L&rsquo;Abb\u00e9. Rassemblement de protestation devant le local de la d\u00e9put\u00e9e.","datePublished":"2023-03-17T08:22:52+00:00","dateModified":"2023-03-17T13:34:49+00:00","mainEntityOfPage":{"@id":"https:\/\/pcbigouden.fr\/?p=2446"},"wordCount":1084,"publisher":{"@id":"https:\/\/pcbigouden.fr\/#organization"},"image":{"@id":"https:\/\/pcbigouden.fr\/?p=2446#primaryimage"},"thumbnailUrl":"https:\/\/pcbigouden.fr\/wp-content\/uploads\/2023\/03\/TelegPhoto16mars23.jpg","keywords":["D\u00e9mocratie","d\u00e9put\u00e9e","Tanguy"],"articleSection":["D\u00e9mocratie","Retraites"],"inLanguage":"fr-FR"},{"@type":"WebPage","@id":"https:\/\/pcbigouden.fr\/?p=2446","url":"https:\/\/pcbigouden.fr\/?p=2446","name":"Pont L'Abb\u00e9. Rassemblement de protestation devant le local de la d\u00e9put\u00e9e. - PCF Pays Bigouden","isPartOf":{"@id":"https:\/\/pcbigouden.fr\/#website"},"primaryImageOfPage":{"@id":"https:\/\/pcbigouden.fr\/?p=2446#primaryimage"},"image":{"@id":"https:\/\/pcbigouden.fr\/?p=2446#primaryimage"},"thumbnailUrl":"https:\/\/pcbigouden.fr\/wp-content\/uploads\/2023\/03\/TelegPhoto16mars23.jpg","datePublished":"2023-03-17T08:22:52+00:00","dateModified":"2023-03-17T13:34:49+00:00","breadcrumb":{"@id":"https:\/\/pcbigouden.fr\/?p=2446#breadcrumb"},"inLanguage":"fr-FR","potentialAction":[{"@type":"ReadAction","target":["https:\/\/pcbigouden.fr\/?p=2446"]}]},{"@type":"ImageObject","inLanguage":"fr-FR","@id":"https:\/\/pcbigouden.fr\/?p=2446#primaryimage","url":"https:\/\/pcbigouden.fr\/wp-content\/uploads\/2023\/03\/TelegPhoto16mars23.jpg","contentUrl":"https:\/\/pcbigouden.fr\/wp-content\/uploads\/2023\/03\/TelegPhoto16mars23.jpg"},{"@type":"BreadcrumbList","@id":"https:\/\/pcbigouden.fr\/?p=2446#breadcrumb","itemListElement":[{"@type":"ListItem","position":1,"name":"Accueil","item":"https:\/\/pcbigouden.fr\/"},{"@type":"ListItem","position":2,"name":"Pont L&rsquo;Abb\u00e9. Rassemblement de protestation devant le local de la d\u00e9put\u00e9e."}]},{"@type":"WebSite","@id":"https:\/\/pcbigouden.fr\/#website","url":"https:\/\/pcbigouden.fr\/","name":"PCF Pays Bigouden","description":"Blog des communistes du Pays Bigouden","publisher":{"@id":"https:\/\/pcbigouden.fr\/#organization"},"potentialAction":[{"@type":"SearchAction","target":{"@type":"EntryPoint","urlTemplate":"https:\/\/pcbigouden.fr\/?s={search_term_string}"},"query-input":{"@type":"PropertyValueSpecification","valueRequired":true,"valueName":"search_term_string"}}],"inLanguage":"fr-FR"},{"@type":"Organization","@id":"https:\/\/pcbigouden.fr\/#organization","name":"Parti Communiste PCF Pays Bigouden","url":"https:\/\/pcbigouden.fr\/","logo":{"@type":"ImageObject","inLanguage":"fr-FR","@id":"https:\/\/pcbigouden.fr\/#\/schema\/logo\/image\/","url":"https:\/\/pcbigouden.fr\/wp-content\/uploads\/2021\/10\/logoTB307x290.jpg","contentUrl":"https:\/\/pcbigouden.fr\/wp-content\/uploads\/2021\/10\/logoTB307x290.jpg","width":307,"height":290,"caption":"Parti Communiste PCF Pays Bigouden"},"image":{"@id":"https:\/\/pcbigouden.fr\/#\/schema\/logo\/image\/"}},{"@type":"Person","@id":"https:\/\/pcbigouden.fr\/#\/schema\/person\/2f88b3db41deacf169cab9e2ff83133a","name":"sierramaestra","image":{"@type":"ImageObject","inLanguage":"fr-FR","@id":"https:\/\/secure.gravatar.com\/avatar\/5e822171bcc9a9856efba4097a35cfd35b4c239b7b552810087caf40ef8496b2?s=96&d=mm&r=g","url":"https:\/\/secure.gravatar.com\/avatar\/5e822171bcc9a9856efba4097a35cfd35b4c239b7b552810087caf40ef8496b2?s=96&d=mm&r=g","contentUrl":"https:\/\/secure.gravatar.com\/avatar\/5e822171bcc9a9856efba4097a35cfd35b4c239b7b552810087caf40ef8496b2?s=96&d=mm&r=g","caption":"sierramaestra"},"url":"https:\/\/pcbigouden.fr\/?author=6"}]}},"jetpack_featured_media_url":"","jetpack_sharing_enabled":true,"jetpack_likes_enabled":true,"_links":{"self":[{"href":"https:\/\/pcbigouden.fr\/index.php?rest_route=\/wp\/v2\/posts\/2446","targetHints":{"allow":["GET"]}}],"collection":[{"href":"https:\/\/pcbigouden.fr\/index.php?rest_route=\/wp\/v2\/posts"}],"about":[{"href":"https:\/\/pcbigouden.fr\/index.php?rest_route=\/wp\/v2\/types\/post"}],"author":[{"embeddable":true,"href":"https:\/\/pcbigouden.fr\/index.php?rest_route=\/wp\/v2\/users\/6"}],"replies":[{"embeddable":true,"href":"https:\/\/pcbigouden.fr\/index.php?rest_route=%2Fwp%2Fv2%2Fcomments&post=2446"}],"version-history":[{"count":9,"href":"https:\/\/pcbigouden.fr\/index.php?rest_route=\/wp\/v2\/posts\/2446\/revisions"}],"predecessor-version":[{"id":2454,"href":"https:\/\/pcbigouden.fr\/index.php?rest_route=\/wp\/v2\/posts\/2446\/revisions\/2454"}],"wp:attachment":[{"href":"https:\/\/pcbigouden.fr\/index.php?rest_route=%2Fwp%2Fv2%2Fmedia&parent=2446"}],"wp:term":[{"taxonomy":"category","embeddable":true,"href":"https:\/\/pcbigouden.fr\/index.php?rest_route=%2Fwp%2Fv2%2Fcategories&post=2446"},{"taxonomy":"post_tag","embeddable":true,"href":"https:\/\/pcbigouden.fr\/index.php?rest_route=%2Fwp%2Fv2%2Ftags&post=2446"}],"curies":[{"name":"wp","href":"https:\/\/api.w.org\/{rel}","templated":true}]}}