{"id":1723,"date":"2022-11-16T15:57:00","date_gmt":"2022-11-16T14:57:00","guid":{"rendered":"https:\/\/pcbigouden.fr\/?p=1723"},"modified":"2022-11-16T16:07:49","modified_gmt":"2022-11-16T15:07:49","slug":"lacces-a-leau-festival-des-solidarites","status":"publish","type":"post","link":"https:\/\/pcbigouden.fr\/?p=1723","title":{"rendered":"L&rsquo;acc\u00e8s \u00e0 l&rsquo;eau. Festival des solidarit\u00e9s."},"content":{"rendered":"<blockquote class=\"\">\n<div class=\"\">\n<div class=\"\">\n<div class=\"\">\n<div class=\"\">\n<blockquote class=\"\">\n<div class=\"\">\n<div class=\"\">\n<div class=\"\"><span class=\"\" style=\"color: #242424; font-size: large;\">\u00a0<\/span><\/div>\n<div class=\"\"><span class=\"\" style=\"color: #242424; font-size: large;\">Depuis des ann\u00e9es est organis\u00e9 le Festival des solidarit\u00e9s (Festisol) par les associations de solidarit\u00e9 internationale, d\u2019abord pendant une semaine, puis pendant une quinzaine.<\/span><\/div>\n<div class=\"\"><span class=\"\" style=\"color: #242424; font-size: large;\">Cette ann\u00e9e il aura lieu du 18 novembre au 4 d\u00e9cembre.<\/span><\/div>\n<div class=\"\"><span class=\"\" style=\"color: #242424; font-size: large;\">A Pont l\u2019Abb\u00e9 il est organis\u00e9 par Pont l\u2019Abb\u00e9 Solidarit\u00e9 Internationale \u00a0(PASI), collectif d\u2019associations parmi lesquelles le groupe de l\u2019AFPS du Pays de Cornouaille. Cette ann\u00e9e le th\u00e8me du Festisol est l\u2019acc\u00e8s \u00e0 l\u2019eau.<\/span><\/div>\n<\/div>\n<\/div>\n<\/blockquote>\n<\/div>\n<\/div>\n<\/div>\n<\/div>\n<\/blockquote>\n<div class=\"\"><\/div>\n<p><span class=\"\">\u00a0 \u00a0 \u00a0<\/span><b class=\"\"><span class=\"\" style=\"color: #242424;\">&#8211;<\/span><span class=\"\" style=\"font-size: large;\"><span class=\"\" style=\"color: #242424;\">17 novembre, \u00e0 18 h <\/span><span class=\"\" style=\"color: #000000;\"><span style=\"color: #ff3b20;\">30<\/span><\/span><span class=\"\" style=\"color: #242424;\">, \u00e0 la Salle Municipale de Saint Jean Trolimon: conf\u00e9rence sur le th\u00e8me \u00ab\u00a0L\u2019acc\u00e8s \u00e0 l\u2019eau en Palestine\u00a0\u00bb, donn\u00e9e par Jacques Fontaine, ma\u00eetre de conf\u00e9rence honoraire de g\u00e9ographie \u00e0 Besan\u00e7on, \u00a0 <\/span> <span class=\"\" style=\"color: #242424;\">sp\u00e9cialiste de l\u2019eau en Palestine et auteur du Cahier de formation de l\u2019AFPS sur ce th\u00e8me, ancien pr\u00e9sident du groupe de l\u2019AFPS de Besan\u00e7on et membre du Conseil National de l\u2019AFPS.\u00a0<\/span><\/span><\/b><\/p>\n<blockquote class=\"\">\n<div class=\"\">\n<div class=\"\">\n<div class=\"\">\n<blockquote class=\"\">\n<div class=\"\">\n<div class=\"\">\n<div class=\"\"><span class=\"\" style=\"color: #242424; font-size: large;\"><b class=\"\">-23 novembre, \u00e0 20 h: projection du film \u00ab Marcher sur l\u2019eau \u00bb au Cin\u00e9ville de Pont l\u2019Abb\u00e9, suivie d\u2019un d\u00e9bat; ce film a \u00e9t\u00e9 tourn\u00e9 au Nord du Niger par A\u00efssa Ma\u00efga; il a \u00e9t\u00e9 pr\u00e9sent\u00e9 au Festival de Cannes en 2021, dans la S\u00e9lection officielle. La projection du film sera suivie d\u2019un d\u00e9bat.<a href=\"https:\/\/pcbigouden.fr\/wp-content\/uploads\/2022\/11\/MarcherSurLeau.webp\"><img loading=\"lazy\" decoding=\"async\" class=\"alignnone size-full wp-image-1727\" src=\"https:\/\/pcbigouden.fr\/wp-content\/uploads\/2022\/11\/MarcherSurLeau.webp\" alt=\"\" width=\"280\" height=\"380\" srcset=\"https:\/\/pcbigouden.fr\/wp-content\/uploads\/2022\/11\/MarcherSurLeau.webp 280w, https:\/\/pcbigouden.fr\/wp-content\/uploads\/2022\/11\/MarcherSurLeau-221x300.webp 221w\" sizes=\"auto, (max-width: 280px) 100vw, 280px\" \/><\/a><\/b><\/span><\/div>\n<div class=\"\"><b class=\"\"><span class=\"\" style=\"font-size: large;\">-le 2 d\u00e9cembre \u00e0 18 h, \u00e0 la Maison Pour Tous, Rue du Petit Train, \u00e0 Pont l\u2019Abb\u00e9: projection du film \u00ab L\u2019Eau de chez nous, l\u2019eau de chez eux \u00bb de F\u00e9lix Vign\u00e9, sur l\u2019acc\u00e8s \u00e0 l\u2019eau (potable) en Palestine; le film sera suivi d\u2019un d\u00e9bat anim\u00e9 par Yves Jardin, pr\u00e9sident de l&rsquo;AFPS Cornouaille.<\/span><\/b><\/div>\n<div><a href=\"https:\/\/pcbigouden.fr\/wp-content\/uploads\/2022\/11\/LeauDeChezNous.jpeg\"><img loading=\"lazy\" decoding=\"async\" class=\"alignnone size-full wp-image-1725\" src=\"https:\/\/pcbigouden.fr\/wp-content\/uploads\/2022\/11\/LeauDeChezNous.jpeg\" alt=\"\" width=\"320\" height=\"380\" srcset=\"https:\/\/pcbigouden.fr\/wp-content\/uploads\/2022\/11\/LeauDeChezNous.jpeg 320w, https:\/\/pcbigouden.fr\/wp-content\/uploads\/2022\/11\/LeauDeChezNous-253x300.jpeg 253w\" sizes=\"auto, (max-width: 320px) 100vw, 320px\" \/><\/a><\/div>\n<\/div>\n<\/div>\n<\/blockquote>\n<\/div>\n<\/div>\n<\/div>\n<\/blockquote>\n<p>bande annonce :<iframe loading=\"lazy\" title=\"L'eau de chez nous, l'eau de chez eux\" src=\"https:\/\/www.youtube.com\/embed\/UXjzOvidnXM\" width=\"1166\" height=\"656\" frameborder=\"0\" allowfullscreen=\"allowfullscreen\"><\/iframe><\/p>\n","protected":false},"excerpt":{"rendered":"<p>\u00a0 Depuis des ann\u00e9es est organis\u00e9 le Festival des solidarit\u00e9s (Festisol) par les associations de solidarit\u00e9 internationale, d\u2019abord pendant une semaine, puis pendant une quinzaine. Cette ann\u00e9e il aura lieu du 18 novembre au 4 d\u00e9cembre. A Pont l\u2019Abb\u00e9 il est organis\u00e9 par Pont l\u2019Abb\u00e9 Solidarit\u00e9 Internationale \u00a0(PASI), collectif d\u2019associations parmi lesquelles le groupe de &hellip; <a href=\"https:\/\/pcbigouden.fr\/?p=1723\" class=\"more-link\">Continue reading <span class=\"screen-reader-text\">L&rsquo;acc\u00e8s \u00e0 l&rsquo;eau. Festival des solidarit\u00e9s.<\/span><\/a><\/p>\n","protected":false},"author":6,"featured_media":0,"comment_status":"closed","ping_status":"closed","sticky":false,"template":"","format":"standard","meta":{"_jetpack_memberships_contains_paid_content":false,"footnotes":""},"categories":[90,12],"tags":[66,70],"class_list":["post-1723","post","type-post","status-publish","format-standard","hentry","category-environnement","category-services-publics","tag-eau","tag-paalestine"],"yoast_head":"<!-- This site is optimized with the Yoast SEO plugin v27.5 - https:\/\/yoast.com\/product\/yoast-seo-wordpress\/ -->\n<title>L&#039;acc\u00e8s \u00e0 l&#039;eau. Festival des solidarit\u00e9s. - PCF Pays Bigouden<\/title>\n<meta name=\"robots\" content=\"index, follow, max-snippet:-1, max-image-preview:large, max-video-preview:-1\" \/>\n<link rel=\"canonical\" href=\"https:\/\/pcbigouden.fr\/?p=1723\" \/>\n<meta property=\"og:locale\" content=\"fr_FR\" \/>\n<meta property=\"og:type\" content=\"article\" \/>\n<meta property=\"og:title\" content=\"L&#039;acc\u00e8s \u00e0 l&#039;eau. Festival des solidarit\u00e9s. - PCF Pays Bigouden\" \/>\n<meta property=\"og:description\" content=\"\u00a0 Depuis des ann\u00e9es est organis\u00e9 le Festival des solidarit\u00e9s (Festisol) par les associations de solidarit\u00e9 internationale, d\u2019abord pendant une semaine, puis pendant une quinzaine. Cette ann\u00e9e il aura lieu du 18 novembre au 4 d\u00e9cembre. A Pont l\u2019Abb\u00e9 il est organis\u00e9 par Pont l\u2019Abb\u00e9 Solidarit\u00e9 Internationale \u00a0(PASI), collectif d\u2019associations parmi lesquelles le groupe de &hellip; Continue reading L&rsquo;acc\u00e8s \u00e0 l&rsquo;eau. Festival des solidarit\u00e9s.\" \/>\n<meta property=\"og:url\" content=\"https:\/\/pcbigouden.fr\/?p=1723\" \/>\n<meta property=\"og:site_name\" content=\"PCF Pays Bigouden\" \/>\n<meta property=\"article:published_time\" content=\"2022-11-16T14:57:00+00:00\" \/>\n<meta property=\"article:modified_time\" content=\"2022-11-16T15:07:49+00:00\" \/>\n<meta property=\"og:image\" content=\"https:\/\/pcbigouden.fr\/wp-content\/uploads\/2022\/11\/MarcherSurLeau.webp\" \/>\n<meta name=\"author\" content=\"sierramaestra\" \/>\n<meta name=\"twitter:card\" content=\"summary_large_image\" \/>\n<meta name=\"twitter:label1\" content=\"\u00c9crit par\" \/>\n\t<meta name=\"twitter:data1\" content=\"sierramaestra\" \/>\n\t<meta name=\"twitter:label2\" content=\"Dur\u00e9e de lecture estim\u00e9e\" \/>\n\t<meta name=\"twitter:data2\" content=\"1 minute\" \/>\n<script type=\"application\/ld+json\" class=\"yoast-schema-graph\">{\"@context\":\"https:\\\/\\\/schema.org\",\"@graph\":[{\"@type\":\"Article\",\"@id\":\"https:\\\/\\\/pcbigouden.fr\\\/?p=1723#article\",\"isPartOf\":{\"@id\":\"https:\\\/\\\/pcbigouden.fr\\\/?p=1723\"},\"author\":{\"name\":\"sierramaestra\",\"@id\":\"https:\\\/\\\/pcbigouden.fr\\\/#\\\/schema\\\/person\\\/2f88b3db41deacf169cab9e2ff83133a\"},\"headline\":\"L&rsquo;acc\u00e8s \u00e0 l&rsquo;eau. Festival des solidarit\u00e9s.\",\"datePublished\":\"2022-11-16T14:57:00+00:00\",\"dateModified\":\"2022-11-16T15:07:49+00:00\",\"mainEntityOfPage\":{\"@id\":\"https:\\\/\\\/pcbigouden.fr\\\/?p=1723\"},\"wordCount\":289,\"publisher\":{\"@id\":\"https:\\\/\\\/pcbigouden.fr\\\/#organization\"},\"image\":{\"@id\":\"https:\\\/\\\/pcbigouden.fr\\\/?p=1723#primaryimage\"},\"thumbnailUrl\":\"https:\\\/\\\/pcbigouden.fr\\\/wp-content\\\/uploads\\\/2022\\\/11\\\/MarcherSurLeau.webp\",\"keywords\":[\"eau\",\"Palestine\"],\"articleSection\":[\"Environnement\",\"Services Publics\"],\"inLanguage\":\"fr-FR\"},{\"@type\":\"WebPage\",\"@id\":\"https:\\\/\\\/pcbigouden.fr\\\/?p=1723\",\"url\":\"https:\\\/\\\/pcbigouden.fr\\\/?p=1723\",\"name\":\"L'acc\u00e8s \u00e0 l'eau. Festival des solidarit\u00e9s. - PCF Pays Bigouden\",\"isPartOf\":{\"@id\":\"https:\\\/\\\/pcbigouden.fr\\\/#website\"},\"primaryImageOfPage\":{\"@id\":\"https:\\\/\\\/pcbigouden.fr\\\/?p=1723#primaryimage\"},\"image\":{\"@id\":\"https:\\\/\\\/pcbigouden.fr\\\/?p=1723#primaryimage\"},\"thumbnailUrl\":\"https:\\\/\\\/pcbigouden.fr\\\/wp-content\\\/uploads\\\/2022\\\/11\\\/MarcherSurLeau.webp\",\"datePublished\":\"2022-11-16T14:57:00+00:00\",\"dateModified\":\"2022-11-16T15:07:49+00:00\",\"breadcrumb\":{\"@id\":\"https:\\\/\\\/pcbigouden.fr\\\/?p=1723#breadcrumb\"},\"inLanguage\":\"fr-FR\",\"potentialAction\":[{\"@type\":\"ReadAction\",\"target\":[\"https:\\\/\\\/pcbigouden.fr\\\/?p=1723\"]}]},{\"@type\":\"ImageObject\",\"inLanguage\":\"fr-FR\",\"@id\":\"https:\\\/\\\/pcbigouden.fr\\\/?p=1723#primaryimage\",\"url\":\"https:\\\/\\\/pcbigouden.fr\\\/wp-content\\\/uploads\\\/2022\\\/11\\\/MarcherSurLeau.webp\",\"contentUrl\":\"https:\\\/\\\/pcbigouden.fr\\\/wp-content\\\/uploads\\\/2022\\\/11\\\/MarcherSurLeau.webp\",\"width\":280,\"height\":380},{\"@type\":\"BreadcrumbList\",\"@id\":\"https:\\\/\\\/pcbigouden.fr\\\/?p=1723#breadcrumb\",\"itemListElement\":[{\"@type\":\"ListItem\",\"position\":1,\"name\":\"Accueil\",\"item\":\"https:\\\/\\\/pcbigouden.fr\\\/\"},{\"@type\":\"ListItem\",\"position\":2,\"name\":\"L&rsquo;acc\u00e8s \u00e0 l&rsquo;eau. Festival des solidarit\u00e9s.\"}]},{\"@type\":\"WebSite\",\"@id\":\"https:\\\/\\\/pcbigouden.fr\\\/#website\",\"url\":\"https:\\\/\\\/pcbigouden.fr\\\/\",\"name\":\"PCF Pays Bigouden\",\"description\":\"Blog des communistes du Pays Bigouden\",\"publisher\":{\"@id\":\"https:\\\/\\\/pcbigouden.fr\\\/#organization\"},\"potentialAction\":[{\"@type\":\"SearchAction\",\"target\":{\"@type\":\"EntryPoint\",\"urlTemplate\":\"https:\\\/\\\/pcbigouden.fr\\\/?s={search_term_string}\"},\"query-input\":{\"@type\":\"PropertyValueSpecification\",\"valueRequired\":true,\"valueName\":\"search_term_string\"}}],\"inLanguage\":\"fr-FR\"},{\"@type\":\"Organization\",\"@id\":\"https:\\\/\\\/pcbigouden.fr\\\/#organization\",\"name\":\"Parti Communiste PCF Pays Bigouden\",\"url\":\"https:\\\/\\\/pcbigouden.fr\\\/\",\"logo\":{\"@type\":\"ImageObject\",\"inLanguage\":\"fr-FR\",\"@id\":\"https:\\\/\\\/pcbigouden.fr\\\/#\\\/schema\\\/logo\\\/image\\\/\",\"url\":\"https:\\\/\\\/pcbigouden.fr\\\/wp-content\\\/uploads\\\/2021\\\/10\\\/logoTB307x290.jpg\",\"contentUrl\":\"https:\\\/\\\/pcbigouden.fr\\\/wp-content\\\/uploads\\\/2021\\\/10\\\/logoTB307x290.jpg\",\"width\":307,\"height\":290,\"caption\":\"Parti Communiste PCF Pays Bigouden\"},\"image\":{\"@id\":\"https:\\\/\\\/pcbigouden.fr\\\/#\\\/schema\\\/logo\\\/image\\\/\"}},{\"@type\":\"Person\",\"@id\":\"https:\\\/\\\/pcbigouden.fr\\\/#\\\/schema\\\/person\\\/2f88b3db41deacf169cab9e2ff83133a\",\"name\":\"sierramaestra\",\"image\":{\"@type\":\"ImageObject\",\"inLanguage\":\"fr-FR\",\"@id\":\"https:\\\/\\\/secure.gravatar.com\\\/avatar\\\/5e822171bcc9a9856efba4097a35cfd35b4c239b7b552810087caf40ef8496b2?s=96&d=mm&r=g\",\"url\":\"https:\\\/\\\/secure.gravatar.com\\\/avatar\\\/5e822171bcc9a9856efba4097a35cfd35b4c239b7b552810087caf40ef8496b2?s=96&d=mm&r=g\",\"contentUrl\":\"https:\\\/\\\/secure.gravatar.com\\\/avatar\\\/5e822171bcc9a9856efba4097a35cfd35b4c239b7b552810087caf40ef8496b2?s=96&d=mm&r=g\",\"caption\":\"sierramaestra\"},\"url\":\"https:\\\/\\\/pcbigouden.fr\\\/?author=6\"}]}<\/script>\n<!-- \/ Yoast SEO plugin. -->","yoast_head_json":{"title":"L'acc\u00e8s \u00e0 l'eau. Festival des solidarit\u00e9s. - PCF Pays Bigouden","robots":{"index":"index","follow":"follow","max-snippet":"max-snippet:-1","max-image-preview":"max-image-preview:large","max-video-preview":"max-video-preview:-1"},"canonical":"https:\/\/pcbigouden.fr\/?p=1723","og_locale":"fr_FR","og_type":"article","og_title":"L'acc\u00e8s \u00e0 l'eau. Festival des solidarit\u00e9s. - PCF Pays Bigouden","og_description":"\u00a0 Depuis des ann\u00e9es est organis\u00e9 le Festival des solidarit\u00e9s (Festisol) par les associations de solidarit\u00e9 internationale, d\u2019abord pendant une semaine, puis pendant une quinzaine. Cette ann\u00e9e il aura lieu du 18 novembre au 4 d\u00e9cembre. A Pont l\u2019Abb\u00e9 il est organis\u00e9 par Pont l\u2019Abb\u00e9 Solidarit\u00e9 Internationale \u00a0(PASI), collectif d\u2019associations parmi lesquelles le groupe de &hellip; Continue reading L&rsquo;acc\u00e8s \u00e0 l&rsquo;eau. Festival des solidarit\u00e9s.","og_url":"https:\/\/pcbigouden.fr\/?p=1723","og_site_name":"PCF Pays Bigouden","article_published_time":"2022-11-16T14:57:00+00:00","article_modified_time":"2022-11-16T15:07:49+00:00","og_image":[{"url":"https:\/\/pcbigouden.fr\/wp-content\/uploads\/2022\/11\/MarcherSurLeau.webp","type":"","width":"","height":""}],"author":"sierramaestra","twitter_card":"summary_large_image","twitter_misc":{"\u00c9crit par":"sierramaestra","Dur\u00e9e de lecture estim\u00e9e":"1 minute"},"schema":{"@context":"https:\/\/schema.org","@graph":[{"@type":"Article","@id":"https:\/\/pcbigouden.fr\/?p=1723#article","isPartOf":{"@id":"https:\/\/pcbigouden.fr\/?p=1723"},"author":{"name":"sierramaestra","@id":"https:\/\/pcbigouden.fr\/#\/schema\/person\/2f88b3db41deacf169cab9e2ff83133a"},"headline":"L&rsquo;acc\u00e8s \u00e0 l&rsquo;eau. Festival des solidarit\u00e9s.","datePublished":"2022-11-16T14:57:00+00:00","dateModified":"2022-11-16T15:07:49+00:00","mainEntityOfPage":{"@id":"https:\/\/pcbigouden.fr\/?p=1723"},"wordCount":289,"publisher":{"@id":"https:\/\/pcbigouden.fr\/#organization"},"image":{"@id":"https:\/\/pcbigouden.fr\/?p=1723#primaryimage"},"thumbnailUrl":"https:\/\/pcbigouden.fr\/wp-content\/uploads\/2022\/11\/MarcherSurLeau.webp","keywords":["eau","Palestine"],"articleSection":["Environnement","Services Publics"],"inLanguage":"fr-FR"},{"@type":"WebPage","@id":"https:\/\/pcbigouden.fr\/?p=1723","url":"https:\/\/pcbigouden.fr\/?p=1723","name":"L'acc\u00e8s \u00e0 l'eau. Festival des solidarit\u00e9s. - PCF Pays Bigouden","isPartOf":{"@id":"https:\/\/pcbigouden.fr\/#website"},"primaryImageOfPage":{"@id":"https:\/\/pcbigouden.fr\/?p=1723#primaryimage"},"image":{"@id":"https:\/\/pcbigouden.fr\/?p=1723#primaryimage"},"thumbnailUrl":"https:\/\/pcbigouden.fr\/wp-content\/uploads\/2022\/11\/MarcherSurLeau.webp","datePublished":"2022-11-16T14:57:00+00:00","dateModified":"2022-11-16T15:07:49+00:00","breadcrumb":{"@id":"https:\/\/pcbigouden.fr\/?p=1723#breadcrumb"},"inLanguage":"fr-FR","potentialAction":[{"@type":"ReadAction","target":["https:\/\/pcbigouden.fr\/?p=1723"]}]},{"@type":"ImageObject","inLanguage":"fr-FR","@id":"https:\/\/pcbigouden.fr\/?p=1723#primaryimage","url":"https:\/\/pcbigouden.fr\/wp-content\/uploads\/2022\/11\/MarcherSurLeau.webp","contentUrl":"https:\/\/pcbigouden.fr\/wp-content\/uploads\/2022\/11\/MarcherSurLeau.webp","width":280,"height":380},{"@type":"BreadcrumbList","@id":"https:\/\/pcbigouden.fr\/?p=1723#breadcrumb","itemListElement":[{"@type":"ListItem","position":1,"name":"Accueil","item":"https:\/\/pcbigouden.fr\/"},{"@type":"ListItem","position":2,"name":"L&rsquo;acc\u00e8s \u00e0 l&rsquo;eau. Festival des solidarit\u00e9s."}]},{"@type":"WebSite","@id":"https:\/\/pcbigouden.fr\/#website","url":"https:\/\/pcbigouden.fr\/","name":"PCF Pays Bigouden","description":"Blog des communistes du Pays Bigouden","publisher":{"@id":"https:\/\/pcbigouden.fr\/#organization"},"potentialAction":[{"@type":"SearchAction","target":{"@type":"EntryPoint","urlTemplate":"https:\/\/pcbigouden.fr\/?s={search_term_string}"},"query-input":{"@type":"PropertyValueSpecification","valueRequired":true,"valueName":"search_term_string"}}],"inLanguage":"fr-FR"},{"@type":"Organization","@id":"https:\/\/pcbigouden.fr\/#organization","name":"Parti Communiste PCF Pays Bigouden","url":"https:\/\/pcbigouden.fr\/","logo":{"@type":"ImageObject","inLanguage":"fr-FR","@id":"https:\/\/pcbigouden.fr\/#\/schema\/logo\/image\/","url":"https:\/\/pcbigouden.fr\/wp-content\/uploads\/2021\/10\/logoTB307x290.jpg","contentUrl":"https:\/\/pcbigouden.fr\/wp-content\/uploads\/2021\/10\/logoTB307x290.jpg","width":307,"height":290,"caption":"Parti Communiste PCF Pays Bigouden"},"image":{"@id":"https:\/\/pcbigouden.fr\/#\/schema\/logo\/image\/"}},{"@type":"Person","@id":"https:\/\/pcbigouden.fr\/#\/schema\/person\/2f88b3db41deacf169cab9e2ff83133a","name":"sierramaestra","image":{"@type":"ImageObject","inLanguage":"fr-FR","@id":"https:\/\/secure.gravatar.com\/avatar\/5e822171bcc9a9856efba4097a35cfd35b4c239b7b552810087caf40ef8496b2?s=96&d=mm&r=g","url":"https:\/\/secure.gravatar.com\/avatar\/5e822171bcc9a9856efba4097a35cfd35b4c239b7b552810087caf40ef8496b2?s=96&d=mm&r=g","contentUrl":"https:\/\/secure.gravatar.com\/avatar\/5e822171bcc9a9856efba4097a35cfd35b4c239b7b552810087caf40ef8496b2?s=96&d=mm&r=g","caption":"sierramaestra"},"url":"https:\/\/pcbigouden.fr\/?author=6"}]}},"jetpack_featured_media_url":"","jetpack_sharing_enabled":true,"jetpack_likes_enabled":true,"_links":{"self":[{"href":"https:\/\/pcbigouden.fr\/index.php?rest_route=\/wp\/v2\/posts\/1723","targetHints":{"allow":["GET"]}}],"collection":[{"href":"https:\/\/pcbigouden.fr\/index.php?rest_route=\/wp\/v2\/posts"}],"about":[{"href":"https:\/\/pcbigouden.fr\/index.php?rest_route=\/wp\/v2\/types\/post"}],"author":[{"embeddable":true,"href":"https:\/\/pcbigouden.fr\/index.php?rest_route=\/wp\/v2\/users\/6"}],"replies":[{"embeddable":true,"href":"https:\/\/pcbigouden.fr\/index.php?rest_route=%2Fwp%2Fv2%2Fcomments&post=1723"}],"version-history":[{"count":0,"href":"https:\/\/pcbigouden.fr\/index.php?rest_route=\/wp\/v2\/posts\/1723\/revisions"}],"wp:attachment":[{"href":"https:\/\/pcbigouden.fr\/index.php?rest_route=%2Fwp%2Fv2%2Fmedia&parent=1723"}],"wp:term":[{"taxonomy":"category","embeddable":true,"href":"https:\/\/pcbigouden.fr\/index.php?rest_route=%2Fwp%2Fv2%2Fcategories&post=1723"},{"taxonomy":"post_tag","embeddable":true,"href":"https:\/\/pcbigouden.fr\/index.php?rest_route=%2Fwp%2Fv2%2Ftags&post=1723"}],"curies":[{"name":"wp","href":"https:\/\/api.w.org\/{rel}","templated":true}]}}