{"id":1706,"date":"2022-11-16T12:26:37","date_gmt":"2022-11-16T11:26:37","guid":{"rendered":"https:\/\/pcbigouden.fr\/?p=1706"},"modified":"2023-04-01T14:44:25","modified_gmt":"2023-04-01T12:44:25","slug":"notre-camarade-michel-noennec-est-le-monsieur-meteo-de-pont-labbe","status":"publish","type":"post","link":"https:\/\/pcbigouden.fr\/?p=1706","title":{"rendered":"Notre camarade Michel No\u00ebnnec est le Mr M\u00e9t\u00e9o de Pont L&rsquo;Abb\u00e9"},"content":{"rendered":"<figure class=\"article__main__figure non-paywall\"><figcaption class=\"article__main__figcaption\"><a href=\"https:\/\/pcbigouden.fr\/wp-content\/uploads\/2022\/11\/MichelNoennec_Teleg2022.jpeg\"><img loading=\"lazy\" decoding=\"async\" class=\"alignnone size-full wp-image-1712\" src=\"https:\/\/pcbigouden.fr\/wp-content\/uploads\/2022\/11\/MichelNoennec_Teleg2022.jpeg\" alt=\"\" width=\"676\" height=\"437\" srcset=\"https:\/\/pcbigouden.fr\/wp-content\/uploads\/2022\/11\/MichelNoennec_Teleg2022.jpeg 676w, https:\/\/pcbigouden.fr\/wp-content\/uploads\/2022\/11\/MichelNoennec_Teleg2022-300x194.jpeg 300w, https:\/\/pcbigouden.fr\/wp-content\/uploads\/2022\/11\/MichelNoennec_Teleg2022-464x300.jpeg 464w\" sizes=\"auto, (max-width: 676px) 100vw, 676px\" \/><\/a>Michel No\u00ebnnec, dans son jardin, avec sa loupe, devant ses appareils de mesure. (Le T\u00e9l\u00e9gramme\/Steven Lecornu)<\/figcaption><\/figure>\n<p style=\"text-align: center;\"><em>&#8211; article paru dans Le T\u00e9l\u00e9gramme en Octobre 2022 &#8211;<\/em><\/p>\n<h2 class=\"article__chapo non-paywall\">Depuis plus de trente ans, Michel No\u00ebnnec rel\u00e8ve quotidiennement les informations m\u00e9t\u00e9orologiques. Chiffres \u00e0 l\u2018appui, le Pont-l\u2019Abbiste confirme que l\u2019ann\u00e9e 2022 est tout \u00e0 fait exceptionnelle.<\/h2>\n<p><!--more--><\/p>\n<div class=\"article__content noscript paywall\" style=\"text-align: center;\">\n<p>Il a plu ces derniers jours. Ce lundi 17 octobre, le d\u00e9partement du Finist\u00e8re passait en\u00a0<a href=\"https:\/\/www.letelegramme.fr\/finistere\/allegement-des-restrictions-d-usage-de-l-eau-dans-le-finistere-mais-la-situation-reste-tendue-17-10-2022-13202023.php\" target=\"_blank\" rel=\"noopener\">\u00ab\u00a0alerte renforc\u00e9e\u00a0\u00bb<\/a>. C\u2019est mieux, n\u2019emp\u00eache, la situation reste<a href=\"https:\/\/www.letelegramme.fr\/bretagne\/secheresse-en-bretagne-pas-encore-de-pluies-suffisantes-pour-recharger-les-nappes-11-10-2022-13197989.php\" target=\"_blank\" rel=\"noopener\">\u00a0toujours critique<\/a>\u00a0notamment au niveau de la r\u00e9serve du Moulin Neuf, \u00e0 Plon\u00e9our-Lanvern. La pluviom\u00e9trie parle d\u2019elle-m\u00eame.<\/p>\n<p>Depuis janvier 2022, il est tomb\u00e9 478,2 millim\u00e8tres de pluie \u00e0 Pont-l\u2019Abb\u00e9. Seulement 8,2 mm en mai et 4,2 mm en juillet\u00a0! \u00ab\u00a0C\u2019est pire qu\u2019en 1976\u00a0!\u00a0\u00bb, s\u2019alarme Michel No\u00ebnnec. Le m\u00e9t\u00e9orologue amateur \u00e9taye son affirmation avec des chiffres pr\u00e9cis.<\/p>\n<p>Fin septembre 1976, il \u00e9tait tomb\u00e9 448 mm (relev\u00e9 \u00e0 Quimper, pas de station encore \u00e0 Pont-l\u2019Abb\u00e9) contre 398 mm fin septembre 2022 dans la capitale bigoud\u00e8ne. Le Pont-l\u2019Abbiste rappelle que la s\u00e9cheresse de 1976 avait d\u00e9but\u00e9 en 1975. L\u00e0 encore, on retrouve des similitudes avec 2022 puisque 2021 a \u00e9t\u00e9 particuli\u00e8rement s\u00e8che. C\u2019est m\u00eame l\u2019une des ann\u00e9es les plus arides de la d\u00e9cennie (950,2 mm de pluie \u00e0 Pont-l\u2019Abb\u00e9).<\/p>\n<h2>Observateur b\u00e9n\u00e9vole pour M\u00e9t\u00e9o France depuis 1993<\/h2>\n<p>Depuis 1989, Michel No\u00ebnnec rel\u00e8ve quotidiennement les temp\u00e9ratures minimales et maximales, la pluviosit\u00e9, la pression atmosph\u00e9rique et l\u2018hygrom\u00e9trie. Avec m\u00e9thode et rigueur. En 1993, il devient observateur b\u00e9n\u00e9vole pour M\u00e9t\u00e9o France, au sein du r\u00e9seau rattach\u00e9 \u00e0 la station de Brest-Guipavas. Ses observations sont alors consign\u00e9es sur des formulaires et transmises \u00e0 chaque fin de mois par voie postale. Michel No\u00ebnnec a tout conserv\u00e9. Pr\u00e9cieusement. Sa pile de documents est impressionnante. Le b\u00e9n\u00e9vole n\u2019a jamais failli \u00e0 sa mission. Pas une seule fois. \u00ab\u00a0En cas d\u2019absence, je demandais \u00e0 mes filles ou \u00e0 mes voisins de prendre le relais\u00a0\u00bb, explique cet ancien dessinateur \u00e0 l\u2019\u00e9quipement.<\/p>\n<figure><img decoding=\"async\" title=\"Michel No\u00ebnnec poss\u00e8de \u00e9galement un appareil qui rel\u00e8ve la pluviom\u00e9trie dans son jardin \u00e0 Pont-l\u2019Abb\u00e9.\" src=\"https:\/\/www.letelegramme.fr\/images\/2022\/10\/18\/michel-noennec-possede-egalement-un-appareil-qui-releve-la_6962346_576x357p.jpg\" alt=\"Michel No\u00ebnnec poss\u00e8de \u00e9galement un appareil qui rel\u00e8ve la pluviom\u00e9trie dans son jardin \u00e0 Pont-l\u2019Abb\u00e9.\" \/><figcaption>Michel No\u00ebnnec poss\u00e8de \u00e9galement un appareil qui rel\u00e8ve la pluviom\u00e9trie dans son jardin \u00e0 Pont-l\u2019Abb\u00e9. (Le T\u00e9l\u00e9gramme\/Steven Lecornu)<\/figcaption><\/figure>\n<h2>72 jours o\u00f9 la temp\u00e9rature a d\u00e9pass\u00e9 les 25 \u00b0C en 2022\u00a0!<\/h2>\n<p>L\u2019aventure aura dur\u00e9 vingt-neuf ans. La collaboration avec M\u00e9t\u00e9o France vient de cesser. C\u2019\u00e9tait in\u00e9luctable. L\u2019ensemble des b\u00e9n\u00e9voles (2\u00a0300 au total en France) de l\u2019organisme scientifique sont tous progressivement remplac\u00e9s par des stations automatiques. Un syst\u00e8me informatis\u00e9 plus pr\u00e9cis qui effectue des relev\u00e9s heure par heure. Pas de quoi affecter le moral de Michel No\u00ebnnec qui a conserv\u00e9 son poste climatologique. Le passionn\u00e9 continue inlassablement d\u2019effectuer ses relev\u00e9s quotidiens. Des donn\u00e9es qui confirment que 2022 n\u2019est d\u00e9cid\u00e9ment pas une ann\u00e9e comme les autres. Depuis janvier, le Pont-l\u2019Abbiste a compt\u00e9 72 jours o\u00f9 la temp\u00e9rature a d\u00e9pass\u00e9 les 25 \u00b0C (contre 44 jours en 1976 \u00e0 Quimper) et 26 jours o\u00f9 elle a d\u00e9pass\u00e9 30 \u00b0C. Un record depuis 1993.<\/p>\n<p>\u00c0 titre de comparaison, entre 2007 et 2011, on ne compte aucun jour d\u00e9passant les 30 \u00b0C, m\u00eame chose en 2002\u00a0! Ce mardi 18 octobre, le thermom\u00e8tre est mont\u00e9 jusqu\u2019\u00e0 19,8 \u00b0C \u00e0 Pont-l\u2019Abb\u00e9. \u00ab\u00a0Rien d\u2019anormal\u00a0\u00bb, commente Michel No\u00ebnnec. Les pr\u00e9visions\u00a0? \u00ab\u00a0Je ne suis pas Madame Soleil\u00a0!\u00a0\u00bb, s\u2019amuse ce bon vivant qui se d\u00e9fend de faire la pluie et le beau temps.<\/p>\n<p>****************************************<\/p>\n<\/div>\n<div class=\"article__content noscript paywall\" style=\"text-align: center;\">\n<p><em>photos plus anciennes<\/em><\/p>\n<hr \/>\n<p><a href=\"https:\/\/pcbigouden.fr\/wp-content\/uploads\/2022\/11\/MichelNoennec_Teleg.jpeg\"><img loading=\"lazy\" decoding=\"async\" class=\"alignnone size-full wp-image-1710\" src=\"https:\/\/pcbigouden.fr\/wp-content\/uploads\/2022\/11\/MichelNoennec_Teleg.jpeg\" alt=\"\" width=\"545\" height=\"409\" srcset=\"https:\/\/pcbigouden.fr\/wp-content\/uploads\/2022\/11\/MichelNoennec_Teleg.jpeg 545w, https:\/\/pcbigouden.fr\/wp-content\/uploads\/2022\/11\/MichelNoennec_Teleg-300x225.jpeg 300w, https:\/\/pcbigouden.fr\/wp-content\/uploads\/2022\/11\/MichelNoennec_Teleg-400x300.jpeg 400w\" sizes=\"auto, (max-width: 545px) 100vw, 545px\" \/><\/a><\/p>\n<\/div>\n<p><a href=\"https:\/\/pcbigouden.fr\/wp-content\/uploads\/2022\/11\/MichelNoennec_OF.jpeg\"><img loading=\"lazy\" decoding=\"async\" class=\"alignnone size-full wp-image-1711\" src=\"https:\/\/pcbigouden.fr\/wp-content\/uploads\/2022\/11\/MichelNoennec_OF.jpeg\" alt=\"\" width=\"940\" height=\"632\" srcset=\"https:\/\/pcbigouden.fr\/wp-content\/uploads\/2022\/11\/MichelNoennec_OF.jpeg 940w, https:\/\/pcbigouden.fr\/wp-content\/uploads\/2022\/11\/MichelNoennec_OF-300x202.jpeg 300w, https:\/\/pcbigouden.fr\/wp-content\/uploads\/2022\/11\/MichelNoennec_OF-768x516.jpeg 768w, https:\/\/pcbigouden.fr\/wp-content\/uploads\/2022\/11\/MichelNoennec_OF-446x300.jpeg 446w\" sizes=\"auto, (max-width: 940px) 100vw, 940px\" \/><\/a><\/p>\n<hr \/>\n<p style=\"text-align: center;\">****************************************<\/p>\n<p><span style=\"font-size: 12pt;\"><strong>Michel est aussi notre \u00e9claireur sonore lors des manifestations avec son v\u00e9lo-klaxon<\/strong><\/span><\/p>\n<p><a href=\"https:\/\/pcbigouden.fr\/wp-content\/uploads\/2022\/11\/MichelNoennec.jpeg\"><img loading=\"lazy\" decoding=\"async\" class=\"alignnone size-full wp-image-1718\" src=\"https:\/\/pcbigouden.fr\/wp-content\/uploads\/2022\/11\/MichelNoennec.jpeg\" alt=\"\" width=\"960\" height=\"1280\" srcset=\"https:\/\/pcbigouden.fr\/wp-content\/uploads\/2022\/11\/MichelNoennec.jpeg 960w, https:\/\/pcbigouden.fr\/wp-content\/uploads\/2022\/11\/MichelNoennec-225x300.jpeg 225w, https:\/\/pcbigouden.fr\/wp-content\/uploads\/2022\/11\/MichelNoennec-768x1024.jpeg 768w\" sizes=\"auto, (max-width: 960px) 100vw, 960px\" \/><\/a><\/p>\n","protected":false},"excerpt":{"rendered":"<p>Michel No\u00ebnnec, dans son jardin, avec sa loupe, devant ses appareils de mesure. (Le T\u00e9l\u00e9gramme\/Steven Lecornu) &#8211; article paru dans Le T\u00e9l\u00e9gramme en Octobre 2022 &#8211; Depuis plus de trente ans, Michel No\u00ebnnec rel\u00e8ve quotidiennement les informations m\u00e9t\u00e9orologiques. Chiffres \u00e0 l\u2018appui, le Pont-l\u2019Abbiste confirme que l\u2019ann\u00e9e 2022 est tout \u00e0 fait exceptionnelle.<\/p>\n","protected":false},"author":6,"featured_media":0,"comment_status":"closed","ping_status":"closed","sticky":false,"template":"","format":"standard","meta":{"_jetpack_memberships_contains_paid_content":false,"footnotes":""},"categories":[14],"tags":[168,37],"class_list":["post-1706","post","type-post","status-publish","format-standard","hentry","category-vie-locale","tag-michel-noennec","tag-pont-labbe"],"yoast_head":"<!-- This site is optimized with the Yoast SEO plugin v27.5 - https:\/\/yoast.com\/product\/yoast-seo-wordpress\/ -->\n<title>Notre camarade Michel No\u00ebnnec est le Mr M\u00e9t\u00e9o de Pont L&#039;Abb\u00e9 - PCF Pays Bigouden<\/title>\n<meta name=\"robots\" content=\"index, follow, max-snippet:-1, max-image-preview:large, max-video-preview:-1\" \/>\n<link rel=\"canonical\" href=\"https:\/\/pcbigouden.fr\/?p=1706\" \/>\n<meta property=\"og:locale\" content=\"fr_FR\" \/>\n<meta property=\"og:type\" content=\"article\" \/>\n<meta property=\"og:title\" content=\"Notre camarade Michel No\u00ebnnec est le Mr M\u00e9t\u00e9o de Pont L&#039;Abb\u00e9 - PCF Pays Bigouden\" \/>\n<meta property=\"og:description\" content=\"Michel No\u00ebnnec, dans son jardin, avec sa loupe, devant ses appareils de mesure. (Le T\u00e9l\u00e9gramme\/Steven Lecornu) &#8211; article paru dans Le T\u00e9l\u00e9gramme en Octobre 2022 &#8211; Depuis plus de trente ans, Michel No\u00ebnnec rel\u00e8ve quotidiennement les informations m\u00e9t\u00e9orologiques. Chiffres \u00e0 l\u2018appui, le Pont-l\u2019Abbiste confirme que l\u2019ann\u00e9e 2022 est tout \u00e0 fait exceptionnelle.\" \/>\n<meta property=\"og:url\" content=\"https:\/\/pcbigouden.fr\/?p=1706\" \/>\n<meta property=\"og:site_name\" content=\"PCF Pays Bigouden\" \/>\n<meta property=\"article:published_time\" content=\"2022-11-16T11:26:37+00:00\" \/>\n<meta property=\"article:modified_time\" content=\"2023-04-01T12:44:25+00:00\" \/>\n<meta property=\"og:image\" content=\"https:\/\/pcbigouden.fr\/wp-content\/uploads\/2022\/11\/MichelNoennec_Teleg2022.jpeg\" \/>\n<meta name=\"author\" content=\"sierramaestra\" \/>\n<meta name=\"twitter:card\" content=\"summary_large_image\" \/>\n<meta name=\"twitter:label1\" content=\"\u00c9crit par\" \/>\n\t<meta name=\"twitter:data1\" content=\"sierramaestra\" \/>\n\t<meta name=\"twitter:label2\" content=\"Dur\u00e9e de lecture estim\u00e9e\" \/>\n\t<meta name=\"twitter:data2\" content=\"3 minutes\" \/>\n<script type=\"application\/ld+json\" class=\"yoast-schema-graph\">{\"@context\":\"https:\\\/\\\/schema.org\",\"@graph\":[{\"@type\":\"Article\",\"@id\":\"https:\\\/\\\/pcbigouden.fr\\\/?p=1706#article\",\"isPartOf\":{\"@id\":\"https:\\\/\\\/pcbigouden.fr\\\/?p=1706\"},\"author\":{\"name\":\"sierramaestra\",\"@id\":\"https:\\\/\\\/pcbigouden.fr\\\/#\\\/schema\\\/person\\\/2f88b3db41deacf169cab9e2ff83133a\"},\"headline\":\"Notre camarade Michel No\u00ebnnec est le Mr M\u00e9t\u00e9o de Pont L&rsquo;Abb\u00e9\",\"datePublished\":\"2022-11-16T11:26:37+00:00\",\"dateModified\":\"2023-04-01T12:44:25+00:00\",\"mainEntityOfPage\":{\"@id\":\"https:\\\/\\\/pcbigouden.fr\\\/?p=1706\"},\"wordCount\":616,\"publisher\":{\"@id\":\"https:\\\/\\\/pcbigouden.fr\\\/#organization\"},\"image\":{\"@id\":\"https:\\\/\\\/pcbigouden.fr\\\/?p=1706#primaryimage\"},\"thumbnailUrl\":\"https:\\\/\\\/pcbigouden.fr\\\/wp-content\\\/uploads\\\/2022\\\/11\\\/MichelNoennec_Teleg2022.jpeg\",\"keywords\":[\"Michel No\u00ebnnec\",\"Pont L'Abb\u00e9\"],\"articleSection\":[\"Vie Locale\"],\"inLanguage\":\"fr-FR\"},{\"@type\":\"WebPage\",\"@id\":\"https:\\\/\\\/pcbigouden.fr\\\/?p=1706\",\"url\":\"https:\\\/\\\/pcbigouden.fr\\\/?p=1706\",\"name\":\"Notre camarade Michel No\u00ebnnec est le Mr M\u00e9t\u00e9o de Pont L'Abb\u00e9 - PCF Pays Bigouden\",\"isPartOf\":{\"@id\":\"https:\\\/\\\/pcbigouden.fr\\\/#website\"},\"primaryImageOfPage\":{\"@id\":\"https:\\\/\\\/pcbigouden.fr\\\/?p=1706#primaryimage\"},\"image\":{\"@id\":\"https:\\\/\\\/pcbigouden.fr\\\/?p=1706#primaryimage\"},\"thumbnailUrl\":\"https:\\\/\\\/pcbigouden.fr\\\/wp-content\\\/uploads\\\/2022\\\/11\\\/MichelNoennec_Teleg2022.jpeg\",\"datePublished\":\"2022-11-16T11:26:37+00:00\",\"dateModified\":\"2023-04-01T12:44:25+00:00\",\"breadcrumb\":{\"@id\":\"https:\\\/\\\/pcbigouden.fr\\\/?p=1706#breadcrumb\"},\"inLanguage\":\"fr-FR\",\"potentialAction\":[{\"@type\":\"ReadAction\",\"target\":[\"https:\\\/\\\/pcbigouden.fr\\\/?p=1706\"]}]},{\"@type\":\"ImageObject\",\"inLanguage\":\"fr-FR\",\"@id\":\"https:\\\/\\\/pcbigouden.fr\\\/?p=1706#primaryimage\",\"url\":\"https:\\\/\\\/pcbigouden.fr\\\/wp-content\\\/uploads\\\/2022\\\/11\\\/MichelNoennec_Teleg2022.jpeg\",\"contentUrl\":\"https:\\\/\\\/pcbigouden.fr\\\/wp-content\\\/uploads\\\/2022\\\/11\\\/MichelNoennec_Teleg2022.jpeg\",\"width\":676,\"height\":437},{\"@type\":\"BreadcrumbList\",\"@id\":\"https:\\\/\\\/pcbigouden.fr\\\/?p=1706#breadcrumb\",\"itemListElement\":[{\"@type\":\"ListItem\",\"position\":1,\"name\":\"Accueil\",\"item\":\"https:\\\/\\\/pcbigouden.fr\\\/\"},{\"@type\":\"ListItem\",\"position\":2,\"name\":\"Notre camarade Michel No\u00ebnnec est le Mr M\u00e9t\u00e9o de Pont L&rsquo;Abb\u00e9\"}]},{\"@type\":\"WebSite\",\"@id\":\"https:\\\/\\\/pcbigouden.fr\\\/#website\",\"url\":\"https:\\\/\\\/pcbigouden.fr\\\/\",\"name\":\"PCF Pays Bigouden\",\"description\":\"Blog des communistes du Pays Bigouden\",\"publisher\":{\"@id\":\"https:\\\/\\\/pcbigouden.fr\\\/#organization\"},\"potentialAction\":[{\"@type\":\"SearchAction\",\"target\":{\"@type\":\"EntryPoint\",\"urlTemplate\":\"https:\\\/\\\/pcbigouden.fr\\\/?s={search_term_string}\"},\"query-input\":{\"@type\":\"PropertyValueSpecification\",\"valueRequired\":true,\"valueName\":\"search_term_string\"}}],\"inLanguage\":\"fr-FR\"},{\"@type\":\"Organization\",\"@id\":\"https:\\\/\\\/pcbigouden.fr\\\/#organization\",\"name\":\"Parti Communiste PCF Pays Bigouden\",\"url\":\"https:\\\/\\\/pcbigouden.fr\\\/\",\"logo\":{\"@type\":\"ImageObject\",\"inLanguage\":\"fr-FR\",\"@id\":\"https:\\\/\\\/pcbigouden.fr\\\/#\\\/schema\\\/logo\\\/image\\\/\",\"url\":\"https:\\\/\\\/pcbigouden.fr\\\/wp-content\\\/uploads\\\/2021\\\/10\\\/logoTB307x290.jpg\",\"contentUrl\":\"https:\\\/\\\/pcbigouden.fr\\\/wp-content\\\/uploads\\\/2021\\\/10\\\/logoTB307x290.jpg\",\"width\":307,\"height\":290,\"caption\":\"Parti Communiste PCF Pays Bigouden\"},\"image\":{\"@id\":\"https:\\\/\\\/pcbigouden.fr\\\/#\\\/schema\\\/logo\\\/image\\\/\"}},{\"@type\":\"Person\",\"@id\":\"https:\\\/\\\/pcbigouden.fr\\\/#\\\/schema\\\/person\\\/2f88b3db41deacf169cab9e2ff83133a\",\"name\":\"sierramaestra\",\"image\":{\"@type\":\"ImageObject\",\"inLanguage\":\"fr-FR\",\"@id\":\"https:\\\/\\\/secure.gravatar.com\\\/avatar\\\/5e822171bcc9a9856efba4097a35cfd35b4c239b7b552810087caf40ef8496b2?s=96&d=mm&r=g\",\"url\":\"https:\\\/\\\/secure.gravatar.com\\\/avatar\\\/5e822171bcc9a9856efba4097a35cfd35b4c239b7b552810087caf40ef8496b2?s=96&d=mm&r=g\",\"contentUrl\":\"https:\\\/\\\/secure.gravatar.com\\\/avatar\\\/5e822171bcc9a9856efba4097a35cfd35b4c239b7b552810087caf40ef8496b2?s=96&d=mm&r=g\",\"caption\":\"sierramaestra\"},\"url\":\"https:\\\/\\\/pcbigouden.fr\\\/?author=6\"}]}<\/script>\n<!-- \/ Yoast SEO plugin. -->","yoast_head_json":{"title":"Notre camarade Michel No\u00ebnnec est le Mr M\u00e9t\u00e9o de Pont L'Abb\u00e9 - PCF Pays Bigouden","robots":{"index":"index","follow":"follow","max-snippet":"max-snippet:-1","max-image-preview":"max-image-preview:large","max-video-preview":"max-video-preview:-1"},"canonical":"https:\/\/pcbigouden.fr\/?p=1706","og_locale":"fr_FR","og_type":"article","og_title":"Notre camarade Michel No\u00ebnnec est le Mr M\u00e9t\u00e9o de Pont L'Abb\u00e9 - PCF Pays Bigouden","og_description":"Michel No\u00ebnnec, dans son jardin, avec sa loupe, devant ses appareils de mesure. (Le T\u00e9l\u00e9gramme\/Steven Lecornu) &#8211; article paru dans Le T\u00e9l\u00e9gramme en Octobre 2022 &#8211; Depuis plus de trente ans, Michel No\u00ebnnec rel\u00e8ve quotidiennement les informations m\u00e9t\u00e9orologiques. Chiffres \u00e0 l\u2018appui, le Pont-l\u2019Abbiste confirme que l\u2019ann\u00e9e 2022 est tout \u00e0 fait exceptionnelle.","og_url":"https:\/\/pcbigouden.fr\/?p=1706","og_site_name":"PCF Pays Bigouden","article_published_time":"2022-11-16T11:26:37+00:00","article_modified_time":"2023-04-01T12:44:25+00:00","og_image":[{"url":"https:\/\/pcbigouden.fr\/wp-content\/uploads\/2022\/11\/MichelNoennec_Teleg2022.jpeg","type":"","width":"","height":""}],"author":"sierramaestra","twitter_card":"summary_large_image","twitter_misc":{"\u00c9crit par":"sierramaestra","Dur\u00e9e de lecture estim\u00e9e":"3 minutes"},"schema":{"@context":"https:\/\/schema.org","@graph":[{"@type":"Article","@id":"https:\/\/pcbigouden.fr\/?p=1706#article","isPartOf":{"@id":"https:\/\/pcbigouden.fr\/?p=1706"},"author":{"name":"sierramaestra","@id":"https:\/\/pcbigouden.fr\/#\/schema\/person\/2f88b3db41deacf169cab9e2ff83133a"},"headline":"Notre camarade Michel No\u00ebnnec est le Mr M\u00e9t\u00e9o de Pont L&rsquo;Abb\u00e9","datePublished":"2022-11-16T11:26:37+00:00","dateModified":"2023-04-01T12:44:25+00:00","mainEntityOfPage":{"@id":"https:\/\/pcbigouden.fr\/?p=1706"},"wordCount":616,"publisher":{"@id":"https:\/\/pcbigouden.fr\/#organization"},"image":{"@id":"https:\/\/pcbigouden.fr\/?p=1706#primaryimage"},"thumbnailUrl":"https:\/\/pcbigouden.fr\/wp-content\/uploads\/2022\/11\/MichelNoennec_Teleg2022.jpeg","keywords":["Michel No\u00ebnnec","Pont L'Abb\u00e9"],"articleSection":["Vie Locale"],"inLanguage":"fr-FR"},{"@type":"WebPage","@id":"https:\/\/pcbigouden.fr\/?p=1706","url":"https:\/\/pcbigouden.fr\/?p=1706","name":"Notre camarade Michel No\u00ebnnec est le Mr M\u00e9t\u00e9o de Pont L'Abb\u00e9 - PCF Pays Bigouden","isPartOf":{"@id":"https:\/\/pcbigouden.fr\/#website"},"primaryImageOfPage":{"@id":"https:\/\/pcbigouden.fr\/?p=1706#primaryimage"},"image":{"@id":"https:\/\/pcbigouden.fr\/?p=1706#primaryimage"},"thumbnailUrl":"https:\/\/pcbigouden.fr\/wp-content\/uploads\/2022\/11\/MichelNoennec_Teleg2022.jpeg","datePublished":"2022-11-16T11:26:37+00:00","dateModified":"2023-04-01T12:44:25+00:00","breadcrumb":{"@id":"https:\/\/pcbigouden.fr\/?p=1706#breadcrumb"},"inLanguage":"fr-FR","potentialAction":[{"@type":"ReadAction","target":["https:\/\/pcbigouden.fr\/?p=1706"]}]},{"@type":"ImageObject","inLanguage":"fr-FR","@id":"https:\/\/pcbigouden.fr\/?p=1706#primaryimage","url":"https:\/\/pcbigouden.fr\/wp-content\/uploads\/2022\/11\/MichelNoennec_Teleg2022.jpeg","contentUrl":"https:\/\/pcbigouden.fr\/wp-content\/uploads\/2022\/11\/MichelNoennec_Teleg2022.jpeg","width":676,"height":437},{"@type":"BreadcrumbList","@id":"https:\/\/pcbigouden.fr\/?p=1706#breadcrumb","itemListElement":[{"@type":"ListItem","position":1,"name":"Accueil","item":"https:\/\/pcbigouden.fr\/"},{"@type":"ListItem","position":2,"name":"Notre camarade Michel No\u00ebnnec est le Mr M\u00e9t\u00e9o de Pont L&rsquo;Abb\u00e9"}]},{"@type":"WebSite","@id":"https:\/\/pcbigouden.fr\/#website","url":"https:\/\/pcbigouden.fr\/","name":"PCF Pays Bigouden","description":"Blog des communistes du Pays Bigouden","publisher":{"@id":"https:\/\/pcbigouden.fr\/#organization"},"potentialAction":[{"@type":"SearchAction","target":{"@type":"EntryPoint","urlTemplate":"https:\/\/pcbigouden.fr\/?s={search_term_string}"},"query-input":{"@type":"PropertyValueSpecification","valueRequired":true,"valueName":"search_term_string"}}],"inLanguage":"fr-FR"},{"@type":"Organization","@id":"https:\/\/pcbigouden.fr\/#organization","name":"Parti Communiste PCF Pays Bigouden","url":"https:\/\/pcbigouden.fr\/","logo":{"@type":"ImageObject","inLanguage":"fr-FR","@id":"https:\/\/pcbigouden.fr\/#\/schema\/logo\/image\/","url":"https:\/\/pcbigouden.fr\/wp-content\/uploads\/2021\/10\/logoTB307x290.jpg","contentUrl":"https:\/\/pcbigouden.fr\/wp-content\/uploads\/2021\/10\/logoTB307x290.jpg","width":307,"height":290,"caption":"Parti Communiste PCF Pays Bigouden"},"image":{"@id":"https:\/\/pcbigouden.fr\/#\/schema\/logo\/image\/"}},{"@type":"Person","@id":"https:\/\/pcbigouden.fr\/#\/schema\/person\/2f88b3db41deacf169cab9e2ff83133a","name":"sierramaestra","image":{"@type":"ImageObject","inLanguage":"fr-FR","@id":"https:\/\/secure.gravatar.com\/avatar\/5e822171bcc9a9856efba4097a35cfd35b4c239b7b552810087caf40ef8496b2?s=96&d=mm&r=g","url":"https:\/\/secure.gravatar.com\/avatar\/5e822171bcc9a9856efba4097a35cfd35b4c239b7b552810087caf40ef8496b2?s=96&d=mm&r=g","contentUrl":"https:\/\/secure.gravatar.com\/avatar\/5e822171bcc9a9856efba4097a35cfd35b4c239b7b552810087caf40ef8496b2?s=96&d=mm&r=g","caption":"sierramaestra"},"url":"https:\/\/pcbigouden.fr\/?author=6"}]}},"jetpack_featured_media_url":"","jetpack_sharing_enabled":true,"jetpack_likes_enabled":true,"_links":{"self":[{"href":"https:\/\/pcbigouden.fr\/index.php?rest_route=\/wp\/v2\/posts\/1706","targetHints":{"allow":["GET"]}}],"collection":[{"href":"https:\/\/pcbigouden.fr\/index.php?rest_route=\/wp\/v2\/posts"}],"about":[{"href":"https:\/\/pcbigouden.fr\/index.php?rest_route=\/wp\/v2\/types\/post"}],"author":[{"embeddable":true,"href":"https:\/\/pcbigouden.fr\/index.php?rest_route=\/wp\/v2\/users\/6"}],"replies":[{"embeddable":true,"href":"https:\/\/pcbigouden.fr\/index.php?rest_route=%2Fwp%2Fv2%2Fcomments&post=1706"}],"version-history":[{"count":1,"href":"https:\/\/pcbigouden.fr\/index.php?rest_route=\/wp\/v2\/posts\/1706\/revisions"}],"predecessor-version":[{"id":2381,"href":"https:\/\/pcbigouden.fr\/index.php?rest_route=\/wp\/v2\/posts\/1706\/revisions\/2381"}],"wp:attachment":[{"href":"https:\/\/pcbigouden.fr\/index.php?rest_route=%2Fwp%2Fv2%2Fmedia&parent=1706"}],"wp:term":[{"taxonomy":"category","embeddable":true,"href":"https:\/\/pcbigouden.fr\/index.php?rest_route=%2Fwp%2Fv2%2Fcategories&post=1706"},{"taxonomy":"post_tag","embeddable":true,"href":"https:\/\/pcbigouden.fr\/index.php?rest_route=%2Fwp%2Fv2%2Ftags&post=1706"}],"curies":[{"name":"wp","href":"https:\/\/api.w.org\/{rel}","templated":true}]}}