{"id":1661,"date":"2022-10-18T18:16:15","date_gmt":"2022-10-18T16:16:15","guid":{"rendered":"https:\/\/pcbigouden.fr\/?p=1661"},"modified":"2023-03-10T16:03:08","modified_gmt":"2023-03-10T15:03:08","slug":"marche-de-lenergie-limmense-gabegie-declaration-de-bernard-jasserand-maire-adjoint-pcf-de-quimper","status":"publish","type":"post","link":"https:\/\/pcbigouden.fr\/?p=1661","title":{"rendered":"Envol\u00e9e des prix de l\u2019\u00e9lectricit\u00e9 et du gaz. March\u00e9 de l\u2019\u00e9nergie : l\u2019immense gabegie!"},"content":{"rendered":"<h2>D\u00c9CLARATION DE BERNARD JASSERAND MAIRE-ADJOINT PCF DE QUIMPER<br \/>\nLORS DU CONSEIL MUNICIPAL DU 6 OCTOBRE 2022<\/h2>\n<h2 style=\"text-align: center;\">March\u00e9 de l\u2019\u00e9nergie, l\u2019immense gabegie.<\/h2>\n<p>Nous allons faire des efforts de sobri\u00e9t\u00e9 \u00e9nerg\u00e9tique, en essayant de pr\u00e9server notre service public territorial, mais comment est-on pass\u00e9 en 25 ans d\u2019une situation nationale d\u2019autosuffisance de production d\u2019\u00e9lectricit\u00e9 et de contrat gaz de longue dur\u00e9e stabilis\u00e9s, \u00e0 la situation \u00e9nerg\u00e9tique d\u2019aujourd\u2019hui ?<!--more--><\/p>\n<p>Les directives europ\u00e9ennes de l\u2019\u00e9nergie ont organis\u00e9 la lib\u00e9ralisation du secteur d\u00e8s le d\u00e9but des ann\u00e9es 2000. G\u00e9n\u00e9rant en France, en 2004 la transformation d\u2019EDF en soci\u00e9t\u00e9 anonyme avec l\u2019ouverture de son capital en 2005.<\/p>\n<p>En 2007 le march\u00e9 de l\u2019\u00e9lectricit\u00e9 a \u00e9t\u00e9 ouvert \u00e0 la concurrence pour les particuliers.<\/p>\n<p>En 2010 la loi NOME a \u00e9t\u00e9 adopt\u00e9e avec l\u2019Arenh (Acc\u00e8s r\u00e9gul\u00e9 \u00e0 l\u2019\u00e9lectricit\u00e9 nucl\u00e9aire historique), obligation faite \u00e0 EDF de revendre 1\/4 de sa production nucl\u00e9aire \u00e0 ces concurrents \u00e0 un tarif tr\u00e8s bas leur permettant de faire des profits. Avant la loi NOME et l\u2019ouverture du march\u00e9 au particulier le prix du KWh des Tarifs R\u00e9gul\u00e9s de Vente (TRV) refl\u00e9tait le co\u00fbt de production du transport et de la distribution ajout\u00e9e \u00e0 l\u2019amortissement des moyens de production, c\u2019\u00e9tait l\u2019Etat qui fixait les prix sur proposition d\u2019EDF. Les taxes \u00e9taient compos\u00e9es de la TVA et de la TLE (taxe locale de l\u2019\u00e9lectricit\u00e9 vers\u00e9e aux communes).<\/p>\n<p>Aujourd\u2019hui c\u2019est la Commission de R\u00e9gulation de l\u2019Electricit\u00e9 (CRE) qui propose le montant des TRV \u00e0 l\u2019Etat et ce ne sont pas les co\u00fbts de production de transport et de distribution rest\u00e9s stables qui entra\u00eenent la flamb\u00e9e des prix, mais bien le cours de la bourse de l\u2019\u00e9lectricit\u00e9, la hausse des taxes et les marges des fournisseurs priv\u00e9s, qui font s\u2019envoler les tarifs.<\/p>\n<p>Autre aberration, le prix de l\u2019\u00e9lectricit\u00e9 est fix\u00e9 sur le prix du dernier MWh produit, tr\u00e8s souvent avec du gaz, donc index\u00e9 sur son cours aujourd\u2019hui au plus haut, alors qu\u2019en France l\u2019\u00e9lectricit\u00e9 est produite essentiellement avec du nucl\u00e9aire et de l\u2019hydraulique ?<\/p>\n<p>Il est temps de faire le bilan de la d\u00e9r\u00e8glementation du secteur de l\u2019\u00e9nergie.<\/p>\n<p>La concurrence devait faire baisser les prix et de nouveaux moyens de productions devaient voir le jour\u2026vous connaissez tous la r\u00e9ponse, une immense gabegie. La guerre en Ukraine n\u2019explique pas tout, c\u2019est la d\u00e9r\u00e9gulation et la lib\u00e9ralisation du secteur de l\u2019\u00e9nergie qui nous ont conduit \u00e0 la catastrophe.<\/p>\n<p>Si le gouvernement a pu parer \u00e0 l\u2019urgence pour les particuliers avec le bouclier tarifaire, les effets de ce dernier ne se feront pas sentir sur la dur\u00e9e. Les traders continuent de sp\u00e9culer, les grandes soci\u00e9t\u00e9s \u00e9nerg\u00e9tiques engrangent des b\u00e9n\u00e9fices records. Les usagers, les entreprises et les collectivit\u00e9s locales sont dans la tourmente\u2026<\/p>\n<p>Chers coll\u00e8gues, je soutiendrai la motion de l\u2019AMF29, mais je crois qu\u2019il faut aller plus loin que la demande ponctuelle d\u2019un bouclier tarifaire si l\u2019on veut s\u2019en sortir sur le long terme ; il faut <strong>sortir du march\u00e9 europ\u00e9en de l\u2019\u00e9nergie<\/strong> agir avec nos voisins espagnols et portugais qui ont obtenu une d\u00e9rogation de la commission europ\u00e9enne sur l\u2019\u00e9nergie.<\/p>\n<p>Il faut en finir avec le racket organis\u00e9 de l\u2019Arenh (Acc\u00e8s r\u00e9gul\u00e9 \u00e0 l\u2019\u00e9lectricit\u00e9 nucl\u00e9aire historique), qui subventionne des acteurs alternatifs qui ne produisent rien et qui accumulent des profits. Les \u00e9tats europ\u00e9ens doivent pouvoir organiser leur politique \u00e9nerg\u00e9tique comme ils le souhaitent. R\u00e9former le march\u00e9 comme le propose la pr\u00e9sidente de l\u2019union europ\u00e9enne, ce serait le confirmer, les m\u00eames causes produiront les m\u00eames effets. Il ne doit plus \u00eatre possible de sp\u00e9culer sur des biens de premi\u00e8re n\u00e9cessit\u00e9.<\/p>\n<p>Regagnons ensemble notre ma\u00eetrise publique de l\u2019\u00e9nergie de l\u2019\u00e9lectricit\u00e9 et du gaz, avec nos deux Epic EDF et GDF 100% publics, permettant aux collectivit\u00e9s locales, aux entreprises, aux usagers d\u2019acc\u00e9der \u00e0 des tarifs r\u00e9gul\u00e9s de vente calcul\u00e9s sur les co\u00fbts de production de transport et de distribution.<\/p>\n<p style=\"text-align: center;\">***************************************************************************<\/p>\n<p style=\"text-align: center;\">Lettre du PCF Finist\u00e8re &#8211; 26 f\u00e9vrier 2023<\/p>\n<h2 style=\"text-align: center;\"><strong>Envol\u00e9e des prix de l\u2019\u00e9lectricit\u00e9 et du gaz, march\u00e9 de l\u2019\u00e9nergie: l\u2019immense gabegie!<\/strong><\/h2>\n<p>La crise \u00e9nerg\u00e9tique bat son plein. Les co\u00fbts de l\u2019\u00e9nergie explosent mettant en grande difficult\u00e9 les particuliers, comme les entreprises et les collectivit\u00e9s. Le gouvernement fait mine d\u2019aider, un peu et de mani\u00e8re insuffisante, tout en refusant de s\u2019attaquer aux causes r\u00e9elles du probl\u00e8me.<\/p>\n<p>Pour certains m\u00e9nages, la situation est dramatique: les 2\/3 des m\u00e9nages en \u00e9lectrique sont en tarif r\u00e9glement\u00e9 et 1\/4 des m\u00e9nages pour le gaz.<!--more--><\/p>\n<p>Cela veut dire que nombre de familles subissent, comme les entreprises, la folie du march\u00e9 et ce d\u2019autant que les d\u00e9marcheurs commerciaux des \u00e9nerg\u00e9ticiens ont pour tradition d\u2019aller dans les quartiers populaires depuis la lib\u00e9ralisation car cela leur est plus facile de convaincre de changer d\u2019op\u00e9rateurs et d\u2019abonnement chez les personnes \u00e2g\u00e9es, ou chez les personnes aux revenus les plus modestes, ou encore par t\u00e9l\u00e9phone. Et le tarif r\u00e9glement\u00e9 du gaz s\u2019arr\u00eate cet \u00e9t\u00e9.<\/p>\n<p>Citons l\u2019exemple d\u2019une dame \u00e0 Brest qui a une facture de r\u00e9gularisation 2022 de Total \u00e9nergie de 6000\u20ac (elle a d\u00e9j\u00e0 pay\u00e9 2000 euros) alors qu\u2019elle travaille en temps partiel subi. Son KwH est \u00e0 50 centimes TTC et 18 centimes pour le tarif r\u00e9glement\u00e9 sans m\u00eame avoir 18 degr\u00e9s dans son logement.<\/p>\n<p>Pensons aussi au cort\u00e8ge de drames des fermetures de boulangeries ou d\u2019industries, dues \u00e0 l\u2019augmentation faramineuse du co\u00fbt de l\u2019\u00e9nergie, et au ch\u00f4mage qui peut suivre.<\/p>\n<p>Le co\u00fbt de l\u2019\u00e9nergie en France qui devient plus \u00e9lev\u00e9 que les co\u00fbts salariaux aura des effets dissuasifs pour les investisseurs.<\/p>\n<p>Les cons\u00e9quences catastrophiques de cette gabegie sur notre soci\u00e9t\u00e9 toute enti\u00e8re sont \u00e0 relever, avec l\u2019inflation g\u00e9n\u00e9ralis\u00e9e des prix et des r\u00e9percussions sur les particuliers, l\u2019\u00e9conomie, les collectivit\u00e9s, les industries et l\u2019artisanat, le ch\u00f4mage, l\u2019\u00e9cologie\u2026<\/p>\n<p>La guerre en Ukraine n\u2019\u00e9tant qu\u2019un pr\u00e9texte r\u00e9v\u00e9lateur et la cause v\u00e9ritable la sp\u00e9culation capitaliste qui a trouv\u00e9 un espace de profitabilit\u00e9 extr\u00eame dans le secteur de l\u2019\u00e9nergie privatis\u00e9 et lib\u00e9ralis\u00e9.<\/p>\n<p>*****************************<\/p>\n<p>Comment est-on pass\u00e9, en 25 ans, d\u2019une situation d\u2019autosuffisance de production d\u2019\u00e9lectricit\u00e9 et de contrat de gaz de longue dur\u00e9e stabilis\u00e9s, \u00e0 la situation \u00e9nerg\u00e9tique d\u2019aujourd\u2019hui?<\/p>\n<p>Les directives europ\u00e9ennes de l\u2019\u00e9nergie ont organis\u00e9, depuis le d\u00e9but des ann\u00e9es 2000, la lib\u00e9ralisation-privatisation du secteur. Les pouvoirs politiques qui se sont succ\u00e9d\u00e9 depuis se sont appliqu\u00e9s \u00e0 d\u00e9manteler EDF et \u00e0 lib\u00e9raliser le secteur de l\u2019\u00e9nergie.<\/p>\n<p>Ces directives s\u2019appuient sur le Trait\u00e9 de Maastricht (1992), puis le Sommet europ\u00e9en de Lisbonne (2002). Le but: satisfaire les app\u00e9tits des capitalistes en privatisant les secteurs publics tr\u00e8s rentables dans le domaine de l\u2019eau, des transports, des t\u00e9l\u00e9coms et de l\u2019\u00e9nergie notamment.<\/p>\n<p>Cela a g\u00e9n\u00e9r\u00e9 en France, en 2004, la transformation d\u2019EDF en soci\u00e9t\u00e9 anonyme avec l\u2019ouverture de son capital en 2005.<\/p>\n<p>Depuis le 1er juillet 2007 (pr\u00e9sidence de Nicolas Sarkozy) le march\u00e9 de l\u2019\u00e9lectricit\u00e9 est ouvert \u00e0 la concurrence pour les particuliers.<\/p>\n<p>En 2010, Nicolas Sarkozy et Fran\u00e7ois Fillon font adopter la loi NOME (Organisation du March\u00e9 de l\u2019Electricit\u00e9) avec l\u2019Arenh (acc\u00e8s r\u00e9gul\u00e9 \u00e0 l\u2019\u00e9lectricit\u00e9 nucl\u00e9aire historique), Nicolas Sarkozy qui n\u2019h\u00e9site pas \u00e0 endetter EDF de 7 milliards d\u2019euros!<\/p>\n<p>Ce syst\u00e8me fait obligation \u00e0 EDF de revendre 1\/4 de sa production nucl\u00e9aire \u00e0 ses concurrents \u00e0 un tarif tr\u00e8s bas leur permettant de faire des profits (le prix de revente de l\u2019\u00e9lectricit\u00e9 \u00e0 prix cass\u00e9 d\u2019EDF est de 42 euros-46 euros le Mwh alors que la cour des Comptes estime que le co\u00fbt de revient se situe entre 50\u20ac et 55\u20ac!). Aujourd\u2019hui, avec le prix de l\u2019\u00e9nergie fix\u00e9 par le march\u00e9, des op\u00e9rateurs peuvent revendre l\u2019\u00e9lectricit\u00e9 nucl\u00e9aire \u00e0 500\u20ac le Mwh dans le cadre de l\u2019Arenh (Acc\u00e8s r\u00e9gul\u00e9 \u00e0 l\u2019\u00e9lectricit\u00e9 nucl\u00e9aire historique). Actuellement, Total revend son \u00e9lectricit\u00e9 nucl\u00e9aire achet\u00e9 \u00e0 prix brad\u00e9 \u00e0 EDF dans le cadre de l\u2019Arenh 180, 200, 300, 400, 500 euros, en fonction de la fluctuation des march\u00e9s et de la loi de l\u2019offre et de la demande, sachant qu\u2019on est plut\u00f4t en manque d\u2019\u00e9lectricit\u00e9 en ce moment, ayant fragilis\u00e9 les capacit\u00e9s d\u2019investissement et de maintenance d\u2019EDF sur son parc. C\u2019est ainsi que<br \/>\nFabien Roussel, responsable du PCF, estime que Total Energies a vol\u00e9 entre 6 et 8 milliards \u00e0 EDF, une part non n\u00e9gligeable des 36 milliards de b\u00e9n\u00e9fices de Total Energies, alors que la facture \u00e9nergie bondit pour les particuliers et les familles, les entreprises, les collectivit\u00e9s.<\/p>\n<p>Ces concurrents qui se devaient au bout de 12 ans de produire leur propre \u00e9lectricit\u00e9\u2026 ne produisent toujours rien, ou si peu. Ils se gavent sur le dos d\u2019EDF et sp\u00e9culent sur le dos des consommateurs.<\/p>\n<p>Avant la loi NOME et l\u2019ouverture du march\u00e9 au particulier le prix du KWh des Tarifs r\u00e9gul\u00e9s de vente (TRV) refl\u00e9tait le co\u00fbt de production du transport et de la distribution ajout\u00e9s \u00e0 l\u2019amortissement des moyens de production. C\u2019\u00e9tait l\u2019\u00c9tat qui fixait les prix sur proposition d\u2019EDF. Les taxes \u00e9taient compos\u00e9es de la TVA et de la TLE (taxe locale de l\u2019\u00e9lectricit\u00e9 vers\u00e9e aux communes).<\/p>\n<p>Aujourd\u2019hui, c\u2019est le cours de la bourse, avec la sp\u00e9culation qui l\u2019accompagne, qui entra\u00eene la flamb\u00e9e des prix!<\/p>\n<p>D\u00e9sormais, c\u2019est la Commission de r\u00e9gulation de l\u2019\u00e9lectricit\u00e9 (CRE) qui propose le montant des TRV \u00e0 l\u2019Etat et ce ne sont plus les co\u00fbts de production de transport et de distribution rest\u00e9s stables qui entra\u00eenent la flamb\u00e9e des prix! C\u2019est donc bien le cours de la bourse de l\u2019\u00e9lectricit\u00e9, la hausse des taxes et les marges exorbitantes des fournisseurs priv\u00e9s aux mains des actionnaires exigeant le meilleur rendement qui font s\u2019envoler les tarifs.<\/p>\n<p>Le PCF r\u00e9clame le retour au Tarif r\u00e9gul\u00e9 de l\u2019\u00e9nergie pour les particuliers, les entreprises, les collectivit\u00e9s. Au lieu de vagues promesses, v\u00e9ritables op\u00e9rations de com sans r\u00e9alit\u00e9 effective substantielle, de ch\u00e8ques \u00e9nergie, de boucliers tarifaires\u2026 Les op\u00e9rateurs financiers alternatifs n\u2019ont plus \u00e0 se faire du beurre sur le dos d\u2019EDF et le n\u00f4tre.<\/p>\n<p>Que penser d\u2019un gouvernement qui promet aux PME, aux petits commer\u00e7ants, de bloquer les tarifs qui leur seront appliqu\u00e9s \u00e0 280 \u20ac le Mwh alors que les op\u00e9rateurs alternatifs ach\u00e8tent 70% de leur \u00e9lectricit\u00e9 42 \u20ac le Mwh.<\/p>\n<p>Autre aberration: le prix de l\u2019\u00e9lectricit\u00e9 est fix\u00e9 sur le prix du dernier Mwh produit, tr\u00e8s souvent avec du gaz, donc index\u00e9 sur son cours aujourd\u2019hui au plus haut, du fait de la guerre en Ukraine, alors qu\u2019en France l\u2019\u00e9lectricit\u00e9 est produite essentiellement avec du nucl\u00e9aire et de l\u2019hydraulique.<\/p>\n<p>Le PCF demande \u00e0 ce que l\u2019on puisse s\u2019extraire du march\u00e9 europ\u00e9en de l\u2019\u00e9nergie quand les prix sont trop en d\u00e9calage avec les r\u00e9alit\u00e9s de la production et du prix de production. Nos voisins espagnols et portugais ont obtenu une d\u00e9rogation de la commission europ\u00e9enne sur l\u2019\u00e9nergie: nous pourrions agir avec eux.<\/p>\n<p>Il faut en finir avec le racket de l\u2019Arenh qui subventionne des acteurs alternatifs qui ne produisent rien et qui accumule les profits.<\/p>\n<p>Regagnons ensemble notre ma\u00eetrise publique de l\u2019\u00e9nergie, de l\u2019\u00e9lectricit\u00e9 et du gaz, avec nos deux Epic EDF et GDF 100% publics, permettant aux collectivit\u00e9s locales, aux entreprises, aux usagers d\u2019acc\u00e9der \u00e0 des tarifs r\u00e9gul\u00e9s de vente calcul\u00e9s sur les co\u00fbts de production de transport et de distribution.<\/p>\n<p>La nationalisation d\u2019EDF-GDF qui a permis \u00e0 la France de b\u00e9n\u00e9ficier d\u2019une souverainet\u00e9 \u00e9nerg\u00e9tique partielle, et d\u2019une \u00e9lectricit\u00e9 accessible et peu ch\u00e8re, a \u00e9t\u00e9 l\u2019\u0153uvre du programme du Conseil National de la R\u00e9sistance, mis en \u0153uvre dans ce domaine par le ministre communiste Marcel Paul, ancien enfant de l\u2019assistance publique, paysan puis ouvrier, dirigeant syndical CGT, r\u00e9sistant et d\u00e9port\u00e9, qui deviendra ministre de la Production industrielle \u00e0 la Lib\u00e9ration. Le combat de sa vie fut la cr\u00e9ation de l\u2019entreprise publique EDF GDF et du programme de production d\u2019\u00e9lectricit\u00e9 par la r\u00e9alisation de grands \u00e9quipements hydro-\u00e9lectriques et nucl\u00e9aires.<\/p>\n<p>Aujourd\u2019hui, les villes et l\u2019ensemble des collectivit\u00e9s territoriales construisent leur budget 2023 dans un contexte de baisse r\u00e9elle des dotations de l\u2019\u00c9tat, non r\u00e9\u00e9valu\u00e9es \u00e0 la hauteur de l\u2019inflation, et d\u2019une facture \u00e9nerg\u00e9tique qui plombe litt\u00e9ralement les finances, affectant les taux d\u2019\u00e9pargne et les capacit\u00e9s d\u2019investissement. Ces collectivit\u00e9s peinent \u00e0 construire leur budget 2023 sans d\u00e9grader le service public. Elles sont expos\u00e9es \u00e0 des renoncements d\u2019investissements, \u00e0 l\u2019abandon de certains projets ou \u00e0 des augmentations d\u2019imp\u00f4ts.<\/p>\n<p>Ainsi, Quimper QBO doit faire face \u00e0 une augmentation de 5 millions d\u2019\u20ac de sa facture d\u2019\u00e9nergie, Morlaix de 1,2 million d\u2019euros, Plomelin de 128 000\u20ac, etc.<\/p>\n<p>Dans les lyc\u00e9es de la r\u00e9gion Bretagne, l\u2019impact sur les factures d\u2019\u00e9lectricit\u00e9 est de + 480%, parfois plus, et pour les factures de gaz de + 70%. Les \u00e9tablissements ont vu leur facture multipli\u00e9es par 4 ou 5 entre 2021 et 2022, et ce n\u2019est pas fini.<\/p>\n<p>L\u2019envol\u00e9e actuelle des prix du gaz et de l\u2019\u00e9lectricit\u00e9 montre de mani\u00e8re cruelle aux usagers \u00e0 quel point il est important que notre pays retrouve sa souverainet\u00e9 sur la fixation des prix de l\u2019\u00e9nergie. Ce ne sont pas les co\u00fbts de production de transport et de distribution rest\u00e9s stables qui entra\u00eenent la flamb\u00e9e des prix, mais bien le cours de la bourse de l\u2019\u00e9lectricit\u00e9, la pr\u00e9dation des sp\u00e9culateurs et des actionnaires qui font s\u2019envoler les tarifs g\u00e9n\u00e9rant les super profits de Total \u00e9nergie, d\u2019Engie et des autres \u00ab fournisseurs dits alternatifs \u00bb laissant 13 Millions de personnes en situation de pr\u00e9carit\u00e9 \u00e9nerg\u00e9tique. Il est aujourd\u2019hui primordial de maintenir les tarifs r\u00e9glement\u00e9s du gaz et de l\u2019\u00e9lectricit\u00e9 qui refl\u00e8tent les co\u00fbts r\u00e9els de production et de distribution, d\u2019en finir avec le pillage organis\u00e9 de l\u2019Arenh et d\u2019abolir la loi Nome.<\/p>\n<p>A l\u2019instar de nos voisins espagnols et portugais nous devons d\u00e9roger au droit europ\u00e9en pour sortir l\u2019\u00e9nergie des griffes du march\u00e9 pour retrouver notre ma\u00eetrise publique de l\u2019\u00e9nergie et un service public conforme \u00e0 l\u2019h\u00e9ritage de la nationalisation de 1946. La France a le poids politique n\u00e9cessaire pour l\u2019obtenir.<\/p>\n<p>Sortir du march\u00e9 ne signifie pas une sortie du syst\u00e8me \u00e9lectrique europ\u00e9en, les interconnexions et les \u00e9changes entre op\u00e9rateurs, fond\u00e9s sur des contrats bilat\u00e9raux mutuellement avantageux, doivent \u00eatre garantis.<br \/>\nL\u2019\u00e9nergie est un bien vital dont chaque \u00eatre humain a besoin pour se nourrir, se chauffer, se d\u00e9placer ou se soigner il ne peut \u00eatre confi\u00e9 aux march\u00e9s financiers.<\/p>\n<p>Le PCF Finist\u00e8re entend engager une campagne d\u00e9partementale sur ce sujet: distribution de milliers de tracts (cela a d\u00e9j\u00e0 commenc\u00e9 \u00e0 Quimper et dans la r\u00e9gion de Morlaix notamment, lettres aux parlementaires, lettre et demande d&rsquo;audience au pr\u00e9fet, motions \u00e0 proposer au vote dans les conseils municipaux et communautaires, conf\u00e9rence de presse et rassemblement devant la pr\u00e9fecture).<\/p>\n<p>La proposition d&rsquo;un r\u00e9f\u00e9rendum pour la sortie du march\u00e9 de l&rsquo;\u00e9nergie et un retour \u00e0 EDF\/GDF 100% public pourrait \u00eatre une option pour chercher le soutien de la population, des collectivit\u00e9s, syndicats, associations d&rsquo;usagers. Il est envisag\u00e9 de proposer cette revendication au PCF National (r\u00e9f\u00e9rendum soit d&rsquo;initiative parlementaire, soit d&rsquo;initiative populaire comme contre la privatisation de l&rsquo;a\u00e9roport de Paris).<\/p>\n<p>N&rsquo;h\u00e9sitez pas \u00e0 nous remonter vos informations et t\u00e9moignages sur les augmentations des prix de l&rsquo;\u00e9nergie &#8211; \u00e9lectricit\u00e9 et gaz, dans vos communes, collectivit\u00e9s, entreprises, ou en tant que particuliers: <a href=\"mailto:federation@29.pcf.fr\">federation@29.pcf.fr<\/a><\/p>\n<p style=\"text-align: center;\">*************************************************************************<\/p>\n<h1 class=\"post-title entry-title\">L\u2019\u00e9nergie, un bien commun essentiel qui doit \u00eatre soustrait au march\u00e9 et aux logiques de sp\u00e9culation \u2013 V\u0153u approuv\u00e9 \u00e0 l\u2019unanimit\u00e9 par les \u00e9lus du Conseil Municipal de la ville de Morlaix du 2 mars 2023<\/h1>\n<ul class=\"post-meta\">\n<li class=\"byline\">By\u00a0<span class=\"author\"><a href=\"http:\/\/pcf29.org\/author\/admin3107\/\" rel=\"author\">pcf29<\/a><\/span><\/li>\n<\/ul>\n<div class=\"entry-content clearfix\">\n<p align=\"left\"><a class=\"single-image-gallery\" href=\"http:\/\/pcf29.org\/lenergie-un-bien-commun-essentiel-qui-doit-etre-soustrait-au-marche-et-aux-logiques-de-speculation-voeu-approuve-a-lunanimite-par-les-elus-du-conseil-municipal-de-la-ville-de-morlaix-du-2-mars\/visuel-electricite\/\" rel=\"attachment wp-att-9830\"><img loading=\"lazy\" decoding=\"async\" class=\"aligncenter size-full wp-image-9830\" src=\"https:\/\/i0.wp.com\/pcf29.org\/wp-content\/uploads\/2023\/03\/visuel-electricite.jpg?resize=670%2C350\" sizes=\"auto, (max-width: 669px) 100vw, 669px\" srcset=\"https:\/\/i0.wp.com\/pcf29.org\/wp-content\/uploads\/2023\/03\/visuel-electricite.jpg?w=900 900w, https:\/\/i0.wp.com\/pcf29.org\/wp-content\/uploads\/2023\/03\/visuel-electricite.jpg?resize=300%2C157 300w, https:\/\/i0.wp.com\/pcf29.org\/wp-content\/uploads\/2023\/03\/visuel-electricite.jpg?resize=768%2C401 768w\" alt=\"\" width=\"670\" height=\"350\" data-attachment-id=\"9830\" data-permalink=\"http:\/\/pcf29.org\/lenergie-un-bien-commun-essentiel-qui-doit-etre-soustrait-au-marche-et-aux-logiques-de-speculation-voeu-approuve-a-lunanimite-par-les-elus-du-conseil-municipal-de-la-ville-de-morlaix-du-2-mars\/visuel-electricite\/\" data-orig-file=\"https:\/\/i0.wp.com\/pcf29.org\/wp-content\/uploads\/2023\/03\/visuel-electricite.jpg?fit=900%2C470\" data-orig-size=\"900,470\" data-comments-opened=\"1\" data-image-meta=\"{&quot;aperture&quot;:&quot;0&quot;,&quot;credit&quot;:&quot;&quot;,&quot;camera&quot;:&quot;&quot;,&quot;caption&quot;:&quot;&quot;,&quot;created_timestamp&quot;:&quot;0&quot;,&quot;copyright&quot;:&quot;&quot;,&quot;focal_length&quot;:&quot;0&quot;,&quot;iso&quot;:&quot;0&quot;,&quot;shutter_speed&quot;:&quot;0&quot;,&quot;title&quot;:&quot;&quot;,&quot;orientation&quot;:&quot;0&quot;}\" data-image-title=\"visuel-electricite\" data-image-description=\"\" data-medium-file=\"https:\/\/i0.wp.com\/pcf29.org\/wp-content\/uploads\/2023\/03\/visuel-electricite.jpg?fit=300%2C157\" data-large-file=\"https:\/\/i0.wp.com\/pcf29.org\/wp-content\/uploads\/2023\/03\/visuel-electricite.jpg?fit=669%2C349\" \/><\/a><\/p>\n<p align=\"left\"><b>V\u0153u approuv\u00e9 \u00e0 l\u2019unanimit\u00e9 par les \u00e9lus du Conseil Municipal de la ville de Morlaix \u2013<\/b><\/p>\n<p align=\"left\"><b>Conseil Municipal du jeudi 2 mars 2023<\/b><\/p>\n<p align=\"left\"><b>Rapporteur: Isma\u00ebl Dupont<\/b><\/p>\n<p><b>Flamb\u00e9es des co\u00fbts de l\u2019\u00e9nergie: En finir\u00a0<\/b><strong>avec la sp\u00e9culation sur ce bien essentiel qu\u2019est l\u2019\u00e9nergie. Revenir \u00e0 des prix r\u00e9gul\u00e9s et \u00e0 une ma\u00eetrise publique.<\/strong><\/p>\n<p>Depuis quelques mois, les co\u00fbts de l\u2019\u00e9nergie explosent, mettant en grande difficult\u00e9 les particuliers, les entreprises, mais aussi les collectivit\u00e9s.<\/p>\n<p>Pour certains m\u00e9nages, la situation est d\u00e9j\u00e0 dramatique: les deux tiers des m\u00e9nages en \u00e9lectrique sont en tarif r\u00e9glement\u00e9 et un quart seulement des m\u00e9nages pour le gaz. Cela veut dire que nombre de familles subissent, comme les entreprises, la folie du march\u00e9, et ce d\u2019autant plus que les commerciaux des \u00e9nerg\u00e9ticiens ont pour tradition d\u2019aller d\u00e9marcher des publics vuln\u00e9rables aux revenus modestes, souvent des personnes \u00e2g\u00e9es. Et pensons au fait que le tarif r\u00e9glement\u00e9 du gaz s\u2019arr\u00eate cet \u00e9t\u00e9\u2026<\/p>\n<p>Nous sommes aussi inquiets des difficult\u00e9s des artisans, choqu\u00e9s par les fermetures de boulangeries ou d\u2019industries, dues \u00e0 l\u2019augmentation brutale du co\u00fbt de l\u2019\u00e9nergie.<\/p>\n<p>Or, il nous semble que le gouvernement refuse jusqu\u2019ici de s\u2019attaquer aux causes r\u00e9elles du probl\u00e8me.<\/p>\n<div><\/div>\n<div dir=\"ltr\">Les \u00ab\u00a0ch\u00e8ques \u00e9nergie\u00a0\u00bb pour les particuliers ne sont pas demand\u00e9s par tous ceux qui y auraient droit et sont financ\u00e9s par nos imp\u00f4ts, et donc par les usagers eux-m\u00eames, sans toucher aux super-profits des distributeurs d\u2019\u00e9nergie. Les dotations compensatoires aux collectivit\u00e9s confront\u00e9es \u00e0 des fortes hausses des prix du gaz et de l\u2019\u00e9lectricit\u00e9 ont des crit\u00e8res d\u2019octroi peu lisibles, complexes et limitatifs, qui les rendent restrictives et tr\u00e8s difficiles \u00e0 pr\u00e9voir sur leur existence \u00e0 venir et sur leur montant. Dans le meilleur des cas, elles ne financeront qu\u2019une partie des surco\u00fbts de prix de l\u2019\u00e9nergie pour les collectivit\u00e9s qui en b\u00e9n\u00e9ficient.<\/div>\n<p>Des solutions d\u2019\u00e9conomies de consommation, de productions plus autonomes, plus durables et \u00e9cologiques, des plans de sobri\u00e9t\u00e9, sont bien s\u00fbr \u00e0 construire et inventer, mais il restera toujours des besoins \u00e0 satisfaire mobilisant des consommations d\u2019\u00e9nergie importantes pour les communes et collectivit\u00e9s territoriales dans leur ensemble.<\/p>\n<p>La cons\u00e9quence, c\u2019est qu\u2019en ce moment m\u00eame, les communes et l\u2019ensemble des collectivit\u00e9s territoriales construisent leurs budgets 2023 dans un contexte tr\u00e8s \u00e9prouvant. A la baisse r\u00e9elle des dotations de l\u2019\u00c9tat, non r\u00e9\u00e9valu\u00e9es \u00e0 la hauteur de l\u2019inflation, s\u2019ajoute des factures \u00e9nerg\u00e9tiques, souvent non pr\u00e9visibles, qui plombent litt\u00e9ralement les finances, affectant les taux d\u2019\u00e9pargne et les capacit\u00e9s d\u2019investissement.<\/p>\n<p>D\u00e9j\u00e0 mises \u00e0 mal pr\u00e9c\u00e9demment par des ann\u00e9es de baisses de dotations d\u2019\u00e9tat aux effets cumulatifs affectant durablement le montant annuel de la DGF, et aussi d\u00e8s la deuxi\u00e8me partie de l\u2019ann\u00e9e 2022 par le poids in\u00e9dit de l\u2019inflation sur les co\u00fbts des denr\u00e9es et des travaux, les collectivit\u00e9s sont expos\u00e9es \u00e0 des renoncements d\u2019investissements, \u00e0 l\u2019abandon de certains projets ou \u00e0 des augmentations d\u2019imp\u00f4ts. Collectivit\u00e9s en proximit\u00e9 avec les citoyens et leurs besoins, engag\u00e9es au service de la vie quotidienne des habitants, elles essayent n\u00e9anmoins de maintenir la qualit\u00e9 des services publics rendus aux citoyens dans un contexte de plus en plus compliqu\u00e9 et tendu.<\/p>\n<p>L\u2019envol\u00e9e actuelle des prix du gaz et de l\u2019\u00e9lectricit\u00e9 montre \u00e0 quel point il est important que notre pays retrouve sa souverainet\u00e9 sur la fixation des prix de l\u2019\u00e9nergie. Ce ne sont pas les co\u00fbts de production de transport et de distribution, rest\u00e9s stables, qui entra\u00eenent la flamb\u00e9e des prix, mais bien le fait que l\u2019\u00e9nergie, tomb\u00e9 dans l\u2019escarcelle du march\u00e9, est devenu mati\u00e8re \u00e0 enrichissement des actionnaires et \u00e0 sp\u00e9culation.<\/p>\n<p>Alors que 13 millions de personnes sont en situation de pr\u00e9carit\u00e9 \u00e9nerg\u00e9tique dans notre pays, il est aujourd\u2019hui primordial de revenir \u00e0 des tarifs r\u00e9glement\u00e9s du gaz et de l\u2019\u00e9lectricit\u00e9 qui refl\u00e8tent les co\u00fbts r\u00e9els de production et de distribution. Il faut en finir avec l\u2019Arenh et d\u2019abolir la loi Nome.<\/p>\n<p>En effet, comment est-on pass\u00e9, en 25 ans, d\u2019une situation d\u2019autosuffisance de production d\u2019\u00e9lectricit\u00e9 et de contrat de gaz de longue dur\u00e9e stabilis\u00e9s, \u00e0 la situation \u00e9nerg\u00e9tique d\u2019aujourd\u2019hui? Les directives europ\u00e9ennes de l\u2019\u00e9nergie ont organis\u00e9, depuis le d\u00e9but des ann\u00e9es 2000, la lib\u00e9ralisation-privatisation du secteur. Cela a g\u00e9n\u00e9r\u00e9 en France, en 2004, la transformation d\u2019EDF en soci\u00e9t\u00e9 anonyme avec l\u2019ouverture de son capital en 2005. Depuis le 1er juillet 2007, le march\u00e9 de l\u2019\u00e9lectricit\u00e9 a \u00e9t\u00e9 ouvert \u00e0 la concurrence pour les particuliers. En 2010, c\u2019est la la loi NOME (Organisation du March\u00e9 de l\u2019\u00c9lectricit\u00e9) avec l\u2019Arenh (acc\u00e8s r\u00e9gul\u00e9 \u00e0 l\u2019\u00e9lectricit\u00e9 nucl\u00e9aire historique). Ce syst\u00e8me fait obligation \u00e0 EDF de revendre un quart de sa production nucl\u00e9aire \u00e0 ses concurrents \u00e0 un tarif tr\u00e8s bas leur permettant de faire des profits: ainsi le prix de revente de l\u2019\u00e9lectricit\u00e9 d\u2019EDF est de 42 euros \u00e0 46 euros le Mwh alors que la cour des Comptes estime que le co\u00fbt de revient se situe entre 50\u20ac et 55\u20ac.<\/p>\n<p>Le bilan de ces op\u00e9rations se fait sentir aujourd\u2019hui. La guerre en Ukraine n\u2019est que le r\u00e9v\u00e9lateur des cons\u00e9quences d\u2019un syst\u00e8me qui fait d\u00e9sormais la part belle \u00e0 la finance et \u00e0 la sp\u00e9culation au d\u00e9triment des besoins sociaux.<\/p>\n<p>Aujourd\u2019hui, avec le prix de l\u2019\u00e9nergie fix\u00e9 par le march\u00e9, des op\u00e9rateurs peuvent revendre l\u2019\u00e9lectricit\u00e9 nucl\u00e9aire jusqu\u2019\u00e0 500\u20ac le Mwh dans le cadre de l\u2019Arenh (Acc\u00e8s r\u00e9gul\u00e9 \u00e0 l\u2019\u00e9lectricit\u00e9 nucl\u00e9aire historique).\u00a0 Actuellement, par exemple, Total \u00c9nergies revend son \u00e9lectricit\u00e9 d\u2019origine nucl\u00e9aire achet\u00e9e \u00e0 prix r\u00e9duit \u00e0 EDF dans le cadre de l\u2019Arenh entre 180 et 500 euros, en fonction de la fluctuation des march\u00e9s. Avant la loi NOME et l\u2019ouverture du march\u00e9 au particulier le prix du KWh des Tarifs r\u00e9gul\u00e9s de vente (TRV) refl\u00e9tait le co\u00fbt de production du transport et de la distribution ajout\u00e9s \u00e0 l\u2019amortissement des moyens de production. C\u2019\u00e9tait l\u2019\u00c9tat qui fixait les prix sur proposition d\u2019EDF. Les taxes \u00e9taient compos\u00e9es de la TVA et de la TLE (taxe locale de l\u2019\u00e9lectricit\u00e9 vers\u00e9e aux communes).<\/p>\n<p>Il faudrait retrouver un tarif r\u00e9gul\u00e9 de l\u2019\u00e9nergie pour les particuliers, les entreprises, les collectivit\u00e9s.<\/p>\n<p>Il en est tout autrement quand le gouvernement promet aux PME, aux petits commer\u00e7ants de bloquer les tarifs qui leur seront appliqu\u00e9s \u00e0 280 \u20ac le Mwh alors que les op\u00e9rateurs alternatifs ach\u00e8tent 70% de leur \u00e9lectricit\u00e9 42 \u20ac le Mwh. Autre aberration: le prix de l\u2019\u00e9lectricit\u00e9 est fix\u00e9 sur le prix du dernier Mwh produit, tr\u00e8s souvent avec du gaz, donc index\u00e9 sur son cours aujourd\u2019hui au plus haut, du fait de la guerre en Ukraine, alors qu\u2019en France l\u2019\u00e9lectricit\u00e9 est produite essentiellement avec du nucl\u00e9aire et de l\u2019hydraulique.<\/p>\n<p>Dans le secteur de l\u2019\u00e9nergie, la mise en concurrence et les privatisations ont d\u00e9structur\u00e9 un champ d\u2019activit\u00e9 d\u2019int\u00e9r\u00eat strat\u00e9gique et public et n\u2019ont pas conduit \u00e0 une r\u00e9vision \u00e0 la baisse des prix pour les usagers, bien au contraire.<\/p>\n<p>Nous pensons que les collectivit\u00e9s auraient tout \u00e0 gagner au retour \u00e0 une ma\u00eetrise publique de l\u2019\u00e9nergie, de l\u2019\u00e9lectricit\u00e9 et du gaz, avec deux EPIC EDF et GDF 100% publics, permettant aux collectivit\u00e9s locales, aux entreprises, aux usagers d\u2019acc\u00e9der \u00e0 des tarifs r\u00e9gul\u00e9s de vente calcul\u00e9s sur les co\u00fbts de production de transport et de distribution.<\/p>\n<p>L\u2019\u00e9nergie est un bien vital dont chaque \u00eatre humain a besoin pour se nourrir, se chauffer, se d\u00e9placer ou se soigner il ne peut \u00eatre confi\u00e9 aux march\u00e9s financiers.<\/p>\n<p>Les \u00e9lus de la ville de Morlaix souhaitent interpeller l\u2019\u00c9tat sur le besoin de se doter \u00e0 nouveau d\u2019outils de production, de souverainet\u00e9 et de contr\u00f4le dans le domaine de l\u2019alimentation en \u00e9nergie et en \u00e9lectricit\u00e9, qui permettent de contenir les prix et de les stabiliser, aussi bien pour tous les usagers, particuliers, entreprises, collectivit\u00e9s.<\/p>\n<\/div>\n<hr \/>\n<h2 style=\"text-align: center;\">L&rsquo;\u00e9nergie, un bien commun de l&rsquo;humanit\u00e9<\/h2>\n<p style=\"padding-left: 40px;\"><em>\u00c9LIANE ASSASSI Pr\u00e9sidente du groupe communiste, r\u00e9publicain, citoyen et \u00e9cologiste du S\u00e9nat<\/em><br \/>\n<em>ALAIN OBADIA Pr\u00e9sident de la Fondation Gabriel-P\u00e9ri<\/em><\/p>\n<p>\u00c0 l\u2019origine, la lib\u00e9ralisation, la fin des monopoles et le d\u00e9pe\u00e7age des entreprises historiques du secteur de l\u2019\u00e9nergie organis\u00e9s par les instances de l\u2019Union europ\u00e9enne, main dans la main avec les gouvernements, \u00e9taient cens\u00e9s faire baisser les prix gr\u00e2ce aux vertus de la concurrence. Cette pr\u00e9sentation idyllique s\u2019est vite fracass\u00e9e sur les dures r\u00e9alit\u00e9s du capitalisme de march\u00e9 et de sa logique de rentabilit\u00e9.<!--more--><\/p>\n<p>Tr\u00e8s rapidement, le lobby des fournisseurs alternatifs de gaz et d\u2019\u00e9lectricit\u00e9 s\u2019est mobilis\u00e9 pour d\u00e9noncer les prix trop bas pratiqu\u00e9s en France. Il fallait augmenter les tarifs r\u00e9glement\u00e9s pour permettre \u00e0 la concurrence de s\u2019installer durablement en assurant aux op\u00e9rateurs priv\u00e9s le taux de profit attendu. Ce raisonnement illustrait \u00e0 quel point les dogmes n\u00e9olib\u00e9raux nous font marcher sur la t\u00eate.<\/p>\n<p>Bien avant le conflit ukrainien, les hausses des tarifs \u00e9taient intervenues pour les usagers, quasiment chaque ann\u00e9e. Les prix sur les march\u00e9s de gros de l\u2019\u00e9lectricit\u00e9 \u00e9taient soumis \u00e0 la sp\u00e9culation. Cette situation \u00e9tait encore aggrav\u00e9e par leur indexation sur les prix du gaz, sans aucun rapport avec la structure de la production \u00e9lectrique en France.<\/p>\n<p>La fin des tarifs r\u00e9glement\u00e9s \u00e9tait programm\u00e9e. La mise en place de l\u2019Arenh (acc\u00e8s r\u00e9gul\u00e9 \u00e0 l\u2019\u00e9nergie nucl\u00e9aire historique) s\u2019est traduite par une ponction indue sur les revenus d\u2019EDF au profit de ses concurrents, qui pouvaient d\u00e9sormais acheter \u00e0 bas prix l\u2019\u00e9lectricit\u00e9 nucl\u00e9aire pour la revendre plus cher aux usagers.<\/p>\n<p>Le d\u00e9clenchement de la guerre en Ukraine a largement d\u00e9grad\u00e9 ce contexte global. Dans un environnement marqu\u00e9 par les p\u00e9nuries et les d\u00e9cisions de boycott, les prix n\u2019ont pas seulement augment\u00e9, ils ont explos\u00e9. Des dizaines de milliers de commer\u00e7ants, d\u2019artisans, de PME, d\u2019exploitations agricoles, mais aussi de collectivit\u00e9s locales sont en grave difficult\u00e9, voire accul\u00e9s \u00e0 la faillite du fait de l\u2019augmentation d\u00e9lirante de leurs contrats de fourniture d\u2019\u00e9lectricit\u00e9 ou de gaz ou encore du prix des carburants.<\/p>\n<p>Des centaines de milliers de familles ne peuvent plus payer leurs factures et doivent choisir entre se nourrir et se chauffer. Dans ces conditions, le bouclier tarifaire gouvernemental se r\u00e9v\u00e8le insuffisant. La sp\u00e9culation s\u2019en est donn\u00e9 \u00e0 c\u0153ur joie. Il suffit, pour s\u2019en convaincre, de se r\u00e9f\u00e9rer au b\u00e9n\u00e9fice d\u2019Engie qui s\u2019envole de 43\u00a0% ou \u00e0 celui de Total, en hausse de 90\u00a0% malgr\u00e9 les pertes du groupe en Russie. Quant \u00e0 EDF, le gouvernement lui a impos\u00e9, en 2022, plus de 8\u00a0milliards de perte s\u00e8che suppl\u00e9mentaires en l\u2019obligeant par d\u00e9cret \u00e0 vendre, \u00e0 prix r\u00e9glement\u00e9, 20\u00a0TWh d\u2019\u00e9lectricit\u00e9 aux fournisseurs priv\u00e9s, en sus des 100\u00a0TWh annuels. EDF est ensuite oblig\u00e9e de les racheter sur le march\u00e9 \u00e0 un prix six \u00e0 dix fois plus \u00e9lev\u00e9. Plus globalement, l\u2019Europe a troqu\u00e9 sa d\u00e9pendance au gaz russe contre des sources plus ch\u00e8res et plus polluantes, dont les gaz et p\u00e9troles de schiste am\u00e9ricains.<\/p>\n<p>Cette situation conduit \u00e0 un enseignement majeur\u2009: la soumission du secteur de l\u2019\u00e9nergie aux lois du march\u00e9 capitaliste produit des r\u00e9sultats catastrophiques. Le dogme selon lequel l\u2019\u00e9nergie est une marchandise \u2013 qui plus est une marchandise comme les autres \u2013 rel\u00e8ve \u00e0 l\u2019\u00e9vidence de l\u2019escroquerie et profite aux seules multinationales et aux courtiers.<\/p>\n<p>Il faut affirmer haut et fort que l\u2019\u00e9nergie est un bien essentiel, un bien commun de l\u2019humanit\u00e9. Elle doit \u00eatre produite et g\u00e9r\u00e9e comme tel. Le droit \u00e0 l\u2019\u00e9nergie doit \u00eatre assur\u00e9 pour toutes et tous et ne pas \u00eatre compromis par la sp\u00e9culation financi\u00e8re. Pour r\u00e9pondre aux besoins, la planification \u00e0 long terme int\u00e9grant les dimensions \u00e9conomique, technologique, sociale et \u00e9cologique doit devenir la r\u00e8gle. Il en va de m\u00eame des coop\u00e9rations entre producteurs, comme entre producteurs et consommateurs. En France, EDF et Engie doivent \u00eatre renationalis\u00e9es et d\u00e9mocratis\u00e9es. Un p\u00f4le public de l\u2019\u00e9nergie doit \u00eatre cr\u00e9\u00e9 et la qualit\u00e9 de service public de ce secteur r\u00e9affirm\u00e9e.<\/p>\n<h2 style=\"text-align: center;\"><\/h2>\n<p>&nbsp;<\/p>\n<p>&nbsp;<\/p>\n<p>&nbsp;<\/p>\n","protected":false},"excerpt":{"rendered":"<p>D\u00c9CLARATION DE BERNARD JASSERAND MAIRE-ADJOINT PCF DE QUIMPER LORS DU CONSEIL MUNICIPAL DU 6 OCTOBRE 2022 March\u00e9 de l\u2019\u00e9nergie, l\u2019immense gabegie. Nous allons faire des efforts de sobri\u00e9t\u00e9 \u00e9nerg\u00e9tique, en essayant de pr\u00e9server notre service public territorial, mais comment est-on pass\u00e9 en 25 ans d\u2019une situation nationale d\u2019autosuffisance de production d\u2019\u00e9lectricit\u00e9 et de contrat gaz &hellip; <a href=\"https:\/\/pcbigouden.fr\/?p=1661\" class=\"more-link\">Continue reading <span class=\"screen-reader-text\">Envol\u00e9e des prix de l\u2019\u00e9lectricit\u00e9 et du gaz. March\u00e9 de l\u2019\u00e9nergie : l\u2019immense gabegie!<\/span><\/a><\/p>\n","protected":false},"author":6,"featured_media":1662,"comment_status":"closed","ping_status":"closed","sticky":false,"template":"","format":"standard","meta":{"_jetpack_memberships_contains_paid_content":false,"footnotes":""},"categories":[3,5,90],"tags":[58,105,174,175],"class_list":["post-1661","post","type-post","status-publish","format-standard","has-post-thumbnail","hentry","category-economie","category-energie","category-environnement","tag-electricite","tag-energie","tag-privatisation","tag-ue"],"yoast_head":"<!-- This site is optimized with the Yoast SEO plugin v27.5 - https:\/\/yoast.com\/product\/yoast-seo-wordpress\/ -->\n<title>Envol\u00e9e des prix de l\u2019\u00e9lectricit\u00e9 et du gaz. March\u00e9 de l\u2019\u00e9nergie : l\u2019immense gabegie! - PCF Pays Bigouden<\/title>\n<meta name=\"robots\" content=\"index, follow, max-snippet:-1, max-image-preview:large, max-video-preview:-1\" \/>\n<link rel=\"canonical\" href=\"https:\/\/pcbigouden.fr\/?p=1661\" \/>\n<meta property=\"og:locale\" content=\"fr_FR\" \/>\n<meta property=\"og:type\" content=\"article\" \/>\n<meta property=\"og:title\" content=\"Envol\u00e9e des prix de l\u2019\u00e9lectricit\u00e9 et du gaz. March\u00e9 de l\u2019\u00e9nergie : l\u2019immense gabegie! - PCF Pays Bigouden\" \/>\n<meta property=\"og:description\" content=\"D\u00c9CLARATION DE BERNARD JASSERAND MAIRE-ADJOINT PCF DE QUIMPER LORS DU CONSEIL MUNICIPAL DU 6 OCTOBRE 2022 March\u00e9 de l\u2019\u00e9nergie, l\u2019immense gabegie. Nous allons faire des efforts de sobri\u00e9t\u00e9 \u00e9nerg\u00e9tique, en essayant de pr\u00e9server notre service public territorial, mais comment est-on pass\u00e9 en 25 ans d\u2019une situation nationale d\u2019autosuffisance de production d\u2019\u00e9lectricit\u00e9 et de contrat gaz &hellip; Continue reading Envol\u00e9e des prix de l\u2019\u00e9lectricit\u00e9 et du gaz. March\u00e9 de l\u2019\u00e9nergie : l\u2019immense gabegie!\" \/>\n<meta property=\"og:url\" content=\"https:\/\/pcbigouden.fr\/?p=1661\" \/>\n<meta property=\"og:site_name\" content=\"PCF Pays Bigouden\" \/>\n<meta property=\"article:published_time\" content=\"2022-10-18T16:16:15+00:00\" \/>\n<meta property=\"article:modified_time\" content=\"2023-03-10T15:03:08+00:00\" \/>\n<meta property=\"og:image\" content=\"https:\/\/pcbigouden.fr\/wp-content\/uploads\/2022\/10\/PrixElectricite.jpg\" \/>\n\t<meta property=\"og:image:width\" content=\"318\" \/>\n\t<meta property=\"og:image:height\" content=\"159\" \/>\n\t<meta property=\"og:image:type\" content=\"image\/jpeg\" \/>\n<meta name=\"author\" content=\"sierramaestra\" \/>\n<meta name=\"twitter:card\" content=\"summary_large_image\" \/>\n<meta name=\"twitter:label1\" content=\"\u00c9crit par\" \/>\n\t<meta name=\"twitter:data1\" content=\"sierramaestra\" \/>\n\t<meta name=\"twitter:label2\" content=\"Dur\u00e9e de lecture estim\u00e9e\" \/>\n\t<meta name=\"twitter:data2\" content=\"25 minutes\" \/>\n<script type=\"application\/ld+json\" class=\"yoast-schema-graph\">{\"@context\":\"https:\\\/\\\/schema.org\",\"@graph\":[{\"@type\":\"Article\",\"@id\":\"https:\\\/\\\/pcbigouden.fr\\\/?p=1661#article\",\"isPartOf\":{\"@id\":\"https:\\\/\\\/pcbigouden.fr\\\/?p=1661\"},\"author\":{\"name\":\"sierramaestra\",\"@id\":\"https:\\\/\\\/pcbigouden.fr\\\/#\\\/schema\\\/person\\\/2f88b3db41deacf169cab9e2ff83133a\"},\"headline\":\"Envol\u00e9e des prix de l\u2019\u00e9lectricit\u00e9 et du gaz. March\u00e9 de l\u2019\u00e9nergie : l\u2019immense gabegie!\",\"datePublished\":\"2022-10-18T16:16:15+00:00\",\"dateModified\":\"2023-03-10T15:03:08+00:00\",\"mainEntityOfPage\":{\"@id\":\"https:\\\/\\\/pcbigouden.fr\\\/?p=1661\"},\"wordCount\":5009,\"publisher\":{\"@id\":\"https:\\\/\\\/pcbigouden.fr\\\/#organization\"},\"image\":{\"@id\":\"https:\\\/\\\/pcbigouden.fr\\\/?p=1661#primaryimage\"},\"thumbnailUrl\":\"https:\\\/\\\/pcbigouden.fr\\\/wp-content\\\/uploads\\\/2022\\\/10\\\/PrixElectricite.jpg\",\"keywords\":[\"\u00e9lectricit\u00e9\",\"\u00e9nergie\",\"privatisation\",\"UE\"],\"articleSection\":[\"Economie\",\"Energie\",\"Environnement\"],\"inLanguage\":\"fr-FR\"},{\"@type\":\"WebPage\",\"@id\":\"https:\\\/\\\/pcbigouden.fr\\\/?p=1661\",\"url\":\"https:\\\/\\\/pcbigouden.fr\\\/?p=1661\",\"name\":\"Envol\u00e9e des prix de l\u2019\u00e9lectricit\u00e9 et du gaz. March\u00e9 de l\u2019\u00e9nergie : l\u2019immense gabegie! - PCF Pays Bigouden\",\"isPartOf\":{\"@id\":\"https:\\\/\\\/pcbigouden.fr\\\/#website\"},\"primaryImageOfPage\":{\"@id\":\"https:\\\/\\\/pcbigouden.fr\\\/?p=1661#primaryimage\"},\"image\":{\"@id\":\"https:\\\/\\\/pcbigouden.fr\\\/?p=1661#primaryimage\"},\"thumbnailUrl\":\"https:\\\/\\\/pcbigouden.fr\\\/wp-content\\\/uploads\\\/2022\\\/10\\\/PrixElectricite.jpg\",\"datePublished\":\"2022-10-18T16:16:15+00:00\",\"dateModified\":\"2023-03-10T15:03:08+00:00\",\"breadcrumb\":{\"@id\":\"https:\\\/\\\/pcbigouden.fr\\\/?p=1661#breadcrumb\"},\"inLanguage\":\"fr-FR\",\"potentialAction\":[{\"@type\":\"ReadAction\",\"target\":[\"https:\\\/\\\/pcbigouden.fr\\\/?p=1661\"]}]},{\"@type\":\"ImageObject\",\"inLanguage\":\"fr-FR\",\"@id\":\"https:\\\/\\\/pcbigouden.fr\\\/?p=1661#primaryimage\",\"url\":\"https:\\\/\\\/pcbigouden.fr\\\/wp-content\\\/uploads\\\/2022\\\/10\\\/PrixElectricite.jpg\",\"contentUrl\":\"https:\\\/\\\/pcbigouden.fr\\\/wp-content\\\/uploads\\\/2022\\\/10\\\/PrixElectricite.jpg\",\"width\":318,\"height\":159},{\"@type\":\"BreadcrumbList\",\"@id\":\"https:\\\/\\\/pcbigouden.fr\\\/?p=1661#breadcrumb\",\"itemListElement\":[{\"@type\":\"ListItem\",\"position\":1,\"name\":\"Accueil\",\"item\":\"https:\\\/\\\/pcbigouden.fr\\\/\"},{\"@type\":\"ListItem\",\"position\":2,\"name\":\"Envol\u00e9e des prix de l\u2019\u00e9lectricit\u00e9 et du gaz. March\u00e9 de l\u2019\u00e9nergie : l\u2019immense gabegie!\"}]},{\"@type\":\"WebSite\",\"@id\":\"https:\\\/\\\/pcbigouden.fr\\\/#website\",\"url\":\"https:\\\/\\\/pcbigouden.fr\\\/\",\"name\":\"PCF Pays Bigouden\",\"description\":\"Blog des communistes du Pays Bigouden\",\"publisher\":{\"@id\":\"https:\\\/\\\/pcbigouden.fr\\\/#organization\"},\"potentialAction\":[{\"@type\":\"SearchAction\",\"target\":{\"@type\":\"EntryPoint\",\"urlTemplate\":\"https:\\\/\\\/pcbigouden.fr\\\/?s={search_term_string}\"},\"query-input\":{\"@type\":\"PropertyValueSpecification\",\"valueRequired\":true,\"valueName\":\"search_term_string\"}}],\"inLanguage\":\"fr-FR\"},{\"@type\":\"Organization\",\"@id\":\"https:\\\/\\\/pcbigouden.fr\\\/#organization\",\"name\":\"Parti Communiste PCF Pays Bigouden\",\"url\":\"https:\\\/\\\/pcbigouden.fr\\\/\",\"logo\":{\"@type\":\"ImageObject\",\"inLanguage\":\"fr-FR\",\"@id\":\"https:\\\/\\\/pcbigouden.fr\\\/#\\\/schema\\\/logo\\\/image\\\/\",\"url\":\"https:\\\/\\\/pcbigouden.fr\\\/wp-content\\\/uploads\\\/2021\\\/10\\\/logoTB307x290.jpg\",\"contentUrl\":\"https:\\\/\\\/pcbigouden.fr\\\/wp-content\\\/uploads\\\/2021\\\/10\\\/logoTB307x290.jpg\",\"width\":307,\"height\":290,\"caption\":\"Parti Communiste PCF Pays Bigouden\"},\"image\":{\"@id\":\"https:\\\/\\\/pcbigouden.fr\\\/#\\\/schema\\\/logo\\\/image\\\/\"}},{\"@type\":\"Person\",\"@id\":\"https:\\\/\\\/pcbigouden.fr\\\/#\\\/schema\\\/person\\\/2f88b3db41deacf169cab9e2ff83133a\",\"name\":\"sierramaestra\",\"image\":{\"@type\":\"ImageObject\",\"inLanguage\":\"fr-FR\",\"@id\":\"https:\\\/\\\/secure.gravatar.com\\\/avatar\\\/5e822171bcc9a9856efba4097a35cfd35b4c239b7b552810087caf40ef8496b2?s=96&d=mm&r=g\",\"url\":\"https:\\\/\\\/secure.gravatar.com\\\/avatar\\\/5e822171bcc9a9856efba4097a35cfd35b4c239b7b552810087caf40ef8496b2?s=96&d=mm&r=g\",\"contentUrl\":\"https:\\\/\\\/secure.gravatar.com\\\/avatar\\\/5e822171bcc9a9856efba4097a35cfd35b4c239b7b552810087caf40ef8496b2?s=96&d=mm&r=g\",\"caption\":\"sierramaestra\"},\"url\":\"https:\\\/\\\/pcbigouden.fr\\\/?author=6\"}]}<\/script>\n<!-- \/ Yoast SEO plugin. -->","yoast_head_json":{"title":"Envol\u00e9e des prix de l\u2019\u00e9lectricit\u00e9 et du gaz. March\u00e9 de l\u2019\u00e9nergie : l\u2019immense gabegie! - PCF Pays Bigouden","robots":{"index":"index","follow":"follow","max-snippet":"max-snippet:-1","max-image-preview":"max-image-preview:large","max-video-preview":"max-video-preview:-1"},"canonical":"https:\/\/pcbigouden.fr\/?p=1661","og_locale":"fr_FR","og_type":"article","og_title":"Envol\u00e9e des prix de l\u2019\u00e9lectricit\u00e9 et du gaz. March\u00e9 de l\u2019\u00e9nergie : l\u2019immense gabegie! - PCF Pays Bigouden","og_description":"D\u00c9CLARATION DE BERNARD JASSERAND MAIRE-ADJOINT PCF DE QUIMPER LORS DU CONSEIL MUNICIPAL DU 6 OCTOBRE 2022 March\u00e9 de l\u2019\u00e9nergie, l\u2019immense gabegie. Nous allons faire des efforts de sobri\u00e9t\u00e9 \u00e9nerg\u00e9tique, en essayant de pr\u00e9server notre service public territorial, mais comment est-on pass\u00e9 en 25 ans d\u2019une situation nationale d\u2019autosuffisance de production d\u2019\u00e9lectricit\u00e9 et de contrat gaz &hellip; Continue reading Envol\u00e9e des prix de l\u2019\u00e9lectricit\u00e9 et du gaz. March\u00e9 de l\u2019\u00e9nergie : l\u2019immense gabegie!","og_url":"https:\/\/pcbigouden.fr\/?p=1661","og_site_name":"PCF Pays Bigouden","article_published_time":"2022-10-18T16:16:15+00:00","article_modified_time":"2023-03-10T15:03:08+00:00","og_image":[{"width":318,"height":159,"url":"https:\/\/pcbigouden.fr\/wp-content\/uploads\/2022\/10\/PrixElectricite.jpg","type":"image\/jpeg"}],"author":"sierramaestra","twitter_card":"summary_large_image","twitter_misc":{"\u00c9crit par":"sierramaestra","Dur\u00e9e de lecture estim\u00e9e":"25 minutes"},"schema":{"@context":"https:\/\/schema.org","@graph":[{"@type":"Article","@id":"https:\/\/pcbigouden.fr\/?p=1661#article","isPartOf":{"@id":"https:\/\/pcbigouden.fr\/?p=1661"},"author":{"name":"sierramaestra","@id":"https:\/\/pcbigouden.fr\/#\/schema\/person\/2f88b3db41deacf169cab9e2ff83133a"},"headline":"Envol\u00e9e des prix de l\u2019\u00e9lectricit\u00e9 et du gaz. March\u00e9 de l\u2019\u00e9nergie : l\u2019immense gabegie!","datePublished":"2022-10-18T16:16:15+00:00","dateModified":"2023-03-10T15:03:08+00:00","mainEntityOfPage":{"@id":"https:\/\/pcbigouden.fr\/?p=1661"},"wordCount":5009,"publisher":{"@id":"https:\/\/pcbigouden.fr\/#organization"},"image":{"@id":"https:\/\/pcbigouden.fr\/?p=1661#primaryimage"},"thumbnailUrl":"https:\/\/pcbigouden.fr\/wp-content\/uploads\/2022\/10\/PrixElectricite.jpg","keywords":["\u00e9lectricit\u00e9","\u00e9nergie","privatisation","UE"],"articleSection":["Economie","Energie","Environnement"],"inLanguage":"fr-FR"},{"@type":"WebPage","@id":"https:\/\/pcbigouden.fr\/?p=1661","url":"https:\/\/pcbigouden.fr\/?p=1661","name":"Envol\u00e9e des prix de l\u2019\u00e9lectricit\u00e9 et du gaz. March\u00e9 de l\u2019\u00e9nergie : l\u2019immense gabegie! - PCF Pays Bigouden","isPartOf":{"@id":"https:\/\/pcbigouden.fr\/#website"},"primaryImageOfPage":{"@id":"https:\/\/pcbigouden.fr\/?p=1661#primaryimage"},"image":{"@id":"https:\/\/pcbigouden.fr\/?p=1661#primaryimage"},"thumbnailUrl":"https:\/\/pcbigouden.fr\/wp-content\/uploads\/2022\/10\/PrixElectricite.jpg","datePublished":"2022-10-18T16:16:15+00:00","dateModified":"2023-03-10T15:03:08+00:00","breadcrumb":{"@id":"https:\/\/pcbigouden.fr\/?p=1661#breadcrumb"},"inLanguage":"fr-FR","potentialAction":[{"@type":"ReadAction","target":["https:\/\/pcbigouden.fr\/?p=1661"]}]},{"@type":"ImageObject","inLanguage":"fr-FR","@id":"https:\/\/pcbigouden.fr\/?p=1661#primaryimage","url":"https:\/\/pcbigouden.fr\/wp-content\/uploads\/2022\/10\/PrixElectricite.jpg","contentUrl":"https:\/\/pcbigouden.fr\/wp-content\/uploads\/2022\/10\/PrixElectricite.jpg","width":318,"height":159},{"@type":"BreadcrumbList","@id":"https:\/\/pcbigouden.fr\/?p=1661#breadcrumb","itemListElement":[{"@type":"ListItem","position":1,"name":"Accueil","item":"https:\/\/pcbigouden.fr\/"},{"@type":"ListItem","position":2,"name":"Envol\u00e9e des prix de l\u2019\u00e9lectricit\u00e9 et du gaz. March\u00e9 de l\u2019\u00e9nergie : l\u2019immense gabegie!"}]},{"@type":"WebSite","@id":"https:\/\/pcbigouden.fr\/#website","url":"https:\/\/pcbigouden.fr\/","name":"PCF Pays Bigouden","description":"Blog des communistes du Pays Bigouden","publisher":{"@id":"https:\/\/pcbigouden.fr\/#organization"},"potentialAction":[{"@type":"SearchAction","target":{"@type":"EntryPoint","urlTemplate":"https:\/\/pcbigouden.fr\/?s={search_term_string}"},"query-input":{"@type":"PropertyValueSpecification","valueRequired":true,"valueName":"search_term_string"}}],"inLanguage":"fr-FR"},{"@type":"Organization","@id":"https:\/\/pcbigouden.fr\/#organization","name":"Parti Communiste PCF Pays Bigouden","url":"https:\/\/pcbigouden.fr\/","logo":{"@type":"ImageObject","inLanguage":"fr-FR","@id":"https:\/\/pcbigouden.fr\/#\/schema\/logo\/image\/","url":"https:\/\/pcbigouden.fr\/wp-content\/uploads\/2021\/10\/logoTB307x290.jpg","contentUrl":"https:\/\/pcbigouden.fr\/wp-content\/uploads\/2021\/10\/logoTB307x290.jpg","width":307,"height":290,"caption":"Parti Communiste PCF Pays Bigouden"},"image":{"@id":"https:\/\/pcbigouden.fr\/#\/schema\/logo\/image\/"}},{"@type":"Person","@id":"https:\/\/pcbigouden.fr\/#\/schema\/person\/2f88b3db41deacf169cab9e2ff83133a","name":"sierramaestra","image":{"@type":"ImageObject","inLanguage":"fr-FR","@id":"https:\/\/secure.gravatar.com\/avatar\/5e822171bcc9a9856efba4097a35cfd35b4c239b7b552810087caf40ef8496b2?s=96&d=mm&r=g","url":"https:\/\/secure.gravatar.com\/avatar\/5e822171bcc9a9856efba4097a35cfd35b4c239b7b552810087caf40ef8496b2?s=96&d=mm&r=g","contentUrl":"https:\/\/secure.gravatar.com\/avatar\/5e822171bcc9a9856efba4097a35cfd35b4c239b7b552810087caf40ef8496b2?s=96&d=mm&r=g","caption":"sierramaestra"},"url":"https:\/\/pcbigouden.fr\/?author=6"}]}},"jetpack_featured_media_url":"https:\/\/pcbigouden.fr\/wp-content\/uploads\/2022\/10\/PrixElectricite.jpg","jetpack_sharing_enabled":true,"jetpack_likes_enabled":true,"_links":{"self":[{"href":"https:\/\/pcbigouden.fr\/index.php?rest_route=\/wp\/v2\/posts\/1661","targetHints":{"allow":["GET"]}}],"collection":[{"href":"https:\/\/pcbigouden.fr\/index.php?rest_route=\/wp\/v2\/posts"}],"about":[{"href":"https:\/\/pcbigouden.fr\/index.php?rest_route=\/wp\/v2\/types\/post"}],"author":[{"embeddable":true,"href":"https:\/\/pcbigouden.fr\/index.php?rest_route=\/wp\/v2\/users\/6"}],"replies":[{"embeddable":true,"href":"https:\/\/pcbigouden.fr\/index.php?rest_route=%2Fwp%2Fv2%2Fcomments&post=1661"}],"version-history":[{"count":5,"href":"https:\/\/pcbigouden.fr\/index.php?rest_route=\/wp\/v2\/posts\/1661\/revisions"}],"predecessor-version":[{"id":2400,"href":"https:\/\/pcbigouden.fr\/index.php?rest_route=\/wp\/v2\/posts\/1661\/revisions\/2400"}],"wp:featuredmedia":[{"embeddable":true,"href":"https:\/\/pcbigouden.fr\/index.php?rest_route=\/wp\/v2\/media\/1662"}],"wp:attachment":[{"href":"https:\/\/pcbigouden.fr\/index.php?rest_route=%2Fwp%2Fv2%2Fmedia&parent=1661"}],"wp:term":[{"taxonomy":"category","embeddable":true,"href":"https:\/\/pcbigouden.fr\/index.php?rest_route=%2Fwp%2Fv2%2Fcategories&post=1661"},{"taxonomy":"post_tag","embeddable":true,"href":"https:\/\/pcbigouden.fr\/index.php?rest_route=%2Fwp%2Fv2%2Ftags&post=1661"}],"curies":[{"name":"wp","href":"https:\/\/api.w.org\/{rel}","templated":true}]}}