{"id":1526,"date":"2022-07-24T08:44:13","date_gmt":"2022-07-24T06:44:13","guid":{"rendered":"https:\/\/pcbigouden.fr\/?p=1526"},"modified":"2022-08-07T09:30:15","modified_gmt":"2022-08-07T07:30:15","slug":"pour-la-paix-et-le-desarmement-nucleaire-samedi-au-menez-hom","status":"publish","type":"post","link":"https:\/\/pcbigouden.fr\/?p=1526","title":{"rendered":"Pour la paix et le d\u00e9sarmement nucl\u00e9aire Samedi 6 ao\u00fbt au Menez Hom"},"content":{"rendered":"<p><a href=\"https:\/\/pcbigouden.fr\/wp-content\/uploads\/2022\/08\/MenezHom.png\"><img loading=\"lazy\" decoding=\"async\" class=\"alignnone size-full wp-image-1527\" src=\"https:\/\/pcbigouden.fr\/wp-content\/uploads\/2022\/08\/MenezHom.png\" alt=\"\" width=\"650\" height=\"855\" srcset=\"https:\/\/pcbigouden.fr\/wp-content\/uploads\/2022\/08\/MenezHom.png 650w, https:\/\/pcbigouden.fr\/wp-content\/uploads\/2022\/08\/MenezHom-228x300.png 228w\" sizes=\"auto, (max-width: 650px) 100vw, 650px\" \/><\/a><\/p>\n<p>article dans Ouest France :<img loading=\"lazy\" decoding=\"async\" class=\"alignnone size-full wp-image-1530\" src=\"https:\/\/pcbigouden.fr\/wp-content\/uploads\/2022\/08\/MenezHomOF.png\" alt=\"\" width=\"663\" height=\"674\" srcset=\"https:\/\/pcbigouden.fr\/wp-content\/uploads\/2022\/08\/MenezHomOF.png 663w, https:\/\/pcbigouden.fr\/wp-content\/uploads\/2022\/08\/MenezHomOF-295x300.png 295w\" sizes=\"auto, (max-width: 663px) 100vw, 663px\" \/><\/p>\n","protected":false},"excerpt":{"rendered":"<p>article dans Ouest France :<\/p>\n","protected":false},"author":6,"featured_media":0,"comment_status":"closed","ping_status":"closed","sticky":false,"template":"","format":"standard","meta":{"_jetpack_memberships_contains_paid_content":false,"footnotes":""},"categories":[50],"tags":[161,160,132],"class_list":["post-1526","post","type-post","status-publish","format-standard","hentry","category-paix","tag-arme-nucleaire","tag-armes","tag-paix"],"yoast_head":"<!-- This site is optimized with the Yoast SEO plugin v27.5 - https:\/\/yoast.com\/product\/yoast-seo-wordpress\/ -->\n<title>Pour la paix et le d\u00e9sarmement nucl\u00e9aire Samedi 6 ao\u00fbt au Menez Hom - PCF Pays Bigouden<\/title>\n<meta name=\"robots\" content=\"index, follow, max-snippet:-1, max-image-preview:large, max-video-preview:-1\" \/>\n<link rel=\"canonical\" href=\"https:\/\/pcbigouden.fr\/?p=1526\" \/>\n<meta property=\"og:locale\" content=\"fr_FR\" \/>\n<meta property=\"og:type\" content=\"article\" \/>\n<meta property=\"og:title\" content=\"Pour la paix et le d\u00e9sarmement nucl\u00e9aire Samedi 6 ao\u00fbt au Menez Hom - PCF Pays Bigouden\" \/>\n<meta property=\"og:description\" content=\"article dans Ouest France :\" \/>\n<meta property=\"og:url\" content=\"https:\/\/pcbigouden.fr\/?p=1526\" \/>\n<meta property=\"og:site_name\" content=\"PCF Pays Bigouden\" \/>\n<meta property=\"article:published_time\" content=\"2022-07-24T06:44:13+00:00\" \/>\n<meta property=\"article:modified_time\" content=\"2022-08-07T07:30:15+00:00\" \/>\n<meta property=\"og:image\" content=\"https:\/\/pcbigouden.fr\/wp-content\/uploads\/2022\/08\/MenezHom.png\" \/>\n<meta name=\"author\" content=\"sierramaestra\" \/>\n<meta name=\"twitter:card\" content=\"summary_large_image\" \/>\n<meta name=\"twitter:label1\" content=\"\u00c9crit par\" \/>\n\t<meta name=\"twitter:data1\" content=\"sierramaestra\" \/>\n<script type=\"application\/ld+json\" class=\"yoast-schema-graph\">{\"@context\":\"https:\\\/\\\/schema.org\",\"@graph\":[{\"@type\":\"Article\",\"@id\":\"https:\\\/\\\/pcbigouden.fr\\\/?p=1526#article\",\"isPartOf\":{\"@id\":\"https:\\\/\\\/pcbigouden.fr\\\/?p=1526\"},\"author\":{\"name\":\"sierramaestra\",\"@id\":\"https:\\\/\\\/pcbigouden.fr\\\/#\\\/schema\\\/person\\\/2f88b3db41deacf169cab9e2ff83133a\"},\"headline\":\"Pour la paix et le d\u00e9sarmement nucl\u00e9aire Samedi 6 ao\u00fbt au Menez Hom\",\"datePublished\":\"2022-07-24T06:44:13+00:00\",\"dateModified\":\"2022-08-07T07:30:15+00:00\",\"mainEntityOfPage\":{\"@id\":\"https:\\\/\\\/pcbigouden.fr\\\/?p=1526\"},\"wordCount\":19,\"publisher\":{\"@id\":\"https:\\\/\\\/pcbigouden.fr\\\/#organization\"},\"image\":{\"@id\":\"https:\\\/\\\/pcbigouden.fr\\\/?p=1526#primaryimage\"},\"thumbnailUrl\":\"https:\\\/\\\/pcbigouden.fr\\\/wp-content\\\/uploads\\\/2022\\\/08\\\/MenezHom.png\",\"keywords\":[\"arme nucl\u00e9aire\",\"armes\",\"paix\"],\"articleSection\":[\"Paix\"],\"inLanguage\":\"fr-FR\"},{\"@type\":\"WebPage\",\"@id\":\"https:\\\/\\\/pcbigouden.fr\\\/?p=1526\",\"url\":\"https:\\\/\\\/pcbigouden.fr\\\/?p=1526\",\"name\":\"Pour la paix et le d\u00e9sarmement nucl\u00e9aire Samedi 6 ao\u00fbt au Menez Hom - PCF Pays Bigouden\",\"isPartOf\":{\"@id\":\"https:\\\/\\\/pcbigouden.fr\\\/#website\"},\"primaryImageOfPage\":{\"@id\":\"https:\\\/\\\/pcbigouden.fr\\\/?p=1526#primaryimage\"},\"image\":{\"@id\":\"https:\\\/\\\/pcbigouden.fr\\\/?p=1526#primaryimage\"},\"thumbnailUrl\":\"https:\\\/\\\/pcbigouden.fr\\\/wp-content\\\/uploads\\\/2022\\\/08\\\/MenezHom.png\",\"datePublished\":\"2022-07-24T06:44:13+00:00\",\"dateModified\":\"2022-08-07T07:30:15+00:00\",\"breadcrumb\":{\"@id\":\"https:\\\/\\\/pcbigouden.fr\\\/?p=1526#breadcrumb\"},\"inLanguage\":\"fr-FR\",\"potentialAction\":[{\"@type\":\"ReadAction\",\"target\":[\"https:\\\/\\\/pcbigouden.fr\\\/?p=1526\"]}]},{\"@type\":\"ImageObject\",\"inLanguage\":\"fr-FR\",\"@id\":\"https:\\\/\\\/pcbigouden.fr\\\/?p=1526#primaryimage\",\"url\":\"https:\\\/\\\/pcbigouden.fr\\\/wp-content\\\/uploads\\\/2022\\\/08\\\/MenezHom.png\",\"contentUrl\":\"https:\\\/\\\/pcbigouden.fr\\\/wp-content\\\/uploads\\\/2022\\\/08\\\/MenezHom.png\"},{\"@type\":\"BreadcrumbList\",\"@id\":\"https:\\\/\\\/pcbigouden.fr\\\/?p=1526#breadcrumb\",\"itemListElement\":[{\"@type\":\"ListItem\",\"position\":1,\"name\":\"Accueil\",\"item\":\"https:\\\/\\\/pcbigouden.fr\\\/\"},{\"@type\":\"ListItem\",\"position\":2,\"name\":\"Pour la paix et le d\u00e9sarmement nucl\u00e9aire Samedi 6 ao\u00fbt au Menez Hom\"}]},{\"@type\":\"WebSite\",\"@id\":\"https:\\\/\\\/pcbigouden.fr\\\/#website\",\"url\":\"https:\\\/\\\/pcbigouden.fr\\\/\",\"name\":\"PCF Pays Bigouden\",\"description\":\"Blog des communistes du Pays Bigouden\",\"publisher\":{\"@id\":\"https:\\\/\\\/pcbigouden.fr\\\/#organization\"},\"potentialAction\":[{\"@type\":\"SearchAction\",\"target\":{\"@type\":\"EntryPoint\",\"urlTemplate\":\"https:\\\/\\\/pcbigouden.fr\\\/?s={search_term_string}\"},\"query-input\":{\"@type\":\"PropertyValueSpecification\",\"valueRequired\":true,\"valueName\":\"search_term_string\"}}],\"inLanguage\":\"fr-FR\"},{\"@type\":\"Organization\",\"@id\":\"https:\\\/\\\/pcbigouden.fr\\\/#organization\",\"name\":\"Parti Communiste PCF Pays Bigouden\",\"url\":\"https:\\\/\\\/pcbigouden.fr\\\/\",\"logo\":{\"@type\":\"ImageObject\",\"inLanguage\":\"fr-FR\",\"@id\":\"https:\\\/\\\/pcbigouden.fr\\\/#\\\/schema\\\/logo\\\/image\\\/\",\"url\":\"https:\\\/\\\/pcbigouden.fr\\\/wp-content\\\/uploads\\\/2021\\\/10\\\/logoTB307x290.jpg\",\"contentUrl\":\"https:\\\/\\\/pcbigouden.fr\\\/wp-content\\\/uploads\\\/2021\\\/10\\\/logoTB307x290.jpg\",\"width\":307,\"height\":290,\"caption\":\"Parti Communiste PCF Pays Bigouden\"},\"image\":{\"@id\":\"https:\\\/\\\/pcbigouden.fr\\\/#\\\/schema\\\/logo\\\/image\\\/\"}},{\"@type\":\"Person\",\"@id\":\"https:\\\/\\\/pcbigouden.fr\\\/#\\\/schema\\\/person\\\/2f88b3db41deacf169cab9e2ff83133a\",\"name\":\"sierramaestra\",\"image\":{\"@type\":\"ImageObject\",\"inLanguage\":\"fr-FR\",\"@id\":\"https:\\\/\\\/secure.gravatar.com\\\/avatar\\\/5e822171bcc9a9856efba4097a35cfd35b4c239b7b552810087caf40ef8496b2?s=96&d=mm&r=g\",\"url\":\"https:\\\/\\\/secure.gravatar.com\\\/avatar\\\/5e822171bcc9a9856efba4097a35cfd35b4c239b7b552810087caf40ef8496b2?s=96&d=mm&r=g\",\"contentUrl\":\"https:\\\/\\\/secure.gravatar.com\\\/avatar\\\/5e822171bcc9a9856efba4097a35cfd35b4c239b7b552810087caf40ef8496b2?s=96&d=mm&r=g\",\"caption\":\"sierramaestra\"},\"url\":\"https:\\\/\\\/pcbigouden.fr\\\/?author=6\"}]}<\/script>\n<!-- \/ Yoast SEO plugin. -->","yoast_head_json":{"title":"Pour la paix et le d\u00e9sarmement nucl\u00e9aire Samedi 6 ao\u00fbt au Menez Hom - PCF Pays Bigouden","robots":{"index":"index","follow":"follow","max-snippet":"max-snippet:-1","max-image-preview":"max-image-preview:large","max-video-preview":"max-video-preview:-1"},"canonical":"https:\/\/pcbigouden.fr\/?p=1526","og_locale":"fr_FR","og_type":"article","og_title":"Pour la paix et le d\u00e9sarmement nucl\u00e9aire Samedi 6 ao\u00fbt au Menez Hom - PCF Pays Bigouden","og_description":"article dans Ouest France :","og_url":"https:\/\/pcbigouden.fr\/?p=1526","og_site_name":"PCF Pays Bigouden","article_published_time":"2022-07-24T06:44:13+00:00","article_modified_time":"2022-08-07T07:30:15+00:00","og_image":[{"url":"https:\/\/pcbigouden.fr\/wp-content\/uploads\/2022\/08\/MenezHom.png","type":"","width":"","height":""}],"author":"sierramaestra","twitter_card":"summary_large_image","twitter_misc":{"\u00c9crit par":"sierramaestra"},"schema":{"@context":"https:\/\/schema.org","@graph":[{"@type":"Article","@id":"https:\/\/pcbigouden.fr\/?p=1526#article","isPartOf":{"@id":"https:\/\/pcbigouden.fr\/?p=1526"},"author":{"name":"sierramaestra","@id":"https:\/\/pcbigouden.fr\/#\/schema\/person\/2f88b3db41deacf169cab9e2ff83133a"},"headline":"Pour la paix et le d\u00e9sarmement nucl\u00e9aire Samedi 6 ao\u00fbt au Menez Hom","datePublished":"2022-07-24T06:44:13+00:00","dateModified":"2022-08-07T07:30:15+00:00","mainEntityOfPage":{"@id":"https:\/\/pcbigouden.fr\/?p=1526"},"wordCount":19,"publisher":{"@id":"https:\/\/pcbigouden.fr\/#organization"},"image":{"@id":"https:\/\/pcbigouden.fr\/?p=1526#primaryimage"},"thumbnailUrl":"https:\/\/pcbigouden.fr\/wp-content\/uploads\/2022\/08\/MenezHom.png","keywords":["arme nucl\u00e9aire","armes","paix"],"articleSection":["Paix"],"inLanguage":"fr-FR"},{"@type":"WebPage","@id":"https:\/\/pcbigouden.fr\/?p=1526","url":"https:\/\/pcbigouden.fr\/?p=1526","name":"Pour la paix et le d\u00e9sarmement nucl\u00e9aire Samedi 6 ao\u00fbt au Menez Hom - PCF Pays Bigouden","isPartOf":{"@id":"https:\/\/pcbigouden.fr\/#website"},"primaryImageOfPage":{"@id":"https:\/\/pcbigouden.fr\/?p=1526#primaryimage"},"image":{"@id":"https:\/\/pcbigouden.fr\/?p=1526#primaryimage"},"thumbnailUrl":"https:\/\/pcbigouden.fr\/wp-content\/uploads\/2022\/08\/MenezHom.png","datePublished":"2022-07-24T06:44:13+00:00","dateModified":"2022-08-07T07:30:15+00:00","breadcrumb":{"@id":"https:\/\/pcbigouden.fr\/?p=1526#breadcrumb"},"inLanguage":"fr-FR","potentialAction":[{"@type":"ReadAction","target":["https:\/\/pcbigouden.fr\/?p=1526"]}]},{"@type":"ImageObject","inLanguage":"fr-FR","@id":"https:\/\/pcbigouden.fr\/?p=1526#primaryimage","url":"https:\/\/pcbigouden.fr\/wp-content\/uploads\/2022\/08\/MenezHom.png","contentUrl":"https:\/\/pcbigouden.fr\/wp-content\/uploads\/2022\/08\/MenezHom.png"},{"@type":"BreadcrumbList","@id":"https:\/\/pcbigouden.fr\/?p=1526#breadcrumb","itemListElement":[{"@type":"ListItem","position":1,"name":"Accueil","item":"https:\/\/pcbigouden.fr\/"},{"@type":"ListItem","position":2,"name":"Pour la paix et le d\u00e9sarmement nucl\u00e9aire Samedi 6 ao\u00fbt au Menez Hom"}]},{"@type":"WebSite","@id":"https:\/\/pcbigouden.fr\/#website","url":"https:\/\/pcbigouden.fr\/","name":"PCF Pays Bigouden","description":"Blog des communistes du Pays Bigouden","publisher":{"@id":"https:\/\/pcbigouden.fr\/#organization"},"potentialAction":[{"@type":"SearchAction","target":{"@type":"EntryPoint","urlTemplate":"https:\/\/pcbigouden.fr\/?s={search_term_string}"},"query-input":{"@type":"PropertyValueSpecification","valueRequired":true,"valueName":"search_term_string"}}],"inLanguage":"fr-FR"},{"@type":"Organization","@id":"https:\/\/pcbigouden.fr\/#organization","name":"Parti Communiste PCF Pays Bigouden","url":"https:\/\/pcbigouden.fr\/","logo":{"@type":"ImageObject","inLanguage":"fr-FR","@id":"https:\/\/pcbigouden.fr\/#\/schema\/logo\/image\/","url":"https:\/\/pcbigouden.fr\/wp-content\/uploads\/2021\/10\/logoTB307x290.jpg","contentUrl":"https:\/\/pcbigouden.fr\/wp-content\/uploads\/2021\/10\/logoTB307x290.jpg","width":307,"height":290,"caption":"Parti Communiste PCF Pays Bigouden"},"image":{"@id":"https:\/\/pcbigouden.fr\/#\/schema\/logo\/image\/"}},{"@type":"Person","@id":"https:\/\/pcbigouden.fr\/#\/schema\/person\/2f88b3db41deacf169cab9e2ff83133a","name":"sierramaestra","image":{"@type":"ImageObject","inLanguage":"fr-FR","@id":"https:\/\/secure.gravatar.com\/avatar\/5e822171bcc9a9856efba4097a35cfd35b4c239b7b552810087caf40ef8496b2?s=96&d=mm&r=g","url":"https:\/\/secure.gravatar.com\/avatar\/5e822171bcc9a9856efba4097a35cfd35b4c239b7b552810087caf40ef8496b2?s=96&d=mm&r=g","contentUrl":"https:\/\/secure.gravatar.com\/avatar\/5e822171bcc9a9856efba4097a35cfd35b4c239b7b552810087caf40ef8496b2?s=96&d=mm&r=g","caption":"sierramaestra"},"url":"https:\/\/pcbigouden.fr\/?author=6"}]}},"jetpack_featured_media_url":"","jetpack_sharing_enabled":true,"jetpack_likes_enabled":true,"_links":{"self":[{"href":"https:\/\/pcbigouden.fr\/index.php?rest_route=\/wp\/v2\/posts\/1526","targetHints":{"allow":["GET"]}}],"collection":[{"href":"https:\/\/pcbigouden.fr\/index.php?rest_route=\/wp\/v2\/posts"}],"about":[{"href":"https:\/\/pcbigouden.fr\/index.php?rest_route=\/wp\/v2\/types\/post"}],"author":[{"embeddable":true,"href":"https:\/\/pcbigouden.fr\/index.php?rest_route=\/wp\/v2\/users\/6"}],"replies":[{"embeddable":true,"href":"https:\/\/pcbigouden.fr\/index.php?rest_route=%2Fwp%2Fv2%2Fcomments&post=1526"}],"version-history":[{"count":0,"href":"https:\/\/pcbigouden.fr\/index.php?rest_route=\/wp\/v2\/posts\/1526\/revisions"}],"wp:attachment":[{"href":"https:\/\/pcbigouden.fr\/index.php?rest_route=%2Fwp%2Fv2%2Fmedia&parent=1526"}],"wp:term":[{"taxonomy":"category","embeddable":true,"href":"https:\/\/pcbigouden.fr\/index.php?rest_route=%2Fwp%2Fv2%2Fcategories&post=1526"},{"taxonomy":"post_tag","embeddable":true,"href":"https:\/\/pcbigouden.fr\/index.php?rest_route=%2Fwp%2Fv2%2Ftags&post=1526"}],"curies":[{"name":"wp","href":"https:\/\/api.w.org\/{rel}","templated":true}]}}