{"id":1260,"date":"2022-05-29T09:08:47","date_gmt":"2022-05-29T07:08:47","guid":{"rendered":"https:\/\/pcbigouden.fr\/?p=1260"},"modified":"2022-06-01T08:03:20","modified_gmt":"2022-06-01T06:03:20","slug":"avec-la-nouvelle-union-populaire-ecologique-et-sociale-nupes-sortons-notre-depute-sortante-liliana-tanguy-a-lecoute-du-chef-et-des-lobbies-plutot-que-de-la-population","status":"publish","type":"post","link":"https:\/\/pcbigouden.fr\/?p=1260","title":{"rendered":"Avec la Nouvelle Union Populaire \u00c9cologique et Sociale (NUPES)  sortons notre d\u00e9put\u00e9e sortante\u00a0: Liliana TANGUY, \u00e0 l\u2019\u00e9coute du chef et des lobbies plut\u00f4t que de la population"},"content":{"rendered":"<p style=\"text-align: center;\">Finist\u00e8re &#8211; 7<sup>\u00e8me<\/sup> circonscription<\/p>\n<p style=\"text-align: justify;\"><strong>Liliana TANGUY, d\u00e9put\u00e9e de notre circonscription se repr\u00e9sente apr\u00e8s 5 ann\u00e9es d\u2019un mandat au service des puissants plus que des habitants de notre circonscription et des pr\u00e9occupations sociales et \u00e9cologiques d\u2019une humanit\u00e9 exigeant d\u2019inventer un mod\u00e8le protecteur de l\u2019humain et de la plan\u00e8te.<\/strong><!--more--><\/p>\n<p style=\"text-align: justify;\">En 2017, Liliana TANGUY, pour se faire \u00e9lire a quitt\u00e9 le Parti socialiste pour rejoindre la formation d\u2019Emmanuel Macron, La R\u00e9publique en Marche. En ce d\u00e9but de mandat, s\u2019inscrire dans le sens du vent questionne d\u00e9j\u00e0 ses convictions.<\/p>\n<p style=\"text-align: justify;\">Que va-t-elle d\u00e9fendre \u00e0 l\u2019assembl\u00e9e nationale\u00a0: les orientations du \u00ab\u00a0Chef\u00a0\u00bb ou les pr\u00e9occupations li\u00e9es aux urgences sociales et \u00e9cologiques pour une vie meilleure pour toutes et tous\u00a0et pas seulement pour les plus riches ?<\/p>\n<p style=\"text-align: justify;\"><img loading=\"lazy\" decoding=\"async\" class=\"size-medium wp-image-1263 alignleft\" src=\"https:\/\/pcbigouden.fr\/wp-content\/uploads\/2022\/05\/hemicycle-300x181.png\" alt=\"\" width=\"300\" height=\"181\" srcset=\"https:\/\/pcbigouden.fr\/wp-content\/uploads\/2022\/05\/hemicycle-300x181.png 300w, https:\/\/pcbigouden.fr\/wp-content\/uploads\/2022\/05\/hemicycle-498x300.png 498w, https:\/\/pcbigouden.fr\/wp-content\/uploads\/2022\/05\/hemicycle.png 626w\" sizes=\"auto, (max-width: 300px) 100vw, 300px\" \/>D\u00e9fendre des convictions c\u2019est d\u00e9j\u00e0 \u00eatre pr\u00e9sente \u00e0 l\u2019assembl\u00e9e nationale. Rien \u00e0 dire, notre d\u00e9put\u00e9e fait partie des 150 d\u00e9put\u00e9s, sur 577, les plus remarqu\u00e9s par leur pr\u00e9sence. Madame Tanguy signe les feuilles d\u2019\u00e9margement. Mais, regardons de plus pr\u00e8s, notre d\u00e9put\u00e9e fait aussi partie des 150 d\u00e9put\u00e9s les moins actifs de l\u2019assembl\u00e9e\u00a0: tr\u00e8s peu de questions \u00e9crites au gouvernement, d\u2019interventions en h\u00e9micycle, d\u2019amendements propos\u00e9s, de rapports \u00e9crits et aucune proposition de loi. Madame Tanguy se contente d\u2019\u00e9marger install\u00e9e chaudement au fond de la classe parlementaire.<\/p>\n<p style=\"text-align: justify;\">Plus que pour d\u00e9battre, questionner, proposer, notre d\u00e9put\u00e9e est l\u00e0, \u00e0 l\u2019assembl\u00e9e nationale depuis 5 ans, <strong>pour voter<\/strong>. Voter quoi\u00a0? Voter pour quel mod\u00e8le de soci\u00e9t\u00e9\u00a0? Voter pour qui\u00a0? Voil\u00e0 les questions essentielles que nous, citoyennes et citoyens, devons-nous poser. Difficile de s\u2019en faire une id\u00e9e parce que madame Tanguy, hormis quelques rares communiqu\u00e9s, ne publiera rien, de mani\u00e8re r\u00e9guli\u00e8re, au cours de son mandat pour rendre compte de ses positions\u00a0: pas de site internet, pas de publication de ses actions, pas de r\u00e9unions publiques. Aucune transparence sur ses positions, ses engagements au service de la population locale et des questions nationales et internationales.<\/p>\n<p style=\"text-align: justify;\"><strong>Sur les questions socio-\u00e9conomiques<\/strong>, notre d\u00e9put\u00e9e a vot\u00e9, sans broncher, toutes les lois propos\u00e9es par le gouvernement caract\u00e9ris\u00e9 par sa volont\u00e9 de briser la s\u00e9curit\u00e9 et le bien-\u00eatre des salari\u00e9s et des retrait\u00e9s au profit de la rentabilit\u00e9 du business\u00a0: r\u00e9forme du code du travail, suppression de l\u2019ISF, primaut\u00e9 des accords d\u2019entreprise sur ceux de branches, baisse des imp\u00f4ts de production, contre-r\u00e9forme de l\u2019assurance ch\u00f4mage\u2026 et demain ne la laissons pas nous imposer la retraite \u00e0 65 ans\u00a0! Car notre d\u00e9put\u00e9e a bien \u00e9t\u00e9 capable de voter l\u2019amendement proposant le licenciement des salari\u00e9s qui ne pourraient pas se pr\u00e9valoir d\u2019un pass-sanitaire (juillet 2021) plut\u00f4t que de les accompagner vers la vaccination.<\/p>\n<p style=\"text-align: justify;\"><strong>Sur les questions environnementales<\/strong>, toujours sans broncher, notre d\u00e9put\u00e9e a vot\u00e9 ou propos\u00e9 des amendements favorisant la destruction de notre plan\u00e8te fragilis\u00e9e par le r\u00e9chauffement climatique dont elle s\u2019est pr\u00e9occup\u00e9e \u00e0 la marge, bien loin des besoins qu\u2019exigent la lutte contre cette catastrophe \u00e9cologique r\u00e9sultant du mod\u00e8le capitaliste. Madame Tanguy a ainsi vot\u00e9 pour l\u2019accord de libre-\u00e9change entre l\u2019union europ\u00e9enne et le Canada (CETA, juillet 2019) favorisant des transports mondiaux de marchandises alors que la relocalisation des productions et les \u00e9changes de proximit\u00e9 doivent \u00eatre une priorit\u00e9. Madame Tanguy a \u00e9galement vot\u00e9 (octobre 2020) pour la d\u00e9rogation \u00e0 la loi de 2016 interdisant les n\u00e9onicotino\u00efdes, insecticides tueurs d\u2019abeille et destructeurs de la biodiversit\u00e9 deuxi\u00e8me urgence environnementale avec la lutte contre le r\u00e9chauffement climatique.<br \/>\n<em>D\u2019apr\u00e8s le classement d\u2019Agir pour la plan\u00e8te on trouve deux d\u00e9put\u00e9s PCF parmi les 5 premiers d\u00e9fendant le plus la plan\u00e8te. Liliana Tanguy est en queue de peloton : 455\u00e8me sur 577 !\u00a0<\/em> \u00a0\u00a0 \u00a0\u00a0 \u00a0<a href=\"https:\/\/parlementerre.fr\/?s=08\" target=\"_blank\" rel=\"noopener\">https:\/\/parlementerre.fr\/?s=08<\/a><\/p>\n<p style=\"text-align: justify;\">Mais, notre d\u00e9put\u00e9e ne se contente pas de voter des lois destructrices de la plan\u00e8te\u00a0: elle propose des amendements aggravant la situation. Il en est ainsi de l\u2019amendement propos\u00e9 remettant en cause les dispositions de la loi Littoral visant \u00e0 rendre ces zones fragiles, reconnues pour la richesse de leur biodiversit\u00e9, inconstructibles.<\/p>\n<p style=\"text-align: justify;\"><strong>Enfin, sur les questions soci\u00e9tales<\/strong> que pense notre d\u00e9put\u00e9e ? L\u00e0 encore ses votes et ses prises de positions, noy\u00e9s dans la masse des suiveurs plus que des marcheurs, donnent \u00e0 voir l\u2019absence de sa volont\u00e9 politique de prendre en compte les r\u00e9alit\u00e9s de notre soci\u00e9t\u00e9 \u00e0 laquelle les valeurs de notre R\u00e9publique, dont celle d\u2019\u00e9galit\u00e9, doivent \u00eatre constamment r\u00e9interrog\u00e9es. Madame Tanguy s\u2019est ainsi abstenue (faisant parti des 9% des ind\u00e9cis de l\u2019assembl\u00e9e) sur la loi de bio\u00e9thique (juin 2021) \u00e9largissant, en particulier, la procr\u00e9ation m\u00e9dicalement assist\u00e9e aux couples de femmes et \u00e0 toute femme non mari\u00e9e. On ne parlera pas ici de ses prises de position sur l\u2019\u00e9ducation nationale, notre d\u00e9put\u00e9e a soutenu l\u2019ensemble des d\u00e9cisions prises au cours de ces 5 derni\u00e8res ann\u00e9es jusqu\u2019\u00e0 \u00eatre signataire d\u2019une tribune, le 1er janvier dernier, invitant \u00e0 poursuivre la casse de ce service public par la non prise en compte des r\u00e9alit\u00e9s de terrain.<\/p>\n<p style=\"text-align: justify;\"><strong>\u00catre \u00e9lue pour voter, sans rendre compte, NON madame la d\u00e9put\u00e9e ce n\u2019est pas ainsi que nous concevons la d\u00e9mocratie que vous avez bafou\u00e9e pendant les 5 ans de votre mandat.<\/strong> Nous l\u2019avons dit\u00a0: vous n\u2019avez produit aucun compte rendu vers vos \u00e9lecteurs.<\/p>\n<p style=\"text-align: justify;\"><strong>Mais pire\u00a0: vous ne les avez ni entendus, ni \u00e9cout\u00e9s<\/strong>. Au cours de ces ann\u00e9es, vous avez refus\u00e9 d\u2019\u00e9couter ceux de vos concitoyens qui souhaitaient vous alerter sur les m\u00e9faits des trait\u00e9s de libre-\u00e9change CETA et TAFTA, vous avez refus\u00e9 d\u2019entendre ceux qui sont venus vous alerter sur les d\u00e9g\u00e2ts des n\u00e9onicotino\u00efdes, vous avez toujours tard\u00e9 \u00e0 prendre en compte les revendications de ceux vous alertant sur la destruction du service public (poste, h\u00f4pital\u2026) et des aides aux personnes (SSIAD). Vous avez refus\u00e9 de r\u00e9pondre \u00e0 la presse sur des questions soci\u00e9tales d\u2019importance port\u00e9es par la loi bio\u00e9thique \u00e0 la diff\u00e9rence de tous vos autres coll\u00e8gues du Finist\u00e8re.<\/p>\n<p style=\"text-align: justify;\">Vous avez pr\u00e9f\u00e9r\u00e9 madame la d\u00e9put\u00e9e vous en remettre aux lobbies jusqu\u2019\u00e0 f\u00eater avec eux leur puissance et leur domination emp\u00eachant toute \u00e9mancipation individuelle et collective pour un mieux-\u00eatre humain sur une plan\u00e8te prot\u00e9g\u00e9e.<a href=\"https:\/\/www.liberation.fr\/politiques\/2019\/11\/12\/la-soiree-deguisee-de-quatre-deputes-lrem-avec-des-lobbyistes_1762877\/\" target=\"_blank\" rel=\"noopener\"><img loading=\"lazy\" decoding=\"async\" class=\"aligncenter wp-image-1264 size-full\" src=\"https:\/\/pcbigouden.fr\/wp-content\/uploads\/2022\/05\/LilianaTanguyBalLobby.png\" alt=\"\" width=\"706\" height=\"578\" srcset=\"https:\/\/pcbigouden.fr\/wp-content\/uploads\/2022\/05\/LilianaTanguyBalLobby.png 706w, https:\/\/pcbigouden.fr\/wp-content\/uploads\/2022\/05\/LilianaTanguyBalLobby-300x246.png 300w, https:\/\/pcbigouden.fr\/wp-content\/uploads\/2022\/05\/LilianaTanguyBalLobby-366x300.png 366w\" sizes=\"auto, (max-width: 706px) 100vw, 706px\" \/><\/a><\/p>\n<p style=\"text-align: center;\">SOURCES\u00a0:<\/p>\n<p style=\"text-align: justify;\"><a href=\"https:\/\/www.nosdeputes.fr\/liliana-tanguy\" target=\"_blank\" rel=\"noopener\">https:\/\/www.nosdeputes.fr\/liliana-tanguy<\/a><\/p>\n<p style=\"text-align: justify;\"><a href=\"https:\/\/taftaquoi.wordpress.com\/\" target=\"_blank\" rel=\"noopener\">https:\/\/taftaquoi.wordpress.com\/<\/a><\/p>\n<p style=\"text-align: justify;\"><a href=\"https:\/\/www.letelegramme.fr\/finistere\/pont-labbe\/stop-tafta-ceta-rassemblement-rue-du-prat-ce-samedi-28-04-2018-11942879.php\" target=\"_blank\" rel=\"noopener\">https:\/\/www.letelegramme.fr\/finistere\/pont-labbe\/stop-tafta-ceta-rassemblement-rue-du-prat-ce-samedi-28-04-2018-11942879.php<\/a><\/p>\n<p style=\"text-align: justify;\"><a href=\"https:\/\/www.letelegramme.fr\/finistere\/pont-labbe\/stop-tafta-ceta-depot-d-une-petition-29-04-2018-11943638.php\" target=\"_blank\" rel=\"noopener\">https:\/\/www.letelegramme.fr\/finistere\/pont-labbe\/stop-tafta-ceta-depot-d-une-petition-29-04-2018-11943638.php<\/a><\/p>\n<p style=\"text-align: justify;\"><a href=\"https:\/\/www.letelegramme.fr\/finistere\/ploneour-lanvern\/collectif-stop-tafta-ceta-un-referendum-02-05-2018-11945997.php\" target=\"_blank\" rel=\"noopener\">https:\/\/www.letelegramme.fr\/finistere\/ploneour-lanvern\/collectif-stop-tafta-ceta-un-referendum-02-05-2018-11945997.php<\/a><\/p>\n<p style=\"text-align: justify;\"><a href=\"https:\/\/www.letelegramme.fr\/finistere\/pont-labbe\/stop-tafta-ceta-une-lettre-ouverte-aux-parlementaires-06-05-2018-11950199.php\" target=\"_blank\" rel=\"noopener\">https:\/\/www.letelegramme.fr\/finistere\/pont-labbe\/stop-tafta-ceta-une-lettre-ouverte-aux-parlementaires-06-05-2018-11950199.php<\/a><\/p>\n<p style=\"text-align: justify;\"><a href=\"https:\/\/www.letelegramme.fr\/finistere\/pont-labbe\/stop-ceta-le-collectif-bigouden-stop-ceta-s-indigne-de-la-ratification-du-traite-27-07-2019-12348725.php\" target=\"_blank\" rel=\"noopener\">https:\/\/www.letelegramme.fr\/finistere\/pont-labbe\/stop-ceta-le-collectif-bigouden-stop-ceta-s-indigne-de-la-ratification-du-traite-27-07-2019-12348725.php<\/a><\/p>\n<p style=\"text-align: justify;\"><a href=\"https:\/\/www.letelegramme.fr\/finistere\/pont-labbe\/collectif-bigouden-stop-ceta-tafta-une-lettre-deposee-a-la-permanence-de-la-deputee-01-08-2019-12352291.php\" target=\"_blank\" rel=\"noopener\">https:\/\/www.letelegramme.fr\/finistere\/pont-labbe\/collectif-bigouden-stop-ceta-tafta-une-lettre-deposee-a-la-permanence-de-la-deputee-01-08-2019-12352291.php<\/a><\/p>\n<p style=\"text-align: justify;\"><a href=\"https:\/\/www.letelegramme.fr\/finistere\/pont-labbe\/derogation-sur-les-neonicotinoides-une-lettre-ouverte-a-la-deputee-16-10-2020-12639577.php\" target=\"_blank\" rel=\"noopener\">https:\/\/www.letelegramme.fr\/finistere\/pont-labbe\/derogation-sur-les-neonicotinoides-une-lettre-ouverte-a-la-deputee-16-10-2020-12639577.php<\/a><\/p>\n<p style=\"text-align: justify;\"><a href=\"https:\/\/www.letelegramme.fr\/finistere\/pont-labbe\/segur-de-la-sante-la-deputee-liliana-tanguy-soutient-les-ssiad-18-12-2020-12676555.php\" target=\"_blank\" rel=\"noopener\">https:\/\/www.letelegramme.fr\/finistere\/pont-labbe\/segur-de-la-sante-la-deputee-liliana-tanguy-soutient-les-ssiad-18-12-2020-12676555.php<\/a><\/p>\n<p style=\"text-align: justify;\"><a href=\"https:\/\/www.letelegramme.fr\/finistere\/quimper\/france-palestine-solidarite-interpelle-deputes-et-senateurs-en-cornouaille-19-04-2021-12737563.php\" target=\"_blank\" rel=\"noopener\">https:\/\/www.letelegramme.fr\/finistere\/quimper\/france-palestine-solidarite-interpelle-deputes-et-senateurs-en-cornouaille-19-04-2021-12737563.php<\/a><\/p>\n<p style=\"text-align: justify;\"><a href=\"https:\/\/www.letelegramme.fr\/debats\/tribune-le-climat-n-a-pas-de-frontieres-05-05-2021-12744709.php\" target=\"_blank\" rel=\"noopener\">https:\/\/www.letelegramme.fr\/debats\/tribune-le-climat-n-a-pas-de-frontieres-05-05-2021-12744709.php<\/a><\/p>\n<p style=\"text-align: justify;\"><a href=\"https:\/\/www.letelegramme.fr\/bretagne\/pma-embryon-acces-aux-origines-decouvrez-si-votre-depute-va-voter-pour-ou-contre-la-loi-bioethique-24-06-2021-12776115.php\" target=\"_blank\" rel=\"noopener\">https:\/\/www.letelegramme.fr\/bretagne\/pma-embryon-acces-aux-origines-decouvrez-si-votre-depute-va-voter-pour-ou-contre-la-loi-bioethique-24-06-2021-12776115.php<\/a><\/p>\n<p style=\"text-align: justify;\"><a href=\"https:\/\/www.letelegramme.fr\/finistere\/pont-labbe\/pass-sanitaire-l-udb-denonce-le-vote-de-la-deputee-pour-le-licenciement-des-salaries-23-07-2021-12796256.php\" target=\"_blank\" rel=\"noopener\">https:\/\/www.letelegramme.fr\/finistere\/pont-labbe\/pass-sanitaire-l-udb-denonce-le-vote-de-la-deputee-pour-le-licenciement-des-salaries-23-07-2021-12796256.php<\/a><\/p>\n<p style=\"text-align: justify;\"><a href=\"https:\/\/www.letelegramme.fr\/finistere\/capsizun\/cent-cinquante-capistes-mobilises-contre-la-fermeture-du-bureau-de-poste-a-pont-croix-09-10-2021-12843489.php\" target=\"_blank\" rel=\"noopener\">https:\/\/www.letelegramme.fr\/finistere\/capsizun\/cent-cinquante-capistes-mobilises-contre-la-fermeture-du-bureau-de-poste-a-pont-croix-09-10-2021-12843489.php<\/a><\/p>\n<p style=\"text-align: justify;\"><a href=\"https:\/\/www.letelegramme.fr\/finistere\/quimper\/les-infirmiers-anesthesistes-cornouaillais-demandent-une-vraie-reconnaissance-15-11-2021-12867553.php\" target=\"_blank\" rel=\"noopener\">https:\/\/www.letelegramme.fr\/finistere\/quimper\/les-infirmiers-anesthesistes-cornouaillais-demandent-une-vraie-reconnaissance-15-11-2021-12867553.php<\/a><\/p>\n<p style=\"text-align: justify;\"><a href=\"https:\/\/www.letelegramme.fr\/finistere\/pont-labbe\/a-pont-l-abbe-les-personnels-du-secteur-social-et-medico-social-au-bord-de-la-rupture-22-11-2021-12872714.php\" target=\"_blank\" rel=\"noopener\">https:\/\/www.letelegramme.fr\/finistere\/pont-labbe\/a-pont-l-abbe-les-personnels-du-secteur-social-et-medico-social-au-bord-de-la-rupture-22-11-2021-12872714.php<\/a><\/p>\n<p style=\"text-align: justify;\"><a href=\"https:\/\/www.letelegramme.fr\/finistere\/quimper\/les-infirmiers-anesthesistes-cornouaillais-se-sentent-meprises-par-le-gouvernement-10-12-2021-12885928.php\" target=\"_blank\" rel=\"noopener\">https:\/\/www.letelegramme.fr\/finistere\/quimper\/les-infirmiers-anesthesistes-cornouaillais-se-sentent-meprises-par-le-gouvernement-10-12-2021-12885928.php<\/a><\/p>\n<p style=\"text-align: justify;\"><a href=\"https:\/\/www.letelegramme.fr\/dossiers\/du-lithium-en-pays-bigouden\/lithium-bigouden-il-n-y-a-aucun-projet-d-extraction-d-apres-la-deputee-liliana-tanguy-26-02-2022-12928985.php\" target=\"_blank\" rel=\"noopener\">https:\/\/www.letelegramme.fr\/dossiers\/du-lithium-en-pays-bigouden\/lithium-bigouden-il-n-y-a-aucun-projet-d-extraction-d-apres-la-deputee-liliana-tanguy-26-02-2022-12928985.php<\/a><\/p>\n<p style=\"text-align: justify;\"><a href=\"https:\/\/www.liberation.fr\/politiques\/2019\/11\/12\/la-soiree-deguisee-de-quatre-deputes-lrem-avec-des-lobbyistes_1762877\/\" target=\"_blank\" rel=\"noopener\">https:\/\/www.liberation.fr\/politiques\/2019\/11\/12\/la-soiree-deguisee-de-quatre-deputes-lrem-avec-des-lobbyistes_1762877\/<\/a><\/p>\n<p><a href=\"https:\/\/parlementerre.fr\/?s=08\" target=\"_blank\" rel=\"noopener\">https:\/\/parlementerre.fr\/?s=08<\/a><\/p>\n<p style=\"text-align: justify;\">\n","protected":false},"excerpt":{"rendered":"<p>Finist\u00e8re &#8211; 7\u00e8me circonscription Liliana TANGUY, d\u00e9put\u00e9e de notre circonscription se repr\u00e9sente apr\u00e8s 5 ann\u00e9es d\u2019un mandat au service des puissants plus que des habitants de notre circonscription et des pr\u00e9occupations sociales et \u00e9cologiques d\u2019une humanit\u00e9 exigeant d\u2019inventer un mod\u00e8le protecteur de l\u2019humain et de la plan\u00e8te.<\/p>\n","protected":false},"author":6,"featured_media":1278,"comment_status":"closed","ping_status":"closed","sticky":false,"template":"","format":"standard","meta":{"_jetpack_memberships_contains_paid_content":false,"footnotes":""},"categories":[2,4],"tags":[152,147,150,153],"class_list":["post-1260","post","type-post","status-publish","format-standard","has-post-thumbnail","hentry","category-democratie","category-electionpresid-2022","tag-deputee","tag-legislatives","tag-nupes","tag-tanguy"],"yoast_head":"<!-- This site is optimized with the Yoast SEO plugin v27.5 - https:\/\/yoast.com\/product\/yoast-seo-wordpress\/ -->\n<title>Avec la Nouvelle Union Populaire \u00c9cologique et Sociale (NUPES) sortons notre d\u00e9put\u00e9e sortante\u00a0: Liliana TANGUY, \u00e0 l\u2019\u00e9coute du chef et des lobbies plut\u00f4t que de la population - PCF Pays Bigouden<\/title>\n<meta name=\"robots\" content=\"index, follow, max-snippet:-1, max-image-preview:large, max-video-preview:-1\" \/>\n<link rel=\"canonical\" href=\"https:\/\/pcbigouden.fr\/?p=1260\" \/>\n<meta property=\"og:locale\" content=\"fr_FR\" \/>\n<meta property=\"og:type\" content=\"article\" \/>\n<meta property=\"og:title\" content=\"Avec la Nouvelle Union Populaire \u00c9cologique et Sociale (NUPES) sortons notre d\u00e9put\u00e9e sortante\u00a0: Liliana TANGUY, \u00e0 l\u2019\u00e9coute du chef et des lobbies plut\u00f4t que de la population - PCF Pays Bigouden\" \/>\n<meta property=\"og:description\" content=\"Finist\u00e8re &#8211; 7\u00e8me circonscription Liliana TANGUY, d\u00e9put\u00e9e de notre circonscription se repr\u00e9sente apr\u00e8s 5 ann\u00e9es d\u2019un mandat au service des puissants plus que des habitants de notre circonscription et des pr\u00e9occupations sociales et \u00e9cologiques d\u2019une humanit\u00e9 exigeant d\u2019inventer un mod\u00e8le protecteur de l\u2019humain et de la plan\u00e8te.\" \/>\n<meta property=\"og:url\" content=\"https:\/\/pcbigouden.fr\/?p=1260\" \/>\n<meta property=\"og:site_name\" content=\"PCF Pays Bigouden\" \/>\n<meta property=\"article:published_time\" content=\"2022-05-29T07:08:47+00:00\" \/>\n<meta property=\"article:modified_time\" content=\"2022-06-01T06:03:20+00:00\" \/>\n<meta property=\"og:image\" content=\"https:\/\/pcbigouden.fr\/wp-content\/uploads\/2022\/05\/SortonsLaSortante.jpg\" \/>\n\t<meta property=\"og:image:width\" content=\"201\" \/>\n\t<meta property=\"og:image:height\" content=\"201\" \/>\n\t<meta property=\"og:image:type\" content=\"image\/jpeg\" \/>\n<meta name=\"author\" content=\"sierramaestra\" \/>\n<meta name=\"twitter:card\" content=\"summary_large_image\" \/>\n<meta name=\"twitter:label1\" content=\"\u00c9crit par\" \/>\n\t<meta name=\"twitter:data1\" content=\"sierramaestra\" \/>\n\t<meta name=\"twitter:label2\" content=\"Dur\u00e9e de lecture estim\u00e9e\" \/>\n\t<meta name=\"twitter:data2\" content=\"6 minutes\" \/>\n<script type=\"application\/ld+json\" class=\"yoast-schema-graph\">{\"@context\":\"https:\\\/\\\/schema.org\",\"@graph\":[{\"@type\":\"Article\",\"@id\":\"https:\\\/\\\/pcbigouden.fr\\\/?p=1260#article\",\"isPartOf\":{\"@id\":\"https:\\\/\\\/pcbigouden.fr\\\/?p=1260\"},\"author\":{\"name\":\"sierramaestra\",\"@id\":\"https:\\\/\\\/pcbigouden.fr\\\/#\\\/schema\\\/person\\\/2f88b3db41deacf169cab9e2ff83133a\"},\"headline\":\"Avec la Nouvelle Union Populaire \u00c9cologique et Sociale (NUPES) sortons notre d\u00e9put\u00e9e sortante\u00a0: Liliana TANGUY, \u00e0 l\u2019\u00e9coute du chef et des lobbies plut\u00f4t que de la population\",\"datePublished\":\"2022-05-29T07:08:47+00:00\",\"dateModified\":\"2022-06-01T06:03:20+00:00\",\"mainEntityOfPage\":{\"@id\":\"https:\\\/\\\/pcbigouden.fr\\\/?p=1260\"},\"wordCount\":1357,\"publisher\":{\"@id\":\"https:\\\/\\\/pcbigouden.fr\\\/#organization\"},\"image\":{\"@id\":\"https:\\\/\\\/pcbigouden.fr\\\/?p=1260#primaryimage\"},\"thumbnailUrl\":\"https:\\\/\\\/pcbigouden.fr\\\/wp-content\\\/uploads\\\/2022\\\/05\\\/SortonsLaSortante.jpg\",\"keywords\":[\"d\u00e9put\u00e9e\",\"l\u00e9gislatives\",\"NUPES\",\"Tanguy\"],\"articleSection\":[\"D\u00e9mocratie\",\"\u00c9lections\"],\"inLanguage\":\"fr-FR\"},{\"@type\":\"WebPage\",\"@id\":\"https:\\\/\\\/pcbigouden.fr\\\/?p=1260\",\"url\":\"https:\\\/\\\/pcbigouden.fr\\\/?p=1260\",\"name\":\"Avec la Nouvelle Union Populaire \u00c9cologique et Sociale (NUPES) sortons notre d\u00e9put\u00e9e sortante\u00a0: Liliana TANGUY, \u00e0 l\u2019\u00e9coute du chef et des lobbies plut\u00f4t que de la population - PCF Pays Bigouden\",\"isPartOf\":{\"@id\":\"https:\\\/\\\/pcbigouden.fr\\\/#website\"},\"primaryImageOfPage\":{\"@id\":\"https:\\\/\\\/pcbigouden.fr\\\/?p=1260#primaryimage\"},\"image\":{\"@id\":\"https:\\\/\\\/pcbigouden.fr\\\/?p=1260#primaryimage\"},\"thumbnailUrl\":\"https:\\\/\\\/pcbigouden.fr\\\/wp-content\\\/uploads\\\/2022\\\/05\\\/SortonsLaSortante.jpg\",\"datePublished\":\"2022-05-29T07:08:47+00:00\",\"dateModified\":\"2022-06-01T06:03:20+00:00\",\"breadcrumb\":{\"@id\":\"https:\\\/\\\/pcbigouden.fr\\\/?p=1260#breadcrumb\"},\"inLanguage\":\"fr-FR\",\"potentialAction\":[{\"@type\":\"ReadAction\",\"target\":[\"https:\\\/\\\/pcbigouden.fr\\\/?p=1260\"]}]},{\"@type\":\"ImageObject\",\"inLanguage\":\"fr-FR\",\"@id\":\"https:\\\/\\\/pcbigouden.fr\\\/?p=1260#primaryimage\",\"url\":\"https:\\\/\\\/pcbigouden.fr\\\/wp-content\\\/uploads\\\/2022\\\/05\\\/SortonsLaSortante.jpg\",\"contentUrl\":\"https:\\\/\\\/pcbigouden.fr\\\/wp-content\\\/uploads\\\/2022\\\/05\\\/SortonsLaSortante.jpg\",\"width\":201,\"height\":201},{\"@type\":\"BreadcrumbList\",\"@id\":\"https:\\\/\\\/pcbigouden.fr\\\/?p=1260#breadcrumb\",\"itemListElement\":[{\"@type\":\"ListItem\",\"position\":1,\"name\":\"Accueil\",\"item\":\"https:\\\/\\\/pcbigouden.fr\\\/\"},{\"@type\":\"ListItem\",\"position\":2,\"name\":\"Avec la Nouvelle Union Populaire \u00c9cologique et Sociale (NUPES) sortons notre d\u00e9put\u00e9e sortante\u00a0: Liliana TANGUY, \u00e0 l\u2019\u00e9coute du chef et des lobbies plut\u00f4t que de la population\"}]},{\"@type\":\"WebSite\",\"@id\":\"https:\\\/\\\/pcbigouden.fr\\\/#website\",\"url\":\"https:\\\/\\\/pcbigouden.fr\\\/\",\"name\":\"PCF Pays Bigouden\",\"description\":\"Blog des communistes du Pays Bigouden\",\"publisher\":{\"@id\":\"https:\\\/\\\/pcbigouden.fr\\\/#organization\"},\"potentialAction\":[{\"@type\":\"SearchAction\",\"target\":{\"@type\":\"EntryPoint\",\"urlTemplate\":\"https:\\\/\\\/pcbigouden.fr\\\/?s={search_term_string}\"},\"query-input\":{\"@type\":\"PropertyValueSpecification\",\"valueRequired\":true,\"valueName\":\"search_term_string\"}}],\"inLanguage\":\"fr-FR\"},{\"@type\":\"Organization\",\"@id\":\"https:\\\/\\\/pcbigouden.fr\\\/#organization\",\"name\":\"Parti Communiste PCF Pays Bigouden\",\"url\":\"https:\\\/\\\/pcbigouden.fr\\\/\",\"logo\":{\"@type\":\"ImageObject\",\"inLanguage\":\"fr-FR\",\"@id\":\"https:\\\/\\\/pcbigouden.fr\\\/#\\\/schema\\\/logo\\\/image\\\/\",\"url\":\"https:\\\/\\\/pcbigouden.fr\\\/wp-content\\\/uploads\\\/2021\\\/10\\\/logoTB307x290.jpg\",\"contentUrl\":\"https:\\\/\\\/pcbigouden.fr\\\/wp-content\\\/uploads\\\/2021\\\/10\\\/logoTB307x290.jpg\",\"width\":307,\"height\":290,\"caption\":\"Parti Communiste PCF Pays Bigouden\"},\"image\":{\"@id\":\"https:\\\/\\\/pcbigouden.fr\\\/#\\\/schema\\\/logo\\\/image\\\/\"}},{\"@type\":\"Person\",\"@id\":\"https:\\\/\\\/pcbigouden.fr\\\/#\\\/schema\\\/person\\\/2f88b3db41deacf169cab9e2ff83133a\",\"name\":\"sierramaestra\",\"image\":{\"@type\":\"ImageObject\",\"inLanguage\":\"fr-FR\",\"@id\":\"https:\\\/\\\/secure.gravatar.com\\\/avatar\\\/5e822171bcc9a9856efba4097a35cfd35b4c239b7b552810087caf40ef8496b2?s=96&d=mm&r=g\",\"url\":\"https:\\\/\\\/secure.gravatar.com\\\/avatar\\\/5e822171bcc9a9856efba4097a35cfd35b4c239b7b552810087caf40ef8496b2?s=96&d=mm&r=g\",\"contentUrl\":\"https:\\\/\\\/secure.gravatar.com\\\/avatar\\\/5e822171bcc9a9856efba4097a35cfd35b4c239b7b552810087caf40ef8496b2?s=96&d=mm&r=g\",\"caption\":\"sierramaestra\"},\"url\":\"https:\\\/\\\/pcbigouden.fr\\\/?author=6\"}]}<\/script>\n<!-- \/ Yoast SEO plugin. -->","yoast_head_json":{"title":"Avec la Nouvelle Union Populaire \u00c9cologique et Sociale (NUPES) sortons notre d\u00e9put\u00e9e sortante\u00a0: Liliana TANGUY, \u00e0 l\u2019\u00e9coute du chef et des lobbies plut\u00f4t que de la population - PCF Pays Bigouden","robots":{"index":"index","follow":"follow","max-snippet":"max-snippet:-1","max-image-preview":"max-image-preview:large","max-video-preview":"max-video-preview:-1"},"canonical":"https:\/\/pcbigouden.fr\/?p=1260","og_locale":"fr_FR","og_type":"article","og_title":"Avec la Nouvelle Union Populaire \u00c9cologique et Sociale (NUPES) sortons notre d\u00e9put\u00e9e sortante\u00a0: Liliana TANGUY, \u00e0 l\u2019\u00e9coute du chef et des lobbies plut\u00f4t que de la population - PCF Pays Bigouden","og_description":"Finist\u00e8re &#8211; 7\u00e8me circonscription Liliana TANGUY, d\u00e9put\u00e9e de notre circonscription se repr\u00e9sente apr\u00e8s 5 ann\u00e9es d\u2019un mandat au service des puissants plus que des habitants de notre circonscription et des pr\u00e9occupations sociales et \u00e9cologiques d\u2019une humanit\u00e9 exigeant d\u2019inventer un mod\u00e8le protecteur de l\u2019humain et de la plan\u00e8te.","og_url":"https:\/\/pcbigouden.fr\/?p=1260","og_site_name":"PCF Pays Bigouden","article_published_time":"2022-05-29T07:08:47+00:00","article_modified_time":"2022-06-01T06:03:20+00:00","og_image":[{"width":201,"height":201,"url":"https:\/\/pcbigouden.fr\/wp-content\/uploads\/2022\/05\/SortonsLaSortante.jpg","type":"image\/jpeg"}],"author":"sierramaestra","twitter_card":"summary_large_image","twitter_misc":{"\u00c9crit par":"sierramaestra","Dur\u00e9e de lecture estim\u00e9e":"6 minutes"},"schema":{"@context":"https:\/\/schema.org","@graph":[{"@type":"Article","@id":"https:\/\/pcbigouden.fr\/?p=1260#article","isPartOf":{"@id":"https:\/\/pcbigouden.fr\/?p=1260"},"author":{"name":"sierramaestra","@id":"https:\/\/pcbigouden.fr\/#\/schema\/person\/2f88b3db41deacf169cab9e2ff83133a"},"headline":"Avec la Nouvelle Union Populaire \u00c9cologique et Sociale (NUPES) sortons notre d\u00e9put\u00e9e sortante\u00a0: Liliana TANGUY, \u00e0 l\u2019\u00e9coute du chef et des lobbies plut\u00f4t que de la population","datePublished":"2022-05-29T07:08:47+00:00","dateModified":"2022-06-01T06:03:20+00:00","mainEntityOfPage":{"@id":"https:\/\/pcbigouden.fr\/?p=1260"},"wordCount":1357,"publisher":{"@id":"https:\/\/pcbigouden.fr\/#organization"},"image":{"@id":"https:\/\/pcbigouden.fr\/?p=1260#primaryimage"},"thumbnailUrl":"https:\/\/pcbigouden.fr\/wp-content\/uploads\/2022\/05\/SortonsLaSortante.jpg","keywords":["d\u00e9put\u00e9e","l\u00e9gislatives","NUPES","Tanguy"],"articleSection":["D\u00e9mocratie","\u00c9lections"],"inLanguage":"fr-FR"},{"@type":"WebPage","@id":"https:\/\/pcbigouden.fr\/?p=1260","url":"https:\/\/pcbigouden.fr\/?p=1260","name":"Avec la Nouvelle Union Populaire \u00c9cologique et Sociale (NUPES) sortons notre d\u00e9put\u00e9e sortante\u00a0: Liliana TANGUY, \u00e0 l\u2019\u00e9coute du chef et des lobbies plut\u00f4t que de la population - PCF Pays Bigouden","isPartOf":{"@id":"https:\/\/pcbigouden.fr\/#website"},"primaryImageOfPage":{"@id":"https:\/\/pcbigouden.fr\/?p=1260#primaryimage"},"image":{"@id":"https:\/\/pcbigouden.fr\/?p=1260#primaryimage"},"thumbnailUrl":"https:\/\/pcbigouden.fr\/wp-content\/uploads\/2022\/05\/SortonsLaSortante.jpg","datePublished":"2022-05-29T07:08:47+00:00","dateModified":"2022-06-01T06:03:20+00:00","breadcrumb":{"@id":"https:\/\/pcbigouden.fr\/?p=1260#breadcrumb"},"inLanguage":"fr-FR","potentialAction":[{"@type":"ReadAction","target":["https:\/\/pcbigouden.fr\/?p=1260"]}]},{"@type":"ImageObject","inLanguage":"fr-FR","@id":"https:\/\/pcbigouden.fr\/?p=1260#primaryimage","url":"https:\/\/pcbigouden.fr\/wp-content\/uploads\/2022\/05\/SortonsLaSortante.jpg","contentUrl":"https:\/\/pcbigouden.fr\/wp-content\/uploads\/2022\/05\/SortonsLaSortante.jpg","width":201,"height":201},{"@type":"BreadcrumbList","@id":"https:\/\/pcbigouden.fr\/?p=1260#breadcrumb","itemListElement":[{"@type":"ListItem","position":1,"name":"Accueil","item":"https:\/\/pcbigouden.fr\/"},{"@type":"ListItem","position":2,"name":"Avec la Nouvelle Union Populaire \u00c9cologique et Sociale (NUPES) sortons notre d\u00e9put\u00e9e sortante\u00a0: Liliana TANGUY, \u00e0 l\u2019\u00e9coute du chef et des lobbies plut\u00f4t que de la population"}]},{"@type":"WebSite","@id":"https:\/\/pcbigouden.fr\/#website","url":"https:\/\/pcbigouden.fr\/","name":"PCF Pays Bigouden","description":"Blog des communistes du Pays Bigouden","publisher":{"@id":"https:\/\/pcbigouden.fr\/#organization"},"potentialAction":[{"@type":"SearchAction","target":{"@type":"EntryPoint","urlTemplate":"https:\/\/pcbigouden.fr\/?s={search_term_string}"},"query-input":{"@type":"PropertyValueSpecification","valueRequired":true,"valueName":"search_term_string"}}],"inLanguage":"fr-FR"},{"@type":"Organization","@id":"https:\/\/pcbigouden.fr\/#organization","name":"Parti Communiste PCF Pays Bigouden","url":"https:\/\/pcbigouden.fr\/","logo":{"@type":"ImageObject","inLanguage":"fr-FR","@id":"https:\/\/pcbigouden.fr\/#\/schema\/logo\/image\/","url":"https:\/\/pcbigouden.fr\/wp-content\/uploads\/2021\/10\/logoTB307x290.jpg","contentUrl":"https:\/\/pcbigouden.fr\/wp-content\/uploads\/2021\/10\/logoTB307x290.jpg","width":307,"height":290,"caption":"Parti Communiste PCF Pays Bigouden"},"image":{"@id":"https:\/\/pcbigouden.fr\/#\/schema\/logo\/image\/"}},{"@type":"Person","@id":"https:\/\/pcbigouden.fr\/#\/schema\/person\/2f88b3db41deacf169cab9e2ff83133a","name":"sierramaestra","image":{"@type":"ImageObject","inLanguage":"fr-FR","@id":"https:\/\/secure.gravatar.com\/avatar\/5e822171bcc9a9856efba4097a35cfd35b4c239b7b552810087caf40ef8496b2?s=96&d=mm&r=g","url":"https:\/\/secure.gravatar.com\/avatar\/5e822171bcc9a9856efba4097a35cfd35b4c239b7b552810087caf40ef8496b2?s=96&d=mm&r=g","contentUrl":"https:\/\/secure.gravatar.com\/avatar\/5e822171bcc9a9856efba4097a35cfd35b4c239b7b552810087caf40ef8496b2?s=96&d=mm&r=g","caption":"sierramaestra"},"url":"https:\/\/pcbigouden.fr\/?author=6"}]}},"jetpack_featured_media_url":"https:\/\/pcbigouden.fr\/wp-content\/uploads\/2022\/05\/SortonsLaSortante.jpg","jetpack_sharing_enabled":true,"jetpack_likes_enabled":true,"_links":{"self":[{"href":"https:\/\/pcbigouden.fr\/index.php?rest_route=\/wp\/v2\/posts\/1260","targetHints":{"allow":["GET"]}}],"collection":[{"href":"https:\/\/pcbigouden.fr\/index.php?rest_route=\/wp\/v2\/posts"}],"about":[{"href":"https:\/\/pcbigouden.fr\/index.php?rest_route=\/wp\/v2\/types\/post"}],"author":[{"embeddable":true,"href":"https:\/\/pcbigouden.fr\/index.php?rest_route=\/wp\/v2\/users\/6"}],"replies":[{"embeddable":true,"href":"https:\/\/pcbigouden.fr\/index.php?rest_route=%2Fwp%2Fv2%2Fcomments&post=1260"}],"version-history":[{"count":0,"href":"https:\/\/pcbigouden.fr\/index.php?rest_route=\/wp\/v2\/posts\/1260\/revisions"}],"wp:featuredmedia":[{"embeddable":true,"href":"https:\/\/pcbigouden.fr\/index.php?rest_route=\/wp\/v2\/media\/1278"}],"wp:attachment":[{"href":"https:\/\/pcbigouden.fr\/index.php?rest_route=%2Fwp%2Fv2%2Fmedia&parent=1260"}],"wp:term":[{"taxonomy":"category","embeddable":true,"href":"https:\/\/pcbigouden.fr\/index.php?rest_route=%2Fwp%2Fv2%2Fcategories&post=1260"},{"taxonomy":"post_tag","embeddable":true,"href":"https:\/\/pcbigouden.fr\/index.php?rest_route=%2Fwp%2Fv2%2Ftags&post=1260"}],"curies":[{"name":"wp","href":"https:\/\/api.w.org\/{rel}","templated":true}]}}