{"id":1183,"date":"2022-05-01T21:36:48","date_gmt":"2022-05-01T19:36:48","guid":{"rendered":"https:\/\/pcbigouden.fr\/?p=1183"},"modified":"2022-05-02T08:56:59","modified_gmt":"2022-05-02T06:56:59","slug":"pour-une-union-populaire-de-la-gauche-et-des-ecologistes-rassembles","status":"publish","type":"post","link":"https:\/\/pcbigouden.fr\/?p=1183","title":{"rendered":"Pour une union populaire de la gauche et des \u00e9cologistes rassembl\u00e9s !"},"content":{"rendered":"<p style=\"text-align: center;\"><strong>D\u00e9claration du Comit\u00e9 ex\u00e9cutif national du PCF le 30 avril 2022<br \/>\n<\/strong><\/p>\n<p>A l\u2019issue du second tour de l\u2019\u00e9lection pr\u00e9sidentielle, Emmanuel Macron s\u2019appr\u00eate \u00e0 engager la politique de r\u00e9gression sociale la plus grave de ces derni\u00e8res d\u00e9cennies en portant notamment \u00e0 65 ans l\u2019\u00e2ge de d\u00e9part en retraite ou en conditionnant le RSA \u00e0 une obligation de travail. Quant \u00e0 l\u2019extr\u00eame droite, son poids renforc\u00e9 pourrait conduire \u00e0 l\u2019entr\u00e9e au Parlement de dizaines de d\u00e9put\u00e9s portant des projets racistes, x\u00e9nophobes et antisociaux mena\u00e7ant les principes fondamentaux de la R\u00e9publique.<!--more--><br \/>\nLes Fran\u00e7ais et les Fran\u00e7aises, le monde du travail et de la cr\u00e9ation, la jeunesse, les millions d\u2019abstentionnistes, ont besoin d\u2019une perspective d\u2019espoir. Ils attendent d\u00e8s le mois de juillet des avanc\u00e9es concr\u00e8tes, imm\u00e9diates, pour leur vie quotidienne. Ils attendent qu\u2019on mette enfin les formidables richesses du pays au service de l\u2019emploi, de l\u2019augmentation des salaires, des pensions et de meilleures conditions de travail. Ils veulent des r\u00e9formes heureuses, positives, de progr\u00e8s et de justice sociale.<\/p>\n<div class=\"cxmmr5t8 oygrvhab hcukyx3x c1et5uql o9v6fnle ii04i59q\">\n<div dir=\"auto\">Ces changements sont possibles si toutes les forces de gauche s\u2019unissent pour pr\u00e9senter des candidatures communes dans toutes les circonscriptions du pays. C\u2019est pourquoi les communistes veulent construire cette union et sont plus que jamais d\u00e9termin\u00e9s \u00e0 un accord de toutes les forces de gauche, La France insoumise, le Parti communiste Fran\u00e7ais, Europe \u00c9cologie Les Verts, le Parti socialiste.<\/div>\n<\/div>\n<div class=\"cxmmr5t8 oygrvhab hcukyx3x c1et5uql o9v6fnle ii04i59q\">\n<div dir=\"auto\"><\/div>\n<div dir=\"auto\">Apr\u00e8s plusieurs jours d\u2019\u00e9change avec nos partenaires, nous constatons que les propositions de La France insoumise qui a la responsabilit\u00e9 premi\u00e8re de permettre ce rassemblement n\u2019ont pas permis \u00e0 cette heure, d\u2019atteindre notre objectif partag\u00e9 d\u2019une nouvelle majorit\u00e9 de gauche. C\u2019est la raison pour laquelle, nous rendons publiques aujourd\u2019hui les propositions suivantes susceptibles de permettre la conclusion d\u2019un accord. Celui-ci n\u00e9cessite la tenue dans les meilleurs d\u00e9lais d\u2019une r\u00e9union commune de nos quatre formations politiques qui n\u2019a pas encore eu lieu \u00e0 cette heure plut\u00f4t que dans des r\u00e9unions bilat\u00e9rales distinctes.<\/div>\n<\/div>\n<div class=\"cxmmr5t8 oygrvhab hcukyx3x c1et5uql o9v6fnle ii04i59q\">\n<div dir=\"auto\"><\/div>\n<div dir=\"auto\">Nous proposons une coalition de forces sans h\u00e9g\u00e9monie et un label commun qui refl\u00e8te l\u2019expression de notre diversit\u00e9, par exemple l\u2019union populaire de la gauche et des \u00e9cologistes rassembl\u00e9s.<\/div>\n<\/div>\n<div class=\"cxmmr5t8 oygrvhab hcukyx3x c1et5uql o9v6fnle ii04i59q\">\n<div dir=\"auto\">Nous proposons un programme partag\u00e9 de gouvernement \u00e0 partir du texte l\u2019Avenir en commun enrichi des propositions de toutes les forces dont celles du programme \u00ab La France des Jours heureux \u00bb.<\/div>\n<\/div>\n<div class=\"cxmmr5t8 oygrvhab hcukyx3x c1et5uql o9v6fnle ii04i59q\">\n<div dir=\"auto\"><\/div>\n<div dir=\"auto\">Nous proposons un accord national de pr\u00e9sentation de candidat.es communs, \u00e0 parit\u00e9, qui permettront \u00e0 notre coalition d\u2019obtenir une majorit\u00e9 \u00e0 l\u2019Assembl\u00e9e pour r\u00e9pondre aux exigences qui s\u2019expriment ; qui donne la garantie \u00e0 chacune des forces de cette coalition de pouvoir constituer un groupe, ce que vient de r\u00e9affirmer Jean-Luc M\u00e9lenchon et alors que ce n\u2019est pas le cas dans l\u2019\u00e9tat actuel des propositions ; qui assure une repr\u00e9sentation nationale \u00e0 chacune des forces. Cet accord doit leur<\/div>\n<div dir=\"auto\">permettre de contribuer, gr\u00e2ce \u00e0 des personnalit\u00e9s reconnues pour leurs engagements de terrain, aux n\u00e9cessaires conqu\u00eates de circonscriptions.<\/div>\n<\/div>\n<div class=\"cxmmr5t8 oygrvhab hcukyx3x c1et5uql o9v6fnle ii04i59q\">\n<div dir=\"auto\">En ce sens, aux c\u00f4t\u00e9s de nos d\u00e9put\u00e9s sortants, nous avons propos\u00e9 de nouvelles candidatures en capacit\u00e9 de l\u2019emporter face \u00e0 la R\u00e9publique en Marche ou au Rassemblement national dans plusieurs circonscriptions, \u00e0 l\u2019image de Nicolas Sansu dans la 2e circonscription du Cher, de Mich\u00e8le Picard dans la 14e circonscription du Rh\u00f4ne, de Pierre Labriet dans la 2e circonscription de l\u2019Is\u00e8re, de Jean-Marc Lespade dans la 2e circonscription des Landes, de Christophe Faverjon dans la 4e<\/div>\n<div dir=\"auto\">circonscription de la Loire, de Marianne Margat\u00e9 dans la 7e circonscription de Seine-et-Marne, de Paul Planque dans la 4e circonscription du Gard, Patrick Soloch dans la 19e circonscription du Nord, de Jean-Marc Tellier dans la 3e circonscription du Pas-de-Calais, de S\u00e9bastien Laborde dans la 11e circonscription de Gironde, de Yasmine Boudjenah dans la 11e circonscription des Hauts-de-Seine, de Didier Lekiefs dans la 2e circonscription de la Haute-Vienne, de S\u00e9bastien Rehibi dans la 3e circonscription de Meurthe-et-Moselle, de Carine Delahaie dans la 11e circonscription du Val-de-Marne.<\/div>\n<div dir=\"auto\">Ces victoires seront essentielles pour obtenir une majorit\u00e9 de gauche \u00e0 l\u2019Assembl\u00e9e Nationale.<\/div>\n<\/div>\n<div class=\"cxmmr5t8 oygrvhab hcukyx3x c1et5uql o9v6fnle ii04i59q\">\n<div dir=\"auto\"><\/div>\n<div dir=\"auto\">Nous appelons les millions de nos concitoyennes et concitoyens qui veulent le changement \u00e0 appuyer la construction de cette coalition de forces dans toutes les circonscriptions du pays et \u00e0 se saisir de la campagne des \u00e9lections l\u00e9gislatives des 12<\/div>\n<div dir=\"auto\">et 19 juin prochains pour la concr\u00e9tiser.<\/div>\n<div dir=\"auto\"><\/div>\n<\/div>\n<div class=\"cxmmr5t8 oygrvhab hcukyx3x c1et5uql o9v6fnle ii04i59q\">\n<div dir=\"auto\">Paris le 30 avril 2022,<\/div>\n<div dir=\"auto\">Comit\u00e9 ex\u00e9cutif national du PCF<\/div>\n<h2 dir=\"auto\" style=\"text-align: center;\"><a href=\"https:\/\/pcbigouden.fr\/wp-content\/uploads\/2022\/05\/Declaration-CEN-PCF-30_04_2022.pdf\" target=\"_blank\" rel=\"noopener\">Cette d\u00e9claration t\u00e9l\u00e9chargeable ici en pdf<\/a><\/h2>\n<hr \/>\n<p style=\"text-align: center;\"><em>Pour m\u00e9moire, la lettre envoy\u00e9e le 28 avril par le PCF \u00e0 LFI :<\/em><\/p>\n<p><em>\u00c0 la direction de La France insoumise<\/em><\/p>\n<p><em>Copie aux autres formations de gauche et \u00e9cologistes<\/em><\/p>\n<p><em>Ch\u00e8res et Chers Camarades,<\/em><\/p>\n<p><em>Dans la derni\u00e8re p\u00e9riode, nos formations se sont rencontr\u00e9es \u00e0 de nombreuses reprises pour travailler \u00e0 un accord en vue des \u00e9lections l\u00e9gislatives du mois de juin.<\/em><\/p>\n<p><em>\u00c0 cette \u00e9tape pourtant, nous constatons que les discussions pi\u00e9tinent. Aussi, souhaitons-nous, par ce courrier, attirer votre attention sur les probl\u00e8mes que nous avons \u00e0 traiter.<\/em><\/p>\n<p><em>Nous le regrettons d\u2019autant plus qu\u2019un large rassemblement nous para\u00eet tout \u00e0 fait possible, si nous nous en donnons les moyens, afin de faire \u00e9lire le plus grand nombre de d\u00e9put\u00e9s de gauche \u00e0 l\u2019Assembl\u00e9e nationale et gagner une majorit\u00e9 nous permettant de gouverner ensemble le pays.<\/em><\/p>\n<p><em>Le 24 avril, si l\u2019\u00e9limination de la repr\u00e9sentante de l\u2019extr\u00eame droite a \u00e9vit\u00e9 le pire au peuple de France, le meilleur reste \u00e0 construire.<\/em><\/p>\n<p><em>Emmanuel Macron reconduit \u00e0 l\u2019\u00c9lys\u00e9e, c\u2019est une nouvelle vague de violences n\u00e9olib\u00e9rale et d\u2019injustices sociales et climatiques qui menace notre peuple, symbolis\u00e9e par le passage \u00e0 65 ans de l\u2019\u00e2ge du d\u00e9part \u00e0 la retraite.<\/em><\/p>\n<p><em>Le risque est grand, si une alternative cr\u00e9dible de progr\u00e8s et de justice sociale ne voit pas le jour, qu\u2019aux \u00e9lections l\u00e9gislatives de juin prochain, une fois encore, le Rassemblement national et ses cousins du parti de Zemmour parviennent \u00e0 d\u00e9tourner la l\u00e9gitime col\u00e8re des Fran\u00e7aises et des Fran\u00e7ais, dans plusieurs dizaines de circonscriptions.<\/em><\/p>\n<p><em>Cette perspective n\u2019a rien d\u2019in\u00e9luctable.<\/em><\/p>\n<p><em>La politique de Monsieur Macron est minoritaire dans le pays, et Madame Le Pen a \u00e9t\u00e9 clairement battue au second tour de la pr\u00e9sidentielle.<\/em><\/p>\n<p><em>Notre peuple, le monde du travail, la jeunesse ont besoin d\u2019espoir.<\/em><\/p>\n<p><em>Ils attendent que l\u2019on r\u00e9ponde enfin aux d\u00e9fis de la cr\u00e9ation d\u2019emplois stables, de l\u2019augmentation des salaires et des pensions, du d\u00e9veloppement des services publics, de la lutte contre la dictature de la finance, du d\u00e9r\u00e8glement climatique et de la transition \u00e9cologique, de la refondation d\u00e9mocratique et sociale de la R\u00e9publique afin que citoyens et salari\u00e9s disposent de nouveaux pouvoirs.<\/em><\/p>\n<p><em>Pour r\u00e9pondre \u00e0 ces attentes, la gauche doit se rassembler et faire de sa diversit\u00e9 une force. Il lui faut avoir pour objectif de refl\u00e9ter et respecter la r\u00e9alit\u00e9 des opinions de nos concitoyennes et concitoyens qui se sont prononc\u00e9s en faveur d\u2019un changement progressiste.<\/em><\/p>\n<p><em>Nous avons des diff\u00e9rences. Elles ont d\u2019ailleurs constitu\u00e9 une richesse dans l\u2019activit\u00e9 de nos groupes parlementaires respectifs, chacune permettant de r\u00e9sister \u00e0 la politique du pouvoir et \u00e0 arracher des avanc\u00e9es pour notre peuple. Les communistes insistent ainsi particuli\u00e8rement sur les moyens financiers permettant d\u2019atteindre nos objectifs, ainsi que sur les pouvoirs d\u00e9cisionnels dont doivent disposer citoyens et salari\u00e9s. N\u2019en faisons pas un obstacle, mais faisons-les plut\u00f4t vivre comme une richesse. C\u2019est notre volont\u00e9.<\/em><\/p>\n<p><em>L\u2019ensemble des forces de gauche a, au total, recueilli plus de 32% des suffrages exprim\u00e9s au premier tour de l\u2019\u00e9lection pr\u00e9sidentielle. Il est possible \u00e0 la gauche r\u00e9unie de battre simultan\u00e9ment la droite dont Emmanuel Macron a dor\u00e9navant pris la t\u00eate, et l\u2019extr\u00eame droite qu\u2019incarne Madame Le Pen. Celle-ci va tenter de faire \u00e9lire de tr\u00e8s nombreux d\u00e9put\u00e9s dans la prochaine Assembl\u00e9e nationale, et y conqu\u00e9rir une majorit\u00e9 de si\u00e8ges.<\/em><\/p>\n<p><em>Des millions et des millions de nos concitoyennes et concitoyens attendent que la gauche porte d\u00e9sormais l\u2019ambition de cette nouvelle majorit\u00e9 et de ce nouveau gouvernement, pleinement repr\u00e9sentatifs de toutes ses composantes et riches de leurs apports respectifs, Jean-Luc M\u00e9lenchon en tant que repr\u00e9sentant de la formation sortie en t\u00eate de la gauche le 10 avril pouvant en prendre la direction.<\/em><\/p>\n<p><em>Nous n\u2019avons pas le droit de d\u00e9cevoir cette esp\u00e9rance. Nous avons, au contraire, la responsabilit\u00e9 de r\u00e9pondre ensemble aux attentes populaires, afin d\u2019entra\u00eener une nouvelle dynamique majoritaire dans le pays.<\/em><\/p>\n<p><em>Le temps presse donc et il nous faut conclure pour partir en campagne afin de remobiliser le peuple de gauche.<\/em><\/p>\n<p><em>C\u2019est la raison pour laquelle nous pensons indispensable de changer de braquet. En clair, d\u2019aller vers une v\u00e9ritable union respectueuse de chacun, d\u2019entendre r\u00e9ellement les propositions que nous avons pour notre part formul\u00e9es, ainsi que celles qu\u2019ont avanc\u00e9es d\u2019autres formations.<\/em><\/p>\n<p><em>Pour aboutir au plus large rassemblement, il nous appartient en commun de travailler \u00e0 la construction d\u2019un front, d\u2019un pacte, d\u2019une coalition (peu importe le nom) de toute la gauche, sur la base du pluralisme auquel toutes les organisations concern\u00e9es affirment \u00eatre attach\u00e9es.<\/em><\/p>\n<p><em>Face aux enjeux particuli\u00e8rement graves que nous avons \u00e0 affronter, il ne peut en effet s\u2019agir du seul ralliement \u00e0 votre programme, votre logo, ou votre candidat \u00e0 la pr\u00e9sidentielle.<\/em><\/p>\n<p><em>Nous avons d\u00e9j\u00e0 eu l\u2019occasion de vous le dire et Fabien Roussel l\u2019a dit publiquement \u00e0 de tr\u00e8s nombreuses reprises, pour enclencher une v\u00e9ritable dynamique de conqu\u00eates et de victoire, le pacte, la coalition indispensable, doit s\u2019\u00e9tablir sur un document programmatique pr\u00e9sentant au pays ce que sera l\u2019action de la nouvelle majorit\u00e9 politique tout au long de la mandature. Ce document, s\u2019il doit \u00e9videmment prendre en compte les propositions de La France insoumise \u00e0 laquelle les \u00e9lecteurs ont donn\u00e9 une responsabilit\u00e9 premi\u00e8re \u00e0 gauche, se devra d\u2019int\u00e9grer les apports des autres tendances de l\u2019accord, dont ceux de \u00ab La France des Jours heureux \u00bb, d\u00e9fendus par Fabien Roussel tout au long de la campagne pr\u00e9sidentielle.<\/em><\/p>\n<p><em>Tel est le sens de la proposition de contrat de l\u00e9gislature que nous vous avons soumis et de la centaine de mesures qu\u2019il comprenait, qui visaient \u00e0 donner \u00e0 notre peuple une vision concr\u00e8te de ce qui pourrait changer imm\u00e9diatement dans la vie quotidienne avec l\u2019arriv\u00e9e d\u2019une nouvelle majorit\u00e9 politique et d\u2019un gouvernement qui en serait issu.<\/em><\/p>\n<p><em>Travailler en ce sens peut permettre d\u2019associer au nouvel \u00e9lan progressiste indispensable les 11 millions de nos compatriotes qui ont vot\u00e9 \u00e0 gauche le 10 avril, c\u2019est-\u00e0-dire les 7,6 millions d\u2019\u00e9lecteurs et \u00e9lectrices qui ont choisi le bulletin de Jean-Luc M\u00e9lenchon bien s\u00fbr, mais \u00e9galement les 3,5 millions qui ont choisi une autre candidature de gauche. Plus encore, l\u2019objectif doit \u00eatre de remobiliser les 13 millions d\u2019hommes et de femmes qui se sont abstenus ou ont vot\u00e9 blanc et nul.<\/em><\/p>\n<p><em>Le choix de nos candidates et candidats dans l\u2019ensemble des d\u00e9partements de l\u2019Hexagone doit r\u00e9pondre au m\u00eame objectif, afin d\u2019assurer la visibilit\u00e9 du pluralisme de la gauche, et de repr\u00e9senter pleinement la d\u00e9mocratie de proximit\u00e9 contre la logique pr\u00e9sidentialiste qu\u2019encouragent les institutions de la Ve R\u00e9publique. Nos compatriotes s\u2019y montrent particuli\u00e8rement attach\u00e9s lorsqu\u2019ils choisissent, chaque fois qu\u2019ils le peuvent, des personnalit\u00e9s dont ils connaissent les engagements de terrain. De plus, des forces citoyennes, n\u2019ayant pas n\u00e9cessairement de pr\u00e9sence nationale, sont \u00e9galement \u00e0 inclure dans notre rassemblement pour arracher la victoire qui permettra d\u2019arr\u00eater les projets de Monsieur Macron.<\/em><\/p>\n<p><em>En ce sens, nous avons propos\u00e9 de nous attacher ensemble \u00e0 la reconduction des d\u00e9put\u00e9s sortants de toute la gauche engag\u00e9s dans le combat contre la politique d\u2019Emmanuel Macron. Nous vous avons \u00e9galement soumis une premi\u00e8re liste d\u2019hommes et de femmes qui, par leur influence dans les combats embl\u00e9matiques des territoires, nous paraissent les mieux \u00e0 m\u00eame de conduire une bataille de conqu\u00eate. Celle-ci va n\u00e9cessiter des efforts consid\u00e9rables, puisque ce sont 289 circonscriptions au moins, qu\u2019il nous faut faire basculer pour disposer d\u2019une majorit\u00e9 au Palais Bourbon, et donc davantage encore dans toutes celles o\u00f9 notre rassemblement peut et doit se qualifier au second tour.<\/em><\/p>\n<p><em>Des rencontres unitaires et citoyennes ont d\u2019ailleurs commenc\u00e9 \u00e0 se tenir dans de nombreux d\u00e9partements pour construire un \u00e9lan conqu\u00e9rant dans de nombreuses circonscriptions. C\u2019est une bonne chose.<\/em><\/p>\n<p><em>Au final, l\u2019objectif doit \u00eatre de donner \u00e0 chaque force la repr\u00e9sentation nationale qui permettra \u00e0 tous de disposer d\u2019un groupe dans la prochaine Assembl\u00e9e, et de for- mer sur cette base un intergroupe permettant \u00e0 nos parlementaires de coordonner leurs actions.<\/em><\/p>\n<p><em>Tel est, \u00e0 notre sens, la seule mani\u00e8re de relever le d\u00e9fi institutionnel qui contraint les candidats \u00e0 franchir la barre des 12,5% des inscrits pour acc\u00e9der au second tour dans une circonscription, de battre l\u2019extr\u00eame droite dans les tr\u00e8s nombreuses circonscriptions qu\u2019elle pourrait remporter si la gauche allait \u00e0 la bataille divis\u00e9e, d\u2019emp\u00eacher dans le m\u00eame mouvement le pouvoir macroniste d\u2019arracher, une nouvelle fois, une majorit\u00e9 parlementaire enti\u00e8rement soumise au pr\u00e9sident de la R\u00e9- publique au lieu de repr\u00e9senter le peuple.<\/em><\/p>\n<p><em>Tout cela, encore une fois, n\u00e9cessite de mobiliser de nouveau et de rassembler les \u00e9lectrices et \u00e9lecteurs qui se sont prononc\u00e9s en faveur de chacune de nos forma- tions au premier tour de la pr\u00e9sidentielle.<\/em><\/p>\n<p><em>Pour prolonger les discussions que nos organisations ont eues jusqu\u2019alors dans une configuration bilat\u00e9rale, nous pensons indispensable que se tienne, dans les toutes prochaines heures, une rencontre pl\u00e9ni\u00e8re entre toutes les formations de gauche dispos\u00e9es \u00e0 travailler \u00e0 la constitution d\u2019un tel cadre d\u2019union.<\/em><\/p>\n<p><em>Se mettre ensemble autour de la m\u00eame table est encore la meilleure mani\u00e8re de construire du commun.<\/em><\/p>\n<p><em>Il y a maintenant urgence \u00e0 aboutir pour r\u00e9pondre aux aspirations du pays.<\/em><br \/>\n<em>En l\u2019attente de votre r\u00e9ponse,<\/em><\/p>\n<p><em>Soyez assur\u00e9s, Ch\u00e8res et Chers Camarades, de nos fraternelles salutations.<\/em><\/p>\n<p><em>Le comit\u00e9 ex\u00e9cutif national du PCF<\/em><\/p>\n<div dir=\"auto\"><\/div>\n<\/div>\n","protected":false},"excerpt":{"rendered":"<p>D\u00e9claration du Comit\u00e9 ex\u00e9cutif national du PCF le 30 avril 2022 A l\u2019issue du second tour de l\u2019\u00e9lection pr\u00e9sidentielle, Emmanuel Macron s\u2019appr\u00eate \u00e0 engager la politique de r\u00e9gression sociale la plus grave de ces derni\u00e8res d\u00e9cennies en portant notamment \u00e0 65 ans l\u2019\u00e2ge de d\u00e9part en retraite ou en conditionnant le RSA \u00e0 une obligation &hellip; <a href=\"https:\/\/pcbigouden.fr\/?p=1183\" class=\"more-link\">Continue reading <span class=\"screen-reader-text\">Pour une union populaire de la gauche et des \u00e9cologistes rassembl\u00e9s !<\/span><\/a><\/p>\n","protected":false},"author":8,"featured_media":0,"comment_status":"closed","ping_status":"closed","sticky":false,"template":"","format":"standard","meta":{"_jetpack_memberships_contains_paid_content":false,"footnotes":""},"categories":[59],"tags":[147],"class_list":["post-1183","post","type-post","status-publish","format-standard","hentry","category-parti-communiste","tag-legislatives"],"yoast_head":"<!-- This site is optimized with the Yoast SEO plugin v27.5 - https:\/\/yoast.com\/product\/yoast-seo-wordpress\/ -->\n<title>Pour une union populaire de la gauche et des \u00e9cologistes rassembl\u00e9s ! - PCF Pays Bigouden<\/title>\n<meta name=\"robots\" content=\"index, follow, max-snippet:-1, max-image-preview:large, max-video-preview:-1\" \/>\n<link rel=\"canonical\" href=\"https:\/\/pcbigouden.fr\/?p=1183\" \/>\n<meta property=\"og:locale\" content=\"fr_FR\" \/>\n<meta property=\"og:type\" content=\"article\" \/>\n<meta property=\"og:title\" content=\"Pour une union populaire de la gauche et des \u00e9cologistes rassembl\u00e9s ! - PCF Pays Bigouden\" \/>\n<meta property=\"og:description\" content=\"D\u00e9claration du Comit\u00e9 ex\u00e9cutif national du PCF le 30 avril 2022 A l\u2019issue du second tour de l\u2019\u00e9lection pr\u00e9sidentielle, Emmanuel Macron s\u2019appr\u00eate \u00e0 engager la politique de r\u00e9gression sociale la plus grave de ces derni\u00e8res d\u00e9cennies en portant notamment \u00e0 65 ans l\u2019\u00e2ge de d\u00e9part en retraite ou en conditionnant le RSA \u00e0 une obligation &hellip; Continue reading Pour une union populaire de la gauche et des \u00e9cologistes rassembl\u00e9s !\" \/>\n<meta property=\"og:url\" content=\"https:\/\/pcbigouden.fr\/?p=1183\" \/>\n<meta property=\"og:site_name\" content=\"PCF Pays Bigouden\" \/>\n<meta property=\"article:published_time\" content=\"2022-05-01T19:36:48+00:00\" \/>\n<meta property=\"article:modified_time\" content=\"2022-05-02T06:56:59+00:00\" \/>\n<meta name=\"author\" content=\"philarmor\" \/>\n<meta name=\"twitter:card\" content=\"summary_large_image\" \/>\n<meta name=\"twitter:label1\" content=\"\u00c9crit par\" \/>\n\t<meta name=\"twitter:data1\" content=\"philarmor\" \/>\n\t<meta name=\"twitter:label2\" content=\"Dur\u00e9e de lecture estim\u00e9e\" \/>\n\t<meta name=\"twitter:data2\" content=\"12 minutes\" \/>\n<script type=\"application\/ld+json\" class=\"yoast-schema-graph\">{\"@context\":\"https:\\\/\\\/schema.org\",\"@graph\":[{\"@type\":\"Article\",\"@id\":\"https:\\\/\\\/pcbigouden.fr\\\/?p=1183#article\",\"isPartOf\":{\"@id\":\"https:\\\/\\\/pcbigouden.fr\\\/?p=1183\"},\"author\":{\"name\":\"philarmor\",\"@id\":\"https:\\\/\\\/pcbigouden.fr\\\/#\\\/schema\\\/person\\\/db553cfd25f8e9e7ec7d3d2266b34e5e\"},\"headline\":\"Pour une union populaire de la gauche et des \u00e9cologistes rassembl\u00e9s !\",\"datePublished\":\"2022-05-01T19:36:48+00:00\",\"dateModified\":\"2022-05-02T06:56:59+00:00\",\"mainEntityOfPage\":{\"@id\":\"https:\\\/\\\/pcbigouden.fr\\\/?p=1183\"},\"wordCount\":2462,\"publisher\":{\"@id\":\"https:\\\/\\\/pcbigouden.fr\\\/#organization\"},\"keywords\":[\"l\u00e9gislatives\"],\"articleSection\":[\"Parti Communiste\"],\"inLanguage\":\"fr-FR\"},{\"@type\":\"WebPage\",\"@id\":\"https:\\\/\\\/pcbigouden.fr\\\/?p=1183\",\"url\":\"https:\\\/\\\/pcbigouden.fr\\\/?p=1183\",\"name\":\"Pour une union populaire de la gauche et des \u00e9cologistes rassembl\u00e9s ! - PCF Pays Bigouden\",\"isPartOf\":{\"@id\":\"https:\\\/\\\/pcbigouden.fr\\\/#website\"},\"datePublished\":\"2022-05-01T19:36:48+00:00\",\"dateModified\":\"2022-05-02T06:56:59+00:00\",\"breadcrumb\":{\"@id\":\"https:\\\/\\\/pcbigouden.fr\\\/?p=1183#breadcrumb\"},\"inLanguage\":\"fr-FR\",\"potentialAction\":[{\"@type\":\"ReadAction\",\"target\":[\"https:\\\/\\\/pcbigouden.fr\\\/?p=1183\"]}]},{\"@type\":\"BreadcrumbList\",\"@id\":\"https:\\\/\\\/pcbigouden.fr\\\/?p=1183#breadcrumb\",\"itemListElement\":[{\"@type\":\"ListItem\",\"position\":1,\"name\":\"Accueil\",\"item\":\"https:\\\/\\\/pcbigouden.fr\\\/\"},{\"@type\":\"ListItem\",\"position\":2,\"name\":\"Pour une union populaire de la gauche et des \u00e9cologistes rassembl\u00e9s !\"}]},{\"@type\":\"WebSite\",\"@id\":\"https:\\\/\\\/pcbigouden.fr\\\/#website\",\"url\":\"https:\\\/\\\/pcbigouden.fr\\\/\",\"name\":\"PCF Pays Bigouden\",\"description\":\"Blog des communistes du Pays Bigouden\",\"publisher\":{\"@id\":\"https:\\\/\\\/pcbigouden.fr\\\/#organization\"},\"potentialAction\":[{\"@type\":\"SearchAction\",\"target\":{\"@type\":\"EntryPoint\",\"urlTemplate\":\"https:\\\/\\\/pcbigouden.fr\\\/?s={search_term_string}\"},\"query-input\":{\"@type\":\"PropertyValueSpecification\",\"valueRequired\":true,\"valueName\":\"search_term_string\"}}],\"inLanguage\":\"fr-FR\"},{\"@type\":\"Organization\",\"@id\":\"https:\\\/\\\/pcbigouden.fr\\\/#organization\",\"name\":\"Parti Communiste PCF Pays Bigouden\",\"url\":\"https:\\\/\\\/pcbigouden.fr\\\/\",\"logo\":{\"@type\":\"ImageObject\",\"inLanguage\":\"fr-FR\",\"@id\":\"https:\\\/\\\/pcbigouden.fr\\\/#\\\/schema\\\/logo\\\/image\\\/\",\"url\":\"https:\\\/\\\/pcbigouden.fr\\\/wp-content\\\/uploads\\\/2021\\\/10\\\/logoTB307x290.jpg\",\"contentUrl\":\"https:\\\/\\\/pcbigouden.fr\\\/wp-content\\\/uploads\\\/2021\\\/10\\\/logoTB307x290.jpg\",\"width\":307,\"height\":290,\"caption\":\"Parti Communiste PCF Pays Bigouden\"},\"image\":{\"@id\":\"https:\\\/\\\/pcbigouden.fr\\\/#\\\/schema\\\/logo\\\/image\\\/\"}},{\"@type\":\"Person\",\"@id\":\"https:\\\/\\\/pcbigouden.fr\\\/#\\\/schema\\\/person\\\/db553cfd25f8e9e7ec7d3d2266b34e5e\",\"name\":\"philarmor\",\"image\":{\"@type\":\"ImageObject\",\"inLanguage\":\"fr-FR\",\"@id\":\"https:\\\/\\\/secure.gravatar.com\\\/avatar\\\/d64b18fe41ef6147792f83422f86e16391f18bc76f91f5a4e59b9213ce0ab52c?s=96&d=mm&r=g\",\"url\":\"https:\\\/\\\/secure.gravatar.com\\\/avatar\\\/d64b18fe41ef6147792f83422f86e16391f18bc76f91f5a4e59b9213ce0ab52c?s=96&d=mm&r=g\",\"contentUrl\":\"https:\\\/\\\/secure.gravatar.com\\\/avatar\\\/d64b18fe41ef6147792f83422f86e16391f18bc76f91f5a4e59b9213ce0ab52c?s=96&d=mm&r=g\",\"caption\":\"philarmor\"},\"url\":\"https:\\\/\\\/pcbigouden.fr\\\/?author=8\"}]}<\/script>\n<!-- \/ Yoast SEO plugin. -->","yoast_head_json":{"title":"Pour une union populaire de la gauche et des \u00e9cologistes rassembl\u00e9s ! - PCF Pays Bigouden","robots":{"index":"index","follow":"follow","max-snippet":"max-snippet:-1","max-image-preview":"max-image-preview:large","max-video-preview":"max-video-preview:-1"},"canonical":"https:\/\/pcbigouden.fr\/?p=1183","og_locale":"fr_FR","og_type":"article","og_title":"Pour une union populaire de la gauche et des \u00e9cologistes rassembl\u00e9s ! - PCF Pays Bigouden","og_description":"D\u00e9claration du Comit\u00e9 ex\u00e9cutif national du PCF le 30 avril 2022 A l\u2019issue du second tour de l\u2019\u00e9lection pr\u00e9sidentielle, Emmanuel Macron s\u2019appr\u00eate \u00e0 engager la politique de r\u00e9gression sociale la plus grave de ces derni\u00e8res d\u00e9cennies en portant notamment \u00e0 65 ans l\u2019\u00e2ge de d\u00e9part en retraite ou en conditionnant le RSA \u00e0 une obligation &hellip; Continue reading Pour une union populaire de la gauche et des \u00e9cologistes rassembl\u00e9s !","og_url":"https:\/\/pcbigouden.fr\/?p=1183","og_site_name":"PCF Pays Bigouden","article_published_time":"2022-05-01T19:36:48+00:00","article_modified_time":"2022-05-02T06:56:59+00:00","author":"philarmor","twitter_card":"summary_large_image","twitter_misc":{"\u00c9crit par":"philarmor","Dur\u00e9e de lecture estim\u00e9e":"12 minutes"},"schema":{"@context":"https:\/\/schema.org","@graph":[{"@type":"Article","@id":"https:\/\/pcbigouden.fr\/?p=1183#article","isPartOf":{"@id":"https:\/\/pcbigouden.fr\/?p=1183"},"author":{"name":"philarmor","@id":"https:\/\/pcbigouden.fr\/#\/schema\/person\/db553cfd25f8e9e7ec7d3d2266b34e5e"},"headline":"Pour une union populaire de la gauche et des \u00e9cologistes rassembl\u00e9s !","datePublished":"2022-05-01T19:36:48+00:00","dateModified":"2022-05-02T06:56:59+00:00","mainEntityOfPage":{"@id":"https:\/\/pcbigouden.fr\/?p=1183"},"wordCount":2462,"publisher":{"@id":"https:\/\/pcbigouden.fr\/#organization"},"keywords":["l\u00e9gislatives"],"articleSection":["Parti Communiste"],"inLanguage":"fr-FR"},{"@type":"WebPage","@id":"https:\/\/pcbigouden.fr\/?p=1183","url":"https:\/\/pcbigouden.fr\/?p=1183","name":"Pour une union populaire de la gauche et des \u00e9cologistes rassembl\u00e9s ! - PCF Pays Bigouden","isPartOf":{"@id":"https:\/\/pcbigouden.fr\/#website"},"datePublished":"2022-05-01T19:36:48+00:00","dateModified":"2022-05-02T06:56:59+00:00","breadcrumb":{"@id":"https:\/\/pcbigouden.fr\/?p=1183#breadcrumb"},"inLanguage":"fr-FR","potentialAction":[{"@type":"ReadAction","target":["https:\/\/pcbigouden.fr\/?p=1183"]}]},{"@type":"BreadcrumbList","@id":"https:\/\/pcbigouden.fr\/?p=1183#breadcrumb","itemListElement":[{"@type":"ListItem","position":1,"name":"Accueil","item":"https:\/\/pcbigouden.fr\/"},{"@type":"ListItem","position":2,"name":"Pour une union populaire de la gauche et des \u00e9cologistes rassembl\u00e9s !"}]},{"@type":"WebSite","@id":"https:\/\/pcbigouden.fr\/#website","url":"https:\/\/pcbigouden.fr\/","name":"PCF Pays Bigouden","description":"Blog des communistes du Pays Bigouden","publisher":{"@id":"https:\/\/pcbigouden.fr\/#organization"},"potentialAction":[{"@type":"SearchAction","target":{"@type":"EntryPoint","urlTemplate":"https:\/\/pcbigouden.fr\/?s={search_term_string}"},"query-input":{"@type":"PropertyValueSpecification","valueRequired":true,"valueName":"search_term_string"}}],"inLanguage":"fr-FR"},{"@type":"Organization","@id":"https:\/\/pcbigouden.fr\/#organization","name":"Parti Communiste PCF Pays Bigouden","url":"https:\/\/pcbigouden.fr\/","logo":{"@type":"ImageObject","inLanguage":"fr-FR","@id":"https:\/\/pcbigouden.fr\/#\/schema\/logo\/image\/","url":"https:\/\/pcbigouden.fr\/wp-content\/uploads\/2021\/10\/logoTB307x290.jpg","contentUrl":"https:\/\/pcbigouden.fr\/wp-content\/uploads\/2021\/10\/logoTB307x290.jpg","width":307,"height":290,"caption":"Parti Communiste PCF Pays Bigouden"},"image":{"@id":"https:\/\/pcbigouden.fr\/#\/schema\/logo\/image\/"}},{"@type":"Person","@id":"https:\/\/pcbigouden.fr\/#\/schema\/person\/db553cfd25f8e9e7ec7d3d2266b34e5e","name":"philarmor","image":{"@type":"ImageObject","inLanguage":"fr-FR","@id":"https:\/\/secure.gravatar.com\/avatar\/d64b18fe41ef6147792f83422f86e16391f18bc76f91f5a4e59b9213ce0ab52c?s=96&d=mm&r=g","url":"https:\/\/secure.gravatar.com\/avatar\/d64b18fe41ef6147792f83422f86e16391f18bc76f91f5a4e59b9213ce0ab52c?s=96&d=mm&r=g","contentUrl":"https:\/\/secure.gravatar.com\/avatar\/d64b18fe41ef6147792f83422f86e16391f18bc76f91f5a4e59b9213ce0ab52c?s=96&d=mm&r=g","caption":"philarmor"},"url":"https:\/\/pcbigouden.fr\/?author=8"}]}},"jetpack_featured_media_url":"","jetpack_sharing_enabled":true,"jetpack_likes_enabled":true,"_links":{"self":[{"href":"https:\/\/pcbigouden.fr\/index.php?rest_route=\/wp\/v2\/posts\/1183","targetHints":{"allow":["GET"]}}],"collection":[{"href":"https:\/\/pcbigouden.fr\/index.php?rest_route=\/wp\/v2\/posts"}],"about":[{"href":"https:\/\/pcbigouden.fr\/index.php?rest_route=\/wp\/v2\/types\/post"}],"author":[{"embeddable":true,"href":"https:\/\/pcbigouden.fr\/index.php?rest_route=\/wp\/v2\/users\/8"}],"replies":[{"embeddable":true,"href":"https:\/\/pcbigouden.fr\/index.php?rest_route=%2Fwp%2Fv2%2Fcomments&post=1183"}],"version-history":[{"count":0,"href":"https:\/\/pcbigouden.fr\/index.php?rest_route=\/wp\/v2\/posts\/1183\/revisions"}],"wp:attachment":[{"href":"https:\/\/pcbigouden.fr\/index.php?rest_route=%2Fwp%2Fv2%2Fmedia&parent=1183"}],"wp:term":[{"taxonomy":"category","embeddable":true,"href":"https:\/\/pcbigouden.fr\/index.php?rest_route=%2Fwp%2Fv2%2Fcategories&post=1183"},{"taxonomy":"post_tag","embeddable":true,"href":"https:\/\/pcbigouden.fr\/index.php?rest_route=%2Fwp%2Fv2%2Ftags&post=1183"}],"curies":[{"name":"wp","href":"https:\/\/api.w.org\/{rel}","templated":true}]}}