{"id":1178,"date":"2022-04-27T11:06:48","date_gmt":"2022-04-27T09:06:48","guid":{"rendered":"https:\/\/pcbigouden.fr\/?p=1178"},"modified":"2022-04-27T11:06:48","modified_gmt":"2022-04-27T09:06:48","slug":"dimanche-1er-mai-a-11h-rassemblement-a-pont-labbe","status":"publish","type":"post","link":"https:\/\/pcbigouden.fr\/?p=1178","title":{"rendered":"Dimanche 1er Mai \u00e0 11h rassemblement \u00e0 Pont L&rsquo;Abb\u00e9"},"content":{"rendered":"<p><img loading=\"lazy\" decoding=\"async\" class=\"size-medium wp-image-1179 alignleft\" src=\"https:\/\/pcbigouden.fr\/wp-content\/uploads\/2022\/04\/1erMaiManifestons-278x300.png\" alt=\"\" width=\"278\" height=\"300\" srcset=\"https:\/\/pcbigouden.fr\/wp-content\/uploads\/2022\/04\/1erMaiManifestons-278x300.png 278w, https:\/\/pcbigouden.fr\/wp-content\/uploads\/2022\/04\/1erMaiManifestons.png 310w\" sizes=\"auto, (max-width: 278px) 100vw, 278px\" \/>Faisons de ce 1<sup>er<\/sup> mai 2022 le premier rendez-vous revendicatif de ce nouveau quinquennat\u00a0:<\/p>\n<p>Pour le pouvoir d\u2019achat, la protection sociale, les services publics et les retraites.<\/p>\n<p>La section du PCF du pays bigouden vous appelle \u00e0 venir manifester \u00e0 11 h au square de la Madeleine \u00e0 Pont-l\u2019Abb\u00e9.<\/p>\n<p>&nbsp;<\/p>\n","protected":false},"excerpt":{"rendered":"<p>Faisons de ce 1er mai 2022 le premier rendez-vous revendicatif de ce nouveau quinquennat\u00a0: Pour le pouvoir d\u2019achat, la protection sociale, les services publics et les retraites. La section du PCF du pays bigouden vous appelle \u00e0 venir manifester \u00e0 11 h au square de la Madeleine \u00e0 Pont-l\u2019Abb\u00e9. &nbsp;<\/p>\n","protected":false},"author":6,"featured_media":0,"comment_status":"closed","ping_status":"closed","sticky":false,"template":"","format":"standard","meta":{"_jetpack_memberships_contains_paid_content":false,"footnotes":""},"categories":[10,12,13],"tags":[],"class_list":["post-1178","post","type-post","status-publish","format-standard","hentry","category-retraites","category-services-publics","category-social"],"yoast_head":"<!-- This site is optimized with the Yoast SEO plugin v27.5 - https:\/\/yoast.com\/product\/yoast-seo-wordpress\/ -->\n<title>Dimanche 1er Mai \u00e0 11h rassemblement \u00e0 Pont L&#039;Abb\u00e9 - PCF Pays Bigouden<\/title>\n<meta name=\"robots\" content=\"index, follow, max-snippet:-1, max-image-preview:large, max-video-preview:-1\" \/>\n<link rel=\"canonical\" href=\"https:\/\/pcbigouden.fr\/?p=1178\" \/>\n<meta property=\"og:locale\" content=\"fr_FR\" \/>\n<meta property=\"og:type\" content=\"article\" \/>\n<meta property=\"og:title\" content=\"Dimanche 1er Mai \u00e0 11h rassemblement \u00e0 Pont L&#039;Abb\u00e9 - PCF Pays Bigouden\" \/>\n<meta property=\"og:description\" content=\"Faisons de ce 1er mai 2022 le premier rendez-vous revendicatif de ce nouveau quinquennat\u00a0: Pour le pouvoir d\u2019achat, la protection sociale, les services publics et les retraites. La section du PCF du pays bigouden vous appelle \u00e0 venir manifester \u00e0 11 h au square de la Madeleine \u00e0 Pont-l\u2019Abb\u00e9. &nbsp;\" \/>\n<meta property=\"og:url\" content=\"https:\/\/pcbigouden.fr\/?p=1178\" \/>\n<meta property=\"og:site_name\" content=\"PCF Pays Bigouden\" \/>\n<meta property=\"article:published_time\" content=\"2022-04-27T09:06:48+00:00\" \/>\n<meta property=\"og:image\" content=\"https:\/\/pcbigouden.fr\/wp-content\/uploads\/2022\/04\/1erMaiManifestons-278x300.png\" \/>\n<meta name=\"author\" content=\"sierramaestra\" \/>\n<meta name=\"twitter:card\" content=\"summary_large_image\" \/>\n<meta name=\"twitter:label1\" content=\"\u00c9crit par\" \/>\n\t<meta name=\"twitter:data1\" content=\"sierramaestra\" \/>\n\t<meta name=\"twitter:label2\" content=\"Dur\u00e9e de lecture estim\u00e9e\" \/>\n\t<meta name=\"twitter:data2\" content=\"1 minute\" \/>\n<script type=\"application\/ld+json\" class=\"yoast-schema-graph\">{\"@context\":\"https:\\\/\\\/schema.org\",\"@graph\":[{\"@type\":\"Article\",\"@id\":\"https:\\\/\\\/pcbigouden.fr\\\/?p=1178#article\",\"isPartOf\":{\"@id\":\"https:\\\/\\\/pcbigouden.fr\\\/?p=1178\"},\"author\":{\"name\":\"sierramaestra\",\"@id\":\"https:\\\/\\\/pcbigouden.fr\\\/#\\\/schema\\\/person\\\/2f88b3db41deacf169cab9e2ff83133a\"},\"headline\":\"Dimanche 1er Mai \u00e0 11h rassemblement \u00e0 Pont L&rsquo;Abb\u00e9\",\"datePublished\":\"2022-04-27T09:06:48+00:00\",\"mainEntityOfPage\":{\"@id\":\"https:\\\/\\\/pcbigouden.fr\\\/?p=1178\"},\"wordCount\":55,\"publisher\":{\"@id\":\"https:\\\/\\\/pcbigouden.fr\\\/#organization\"},\"image\":{\"@id\":\"https:\\\/\\\/pcbigouden.fr\\\/?p=1178#primaryimage\"},\"thumbnailUrl\":\"https:\\\/\\\/pcbigouden.fr\\\/wp-content\\\/uploads\\\/2022\\\/04\\\/1erMaiManifestons-278x300.png\",\"articleSection\":[\"Retraites\",\"Services Publics\",\"Social\"],\"inLanguage\":\"fr-FR\"},{\"@type\":\"WebPage\",\"@id\":\"https:\\\/\\\/pcbigouden.fr\\\/?p=1178\",\"url\":\"https:\\\/\\\/pcbigouden.fr\\\/?p=1178\",\"name\":\"Dimanche 1er Mai \u00e0 11h rassemblement \u00e0 Pont L'Abb\u00e9 - PCF Pays Bigouden\",\"isPartOf\":{\"@id\":\"https:\\\/\\\/pcbigouden.fr\\\/#website\"},\"primaryImageOfPage\":{\"@id\":\"https:\\\/\\\/pcbigouden.fr\\\/?p=1178#primaryimage\"},\"image\":{\"@id\":\"https:\\\/\\\/pcbigouden.fr\\\/?p=1178#primaryimage\"},\"thumbnailUrl\":\"https:\\\/\\\/pcbigouden.fr\\\/wp-content\\\/uploads\\\/2022\\\/04\\\/1erMaiManifestons-278x300.png\",\"datePublished\":\"2022-04-27T09:06:48+00:00\",\"breadcrumb\":{\"@id\":\"https:\\\/\\\/pcbigouden.fr\\\/?p=1178#breadcrumb\"},\"inLanguage\":\"fr-FR\",\"potentialAction\":[{\"@type\":\"ReadAction\",\"target\":[\"https:\\\/\\\/pcbigouden.fr\\\/?p=1178\"]}]},{\"@type\":\"ImageObject\",\"inLanguage\":\"fr-FR\",\"@id\":\"https:\\\/\\\/pcbigouden.fr\\\/?p=1178#primaryimage\",\"url\":\"https:\\\/\\\/pcbigouden.fr\\\/wp-content\\\/uploads\\\/2022\\\/04\\\/1erMaiManifestons.png\",\"contentUrl\":\"https:\\\/\\\/pcbigouden.fr\\\/wp-content\\\/uploads\\\/2022\\\/04\\\/1erMaiManifestons.png\",\"width\":310,\"height\":335},{\"@type\":\"BreadcrumbList\",\"@id\":\"https:\\\/\\\/pcbigouden.fr\\\/?p=1178#breadcrumb\",\"itemListElement\":[{\"@type\":\"ListItem\",\"position\":1,\"name\":\"Accueil\",\"item\":\"https:\\\/\\\/pcbigouden.fr\\\/\"},{\"@type\":\"ListItem\",\"position\":2,\"name\":\"Dimanche 1er Mai \u00e0 11h rassemblement \u00e0 Pont L&rsquo;Abb\u00e9\"}]},{\"@type\":\"WebSite\",\"@id\":\"https:\\\/\\\/pcbigouden.fr\\\/#website\",\"url\":\"https:\\\/\\\/pcbigouden.fr\\\/\",\"name\":\"PCF Pays Bigouden\",\"description\":\"Blog des communistes du Pays Bigouden\",\"publisher\":{\"@id\":\"https:\\\/\\\/pcbigouden.fr\\\/#organization\"},\"potentialAction\":[{\"@type\":\"SearchAction\",\"target\":{\"@type\":\"EntryPoint\",\"urlTemplate\":\"https:\\\/\\\/pcbigouden.fr\\\/?s={search_term_string}\"},\"query-input\":{\"@type\":\"PropertyValueSpecification\",\"valueRequired\":true,\"valueName\":\"search_term_string\"}}],\"inLanguage\":\"fr-FR\"},{\"@type\":\"Organization\",\"@id\":\"https:\\\/\\\/pcbigouden.fr\\\/#organization\",\"name\":\"Parti Communiste PCF Pays Bigouden\",\"url\":\"https:\\\/\\\/pcbigouden.fr\\\/\",\"logo\":{\"@type\":\"ImageObject\",\"inLanguage\":\"fr-FR\",\"@id\":\"https:\\\/\\\/pcbigouden.fr\\\/#\\\/schema\\\/logo\\\/image\\\/\",\"url\":\"https:\\\/\\\/pcbigouden.fr\\\/wp-content\\\/uploads\\\/2021\\\/10\\\/logoTB307x290.jpg\",\"contentUrl\":\"https:\\\/\\\/pcbigouden.fr\\\/wp-content\\\/uploads\\\/2021\\\/10\\\/logoTB307x290.jpg\",\"width\":307,\"height\":290,\"caption\":\"Parti Communiste PCF Pays Bigouden\"},\"image\":{\"@id\":\"https:\\\/\\\/pcbigouden.fr\\\/#\\\/schema\\\/logo\\\/image\\\/\"}},{\"@type\":\"Person\",\"@id\":\"https:\\\/\\\/pcbigouden.fr\\\/#\\\/schema\\\/person\\\/2f88b3db41deacf169cab9e2ff83133a\",\"name\":\"sierramaestra\",\"image\":{\"@type\":\"ImageObject\",\"inLanguage\":\"fr-FR\",\"@id\":\"https:\\\/\\\/secure.gravatar.com\\\/avatar\\\/5e822171bcc9a9856efba4097a35cfd35b4c239b7b552810087caf40ef8496b2?s=96&d=mm&r=g\",\"url\":\"https:\\\/\\\/secure.gravatar.com\\\/avatar\\\/5e822171bcc9a9856efba4097a35cfd35b4c239b7b552810087caf40ef8496b2?s=96&d=mm&r=g\",\"contentUrl\":\"https:\\\/\\\/secure.gravatar.com\\\/avatar\\\/5e822171bcc9a9856efba4097a35cfd35b4c239b7b552810087caf40ef8496b2?s=96&d=mm&r=g\",\"caption\":\"sierramaestra\"},\"url\":\"https:\\\/\\\/pcbigouden.fr\\\/?author=6\"}]}<\/script>\n<!-- \/ Yoast SEO plugin. -->","yoast_head_json":{"title":"Dimanche 1er Mai \u00e0 11h rassemblement \u00e0 Pont L'Abb\u00e9 - PCF Pays Bigouden","robots":{"index":"index","follow":"follow","max-snippet":"max-snippet:-1","max-image-preview":"max-image-preview:large","max-video-preview":"max-video-preview:-1"},"canonical":"https:\/\/pcbigouden.fr\/?p=1178","og_locale":"fr_FR","og_type":"article","og_title":"Dimanche 1er Mai \u00e0 11h rassemblement \u00e0 Pont L'Abb\u00e9 - PCF Pays Bigouden","og_description":"Faisons de ce 1er mai 2022 le premier rendez-vous revendicatif de ce nouveau quinquennat\u00a0: Pour le pouvoir d\u2019achat, la protection sociale, les services publics et les retraites. La section du PCF du pays bigouden vous appelle \u00e0 venir manifester \u00e0 11 h au square de la Madeleine \u00e0 Pont-l\u2019Abb\u00e9. &nbsp;","og_url":"https:\/\/pcbigouden.fr\/?p=1178","og_site_name":"PCF Pays Bigouden","article_published_time":"2022-04-27T09:06:48+00:00","og_image":[{"url":"https:\/\/pcbigouden.fr\/wp-content\/uploads\/2022\/04\/1erMaiManifestons-278x300.png","type":"","width":"","height":""}],"author":"sierramaestra","twitter_card":"summary_large_image","twitter_misc":{"\u00c9crit par":"sierramaestra","Dur\u00e9e de lecture estim\u00e9e":"1 minute"},"schema":{"@context":"https:\/\/schema.org","@graph":[{"@type":"Article","@id":"https:\/\/pcbigouden.fr\/?p=1178#article","isPartOf":{"@id":"https:\/\/pcbigouden.fr\/?p=1178"},"author":{"name":"sierramaestra","@id":"https:\/\/pcbigouden.fr\/#\/schema\/person\/2f88b3db41deacf169cab9e2ff83133a"},"headline":"Dimanche 1er Mai \u00e0 11h rassemblement \u00e0 Pont L&rsquo;Abb\u00e9","datePublished":"2022-04-27T09:06:48+00:00","mainEntityOfPage":{"@id":"https:\/\/pcbigouden.fr\/?p=1178"},"wordCount":55,"publisher":{"@id":"https:\/\/pcbigouden.fr\/#organization"},"image":{"@id":"https:\/\/pcbigouden.fr\/?p=1178#primaryimage"},"thumbnailUrl":"https:\/\/pcbigouden.fr\/wp-content\/uploads\/2022\/04\/1erMaiManifestons-278x300.png","articleSection":["Retraites","Services Publics","Social"],"inLanguage":"fr-FR"},{"@type":"WebPage","@id":"https:\/\/pcbigouden.fr\/?p=1178","url":"https:\/\/pcbigouden.fr\/?p=1178","name":"Dimanche 1er Mai \u00e0 11h rassemblement \u00e0 Pont L'Abb\u00e9 - PCF Pays Bigouden","isPartOf":{"@id":"https:\/\/pcbigouden.fr\/#website"},"primaryImageOfPage":{"@id":"https:\/\/pcbigouden.fr\/?p=1178#primaryimage"},"image":{"@id":"https:\/\/pcbigouden.fr\/?p=1178#primaryimage"},"thumbnailUrl":"https:\/\/pcbigouden.fr\/wp-content\/uploads\/2022\/04\/1erMaiManifestons-278x300.png","datePublished":"2022-04-27T09:06:48+00:00","breadcrumb":{"@id":"https:\/\/pcbigouden.fr\/?p=1178#breadcrumb"},"inLanguage":"fr-FR","potentialAction":[{"@type":"ReadAction","target":["https:\/\/pcbigouden.fr\/?p=1178"]}]},{"@type":"ImageObject","inLanguage":"fr-FR","@id":"https:\/\/pcbigouden.fr\/?p=1178#primaryimage","url":"https:\/\/pcbigouden.fr\/wp-content\/uploads\/2022\/04\/1erMaiManifestons.png","contentUrl":"https:\/\/pcbigouden.fr\/wp-content\/uploads\/2022\/04\/1erMaiManifestons.png","width":310,"height":335},{"@type":"BreadcrumbList","@id":"https:\/\/pcbigouden.fr\/?p=1178#breadcrumb","itemListElement":[{"@type":"ListItem","position":1,"name":"Accueil","item":"https:\/\/pcbigouden.fr\/"},{"@type":"ListItem","position":2,"name":"Dimanche 1er Mai \u00e0 11h rassemblement \u00e0 Pont L&rsquo;Abb\u00e9"}]},{"@type":"WebSite","@id":"https:\/\/pcbigouden.fr\/#website","url":"https:\/\/pcbigouden.fr\/","name":"PCF Pays Bigouden","description":"Blog des communistes du Pays Bigouden","publisher":{"@id":"https:\/\/pcbigouden.fr\/#organization"},"potentialAction":[{"@type":"SearchAction","target":{"@type":"EntryPoint","urlTemplate":"https:\/\/pcbigouden.fr\/?s={search_term_string}"},"query-input":{"@type":"PropertyValueSpecification","valueRequired":true,"valueName":"search_term_string"}}],"inLanguage":"fr-FR"},{"@type":"Organization","@id":"https:\/\/pcbigouden.fr\/#organization","name":"Parti Communiste PCF Pays Bigouden","url":"https:\/\/pcbigouden.fr\/","logo":{"@type":"ImageObject","inLanguage":"fr-FR","@id":"https:\/\/pcbigouden.fr\/#\/schema\/logo\/image\/","url":"https:\/\/pcbigouden.fr\/wp-content\/uploads\/2021\/10\/logoTB307x290.jpg","contentUrl":"https:\/\/pcbigouden.fr\/wp-content\/uploads\/2021\/10\/logoTB307x290.jpg","width":307,"height":290,"caption":"Parti Communiste PCF Pays Bigouden"},"image":{"@id":"https:\/\/pcbigouden.fr\/#\/schema\/logo\/image\/"}},{"@type":"Person","@id":"https:\/\/pcbigouden.fr\/#\/schema\/person\/2f88b3db41deacf169cab9e2ff83133a","name":"sierramaestra","image":{"@type":"ImageObject","inLanguage":"fr-FR","@id":"https:\/\/secure.gravatar.com\/avatar\/5e822171bcc9a9856efba4097a35cfd35b4c239b7b552810087caf40ef8496b2?s=96&d=mm&r=g","url":"https:\/\/secure.gravatar.com\/avatar\/5e822171bcc9a9856efba4097a35cfd35b4c239b7b552810087caf40ef8496b2?s=96&d=mm&r=g","contentUrl":"https:\/\/secure.gravatar.com\/avatar\/5e822171bcc9a9856efba4097a35cfd35b4c239b7b552810087caf40ef8496b2?s=96&d=mm&r=g","caption":"sierramaestra"},"url":"https:\/\/pcbigouden.fr\/?author=6"}]}},"jetpack_featured_media_url":"","jetpack_sharing_enabled":true,"jetpack_likes_enabled":true,"_links":{"self":[{"href":"https:\/\/pcbigouden.fr\/index.php?rest_route=\/wp\/v2\/posts\/1178","targetHints":{"allow":["GET"]}}],"collection":[{"href":"https:\/\/pcbigouden.fr\/index.php?rest_route=\/wp\/v2\/posts"}],"about":[{"href":"https:\/\/pcbigouden.fr\/index.php?rest_route=\/wp\/v2\/types\/post"}],"author":[{"embeddable":true,"href":"https:\/\/pcbigouden.fr\/index.php?rest_route=\/wp\/v2\/users\/6"}],"replies":[{"embeddable":true,"href":"https:\/\/pcbigouden.fr\/index.php?rest_route=%2Fwp%2Fv2%2Fcomments&post=1178"}],"version-history":[{"count":0,"href":"https:\/\/pcbigouden.fr\/index.php?rest_route=\/wp\/v2\/posts\/1178\/revisions"}],"wp:attachment":[{"href":"https:\/\/pcbigouden.fr\/index.php?rest_route=%2Fwp%2Fv2%2Fmedia&parent=1178"}],"wp:term":[{"taxonomy":"category","embeddable":true,"href":"https:\/\/pcbigouden.fr\/index.php?rest_route=%2Fwp%2Fv2%2Fcategories&post=1178"},{"taxonomy":"post_tag","embeddable":true,"href":"https:\/\/pcbigouden.fr\/index.php?rest_route=%2Fwp%2Fv2%2Ftags&post=1178"}],"curies":[{"name":"wp","href":"https:\/\/api.w.org\/{rel}","templated":true}]}}