{"id":1174,"date":"2022-04-25T08:53:06","date_gmt":"2022-04-25T06:53:06","guid":{"rendered":"https:\/\/pcbigouden.fr\/?p=1174"},"modified":"2022-04-25T08:54:57","modified_gmt":"2022-04-25T06:54:57","slug":"second-tour-de-lelection-presidentielle-2022-intervention-fabien-roussel-24-avril-2022","status":"publish","type":"post","link":"https:\/\/pcbigouden.fr\/?p=1174","title":{"rendered":"Second tour de l\u2019\u00e9lection pr\u00e9sidentielle 2022 Intervention Fabien Roussel \u2013 24 avril 2022"},"content":{"rendered":"<p>Mesdames et Messieurs,<br \/>\nCe soir, le pire a \u00e9t\u00e9 \u00e9vit\u00e9 \u00e0 la France.<br \/>\nGr\u00e2ce \u00e0 la mobilisation de millions de nos compatriotes, la repr\u00e9sentante de l\u2019extr\u00eame droite ne pourra pas, \u00e0 l\u2019\u00c9lys\u00e9e, perp\u00e9trer le coup de force institutionnel qu\u2019elle envisageait pour disloquer la R\u00e9publique.<br \/>\nElle ne pourra pas installer un pouvoir autoritaire, mettant en pi\u00e8ces nos principales conqu\u00eates d\u00e9mocratiques, autant que les droits sociaux ch\u00e8rement conquis par notre peuple.<br \/>\nDans la clart\u00e9 politique, sans illusion sur le projet d\u2019Emmanuel Macron, nous avons clairement particip\u00e9 \u00e0 ce r\u00e9sultat.<br \/>\nLa bataille n\u2019est, pour autant, pas achev\u00e9e. Loin de l\u00e0.<!--more--><\/p>\n<p>La repr\u00e9sentante de l\u2019extr\u00eame droite fran\u00e7aise a recueilli 42 % des suffrages, soit 8 points de plus qu\u2019au second tour de 2017. Un r\u00e9sultat sans pr\u00e9c\u00e9dents depuis la Lib\u00e9ration<br \/>\nUne lourde menace p\u00e8se sur notre d\u00e9mocratie.<br \/>\nEt la victoire d\u2019Emmanuel Macron ne peut pas l\u2019\u00e9vacuer.<br \/>\nQuand 42 % de nos concitoyens utilisent le bulletin de vote de celle qui propose un r\u00e9f\u00e9rendum sur le voile, l\u2019immigration avec la volont\u00e9 de cr\u00e9er, ce qui n\u2019existe dans nul autre pays au monde, un r\u00e9gime s\u00e9gr\u00e9gationniste en fonction de ses origines et de sa religion, c\u2019est grave.<\/p>\n<p>Et quand 28 % font m\u00eame le choix de s\u2019abstenir, en prenant le risque de son \u00e9lection, nous mesurons \u00e0 quel point l\u2019extr\u00eame droite et ses id\u00e9es se sont banalis\u00e9es dans notre pays.<\/p>\n<p>Le pr\u00e9sident sortant, s\u2019il est r\u00e9\u00e9lu aujourd\u2019hui, l\u2019est uniquement \u00e0 la faveur d\u2019un rejet de la repr\u00e9sentante de l\u2019extr\u00eame droite.<br \/>\nIl ne doit pas consid\u00e9rer que ce r\u00e9sultat exprime un soutien \u00e0 sa politique.<br \/>\nNous l\u2019avons interpell\u00e9 publiquement, \u00e0 plusieurs reprises, afin qu\u2019il entende, avec humilit\u00e9, la col\u00e8re qui s\u2019est exprim\u00e9e lors de ces \u00e9lections concernant le pouvoir d\u2019achat, ou m\u00eame son projet de r\u00e9forme des retraites.<br \/>\nIl a refus\u00e9 de remettre en cause ses choix, sa politique, avec une pointe d\u2019arrogance que les Fran\u00e7ais ne supportent plus.<br \/>\nNous devons maintenant le battre et battre sa politique aux \u00e9lections l\u00e9gislatives les 12 et 19 juin prochains.<br \/>\nC\u2019est tout l\u2019enjeu des semaines \u00e0 venir.<br \/>\nLes Fran\u00e7ais, le monde du travail, la jeunesse ont besoin d\u2019une perspective d\u2019espoir.<br \/>\nIls ont besoin de r\u00e9formes heureuses, positives; ils ont besoin de progr\u00e8s social, de justice sociale.<br \/>\nIls ont besoin de services publics, partout et pour tous.<br \/>\nIls attendent qu\u2019on mette enfin les formidables richesses que nous avons au service de l\u2019emploi, de l\u2019augmentation des salaires, des pensions et de meilleures conditions de travail.<br \/>\nPour mettre en \u0153uvre de telles r\u00e9formes, nous aurons besoin d\u2019une majorit\u00e9 de gauche \u00e0 l\u2019Assembl\u00e9e nationale, une majorit\u00e9 connect\u00e9e aux attentes populaires.<br \/>\nEt pour y parvenir, nous devrons d\u2019abord battre l\u2019extr\u00eame droite qui progresse dans de nombreuses autres circonscriptions, hormis quelques exceptions dont nous nous f\u00e9licitons, car nous avons contribu\u00e9 \u00e0 son recul.<\/p>\n<p>Mais dans une majorit\u00e9 d\u2019entre-elles, la situation reste pr\u00e9occupante. Cr\u00e9ons, partout, toutes les conditions, ensemble, pour offrir une perspective de victoire \u00e0 gauche dans ces territoires o\u00f9 l\u2019extr\u00eame droite pourrait l\u2019emporter.<br \/>\nIl nous faut ensuite enclencher une vraie dynamique d\u2019espoir \u00e0 gauche et nous adresser aux 11 millions d\u2019\u00e9lecteurs de gauche du 1er tour et aux 12 millions d\u2019abstentionnistes.<br \/>\nLe 10 avril dernier, avec 32,5 % des suffrages exprim\u00e9s, la diversit\u00e9 des candidatures \u00e0 gauche a permis de progresser de quatre points par rapport \u00e0 2017.<\/p>\n<p>En nous additionnant, d\u00e8s ce premier tour des \u00e9lections l\u00e9gislatives, nous pouvons par cons\u00e9quent battre \u00e0 la fois le bloc raciste de l\u2019extr\u00eame droite, comme le bloc lib\u00e9ral de la droite repr\u00e9sent\u00e9e par Macron.<br \/>\nEn nous additionnant, en nous rassemblant avec un contrat de l\u00e9gislature, avec des engagements communs pour le pays, nous pouvons y parvenir.<br \/>\nC\u2019est le sens de nos discussions avec La France insoumise, Europe-\u00c9cologie-Les Verts, le Parti socialiste.<\/p>\n<p>Pour ces \u00e9lections l\u00e9gislatives, faisons tout pour \u00eatre unis, retrouvons-nous autour d\u2019un contrat de l\u00e9gislature r\u00e9pondant \u00e0 l\u2019aspiration des Fran\u00e7ais sur le pouvoir d\u2019achat, le droit \u00e0 la retraite, la transition \u00e9cologique et la justice climatique, les services publics, une R\u00e9publique refond\u00e9e.<br \/>\nFixons-nous l\u2019objectif d\u2019un accord global, nous r\u00e9unissant dans la totalit\u00e9 des circonscriptions, en \u00e9vitant toute division dans des circonscriptions ayant d\u00e9j\u00e0 des d\u00e9put\u00e9s de gauche, et en allant ensemble \u00e0 la conqu\u00eate d\u2019une majorit\u00e9 de d\u00e9put\u00e9s partout ailleurs.<br \/>\nFaisons-le en respectant bien s\u00fbr le rapport de force issus de la pr\u00e9sidentielle, mais aussi en tenant compte des ancrages locaux et des diff\u00e9rentes sensibilit\u00e9s \u00e0 gauche.<br \/>\nEn se rassemblant et en faisant de nos diff\u00e9rences une richesse, toute la gauche peut, non seulement retrouver les 11 millions d\u2019\u00e9lecteurs et \u00e9lectrices du 10 avril, mais elle peut contribuer aussi \u00e0 remobiliser nombre d\u2019abstentionnistes.<br \/>\nL\u2019heure est trop grave, la menace de l\u2019extr\u00eame droite sur de nombreuses circonscriptions trop angoissante, l\u2019arrogance d\u00e9vastatrice du pr\u00e9sident de la R\u00e9publique trop dangereuse, pour que nous ne fassions pas preuve d\u2019une grande responsabilit\u00e9.<br \/>\nC\u2019est dans cet esprit que nous discutons depuis plusieurs jours avec toutes les forces de gauche. Cr\u00e9ons les conditions d\u2019un tel accord.<br \/>\nJe redis \u00e0 Jean-Luc M\u00e9lenchon, \u00e0 Julien Bayou, \u00e0 Olivier Faure ma totale disponibilit\u00e9 pour nous retrouver tous ensemble, le plus rapidement possible, pour atteindre l\u2019objectif ambitieux que nous pourrions nous fixer \u00e0 gauche.<br \/>\nLes communistes sont d\u00e9termin\u00e9s \u00e0 tout faire pour aboutir et apporter notre contribution avec \u00ab La France des Jours heureux \u00bb que nous avons d\u00e9fendue pendant la campagne.<br \/>\nJe vous remercie.<\/p>\n","protected":false},"excerpt":{"rendered":"<p>Mesdames et Messieurs, Ce soir, le pire a \u00e9t\u00e9 \u00e9vit\u00e9 \u00e0 la France. Gr\u00e2ce \u00e0 la mobilisation de millions de nos compatriotes, la repr\u00e9sentante de l\u2019extr\u00eame droite ne pourra pas, \u00e0 l\u2019\u00c9lys\u00e9e, perp\u00e9trer le coup de force institutionnel qu\u2019elle envisageait pour disloquer la R\u00e9publique. Elle ne pourra pas installer un pouvoir autoritaire, mettant en pi\u00e8ces &hellip; <a href=\"https:\/\/pcbigouden.fr\/?p=1174\" class=\"more-link\">Continue reading <span class=\"screen-reader-text\">Second tour de l\u2019\u00e9lection pr\u00e9sidentielle 2022 Intervention Fabien Roussel \u2013 24 avril 2022<\/span><\/a><\/p>\n","protected":false},"author":6,"featured_media":0,"comment_status":"closed","ping_status":"closed","sticky":false,"template":"","format":"standard","meta":{"_jetpack_memberships_contains_paid_content":false,"footnotes":""},"categories":[2,4,59],"tags":[146,145,144],"class_list":["post-1174","post","type-post","status-publish","format-standard","hentry","category-democratie","category-electionpresid-2022","category-parti-communiste","tag-election-presidentielle","tag-le-pen","tag-macron"],"yoast_head":"<!-- This site is optimized with the Yoast SEO plugin v27.5 - https:\/\/yoast.com\/product\/yoast-seo-wordpress\/ -->\n<title>Second tour de l\u2019\u00e9lection pr\u00e9sidentielle 2022 Intervention Fabien Roussel \u2013 24 avril 2022 - PCF Pays Bigouden<\/title>\n<meta name=\"robots\" content=\"index, follow, max-snippet:-1, max-image-preview:large, max-video-preview:-1\" \/>\n<link rel=\"canonical\" href=\"https:\/\/pcbigouden.fr\/?p=1174\" \/>\n<meta property=\"og:locale\" content=\"fr_FR\" \/>\n<meta property=\"og:type\" content=\"article\" \/>\n<meta property=\"og:title\" content=\"Second tour de l\u2019\u00e9lection pr\u00e9sidentielle 2022 Intervention Fabien Roussel \u2013 24 avril 2022 - PCF Pays Bigouden\" \/>\n<meta property=\"og:description\" content=\"Mesdames et Messieurs, Ce soir, le pire a \u00e9t\u00e9 \u00e9vit\u00e9 \u00e0 la France. Gr\u00e2ce \u00e0 la mobilisation de millions de nos compatriotes, la repr\u00e9sentante de l\u2019extr\u00eame droite ne pourra pas, \u00e0 l\u2019\u00c9lys\u00e9e, perp\u00e9trer le coup de force institutionnel qu\u2019elle envisageait pour disloquer la R\u00e9publique. Elle ne pourra pas installer un pouvoir autoritaire, mettant en pi\u00e8ces &hellip; Continue reading Second tour de l\u2019\u00e9lection pr\u00e9sidentielle 2022 Intervention Fabien Roussel \u2013 24 avril 2022\" \/>\n<meta property=\"og:url\" content=\"https:\/\/pcbigouden.fr\/?p=1174\" \/>\n<meta property=\"og:site_name\" content=\"PCF Pays Bigouden\" \/>\n<meta property=\"article:published_time\" content=\"2022-04-25T06:53:06+00:00\" \/>\n<meta property=\"article:modified_time\" content=\"2022-04-25T06:54:57+00:00\" \/>\n<meta name=\"author\" content=\"sierramaestra\" \/>\n<meta name=\"twitter:card\" content=\"summary_large_image\" \/>\n<meta name=\"twitter:label1\" content=\"\u00c9crit par\" \/>\n\t<meta name=\"twitter:data1\" content=\"sierramaestra\" \/>\n\t<meta name=\"twitter:label2\" content=\"Dur\u00e9e de lecture estim\u00e9e\" \/>\n\t<meta name=\"twitter:data2\" content=\"5 minutes\" \/>\n<script type=\"application\/ld+json\" class=\"yoast-schema-graph\">{\"@context\":\"https:\\\/\\\/schema.org\",\"@graph\":[{\"@type\":\"Article\",\"@id\":\"https:\\\/\\\/pcbigouden.fr\\\/?p=1174#article\",\"isPartOf\":{\"@id\":\"https:\\\/\\\/pcbigouden.fr\\\/?p=1174\"},\"author\":{\"name\":\"sierramaestra\",\"@id\":\"https:\\\/\\\/pcbigouden.fr\\\/#\\\/schema\\\/person\\\/2f88b3db41deacf169cab9e2ff83133a\"},\"headline\":\"Second tour de l\u2019\u00e9lection pr\u00e9sidentielle 2022 Intervention Fabien Roussel \u2013 24 avril 2022\",\"datePublished\":\"2022-04-25T06:53:06+00:00\",\"dateModified\":\"2022-04-25T06:54:57+00:00\",\"mainEntityOfPage\":{\"@id\":\"https:\\\/\\\/pcbigouden.fr\\\/?p=1174\"},\"wordCount\":992,\"publisher\":{\"@id\":\"https:\\\/\\\/pcbigouden.fr\\\/#organization\"},\"keywords\":[\"\u00e9lection pr\u00e9sidentielle\",\"Le Pen\",\"Macron\"],\"articleSection\":[\"D\u00e9mocratie\",\"\u00c9lections\",\"Parti Communiste\"],\"inLanguage\":\"fr-FR\"},{\"@type\":\"WebPage\",\"@id\":\"https:\\\/\\\/pcbigouden.fr\\\/?p=1174\",\"url\":\"https:\\\/\\\/pcbigouden.fr\\\/?p=1174\",\"name\":\"Second tour de l\u2019\u00e9lection pr\u00e9sidentielle 2022 Intervention Fabien Roussel \u2013 24 avril 2022 - PCF Pays Bigouden\",\"isPartOf\":{\"@id\":\"https:\\\/\\\/pcbigouden.fr\\\/#website\"},\"datePublished\":\"2022-04-25T06:53:06+00:00\",\"dateModified\":\"2022-04-25T06:54:57+00:00\",\"breadcrumb\":{\"@id\":\"https:\\\/\\\/pcbigouden.fr\\\/?p=1174#breadcrumb\"},\"inLanguage\":\"fr-FR\",\"potentialAction\":[{\"@type\":\"ReadAction\",\"target\":[\"https:\\\/\\\/pcbigouden.fr\\\/?p=1174\"]}]},{\"@type\":\"BreadcrumbList\",\"@id\":\"https:\\\/\\\/pcbigouden.fr\\\/?p=1174#breadcrumb\",\"itemListElement\":[{\"@type\":\"ListItem\",\"position\":1,\"name\":\"Accueil\",\"item\":\"https:\\\/\\\/pcbigouden.fr\\\/\"},{\"@type\":\"ListItem\",\"position\":2,\"name\":\"Second tour de l\u2019\u00e9lection pr\u00e9sidentielle 2022 Intervention Fabien Roussel \u2013 24 avril 2022\"}]},{\"@type\":\"WebSite\",\"@id\":\"https:\\\/\\\/pcbigouden.fr\\\/#website\",\"url\":\"https:\\\/\\\/pcbigouden.fr\\\/\",\"name\":\"PCF Pays Bigouden\",\"description\":\"Blog des communistes du Pays Bigouden\",\"publisher\":{\"@id\":\"https:\\\/\\\/pcbigouden.fr\\\/#organization\"},\"potentialAction\":[{\"@type\":\"SearchAction\",\"target\":{\"@type\":\"EntryPoint\",\"urlTemplate\":\"https:\\\/\\\/pcbigouden.fr\\\/?s={search_term_string}\"},\"query-input\":{\"@type\":\"PropertyValueSpecification\",\"valueRequired\":true,\"valueName\":\"search_term_string\"}}],\"inLanguage\":\"fr-FR\"},{\"@type\":\"Organization\",\"@id\":\"https:\\\/\\\/pcbigouden.fr\\\/#organization\",\"name\":\"Parti Communiste PCF Pays Bigouden\",\"url\":\"https:\\\/\\\/pcbigouden.fr\\\/\",\"logo\":{\"@type\":\"ImageObject\",\"inLanguage\":\"fr-FR\",\"@id\":\"https:\\\/\\\/pcbigouden.fr\\\/#\\\/schema\\\/logo\\\/image\\\/\",\"url\":\"https:\\\/\\\/pcbigouden.fr\\\/wp-content\\\/uploads\\\/2021\\\/10\\\/logoTB307x290.jpg\",\"contentUrl\":\"https:\\\/\\\/pcbigouden.fr\\\/wp-content\\\/uploads\\\/2021\\\/10\\\/logoTB307x290.jpg\",\"width\":307,\"height\":290,\"caption\":\"Parti Communiste PCF Pays Bigouden\"},\"image\":{\"@id\":\"https:\\\/\\\/pcbigouden.fr\\\/#\\\/schema\\\/logo\\\/image\\\/\"}},{\"@type\":\"Person\",\"@id\":\"https:\\\/\\\/pcbigouden.fr\\\/#\\\/schema\\\/person\\\/2f88b3db41deacf169cab9e2ff83133a\",\"name\":\"sierramaestra\",\"image\":{\"@type\":\"ImageObject\",\"inLanguage\":\"fr-FR\",\"@id\":\"https:\\\/\\\/secure.gravatar.com\\\/avatar\\\/5e822171bcc9a9856efba4097a35cfd35b4c239b7b552810087caf40ef8496b2?s=96&d=mm&r=g\",\"url\":\"https:\\\/\\\/secure.gravatar.com\\\/avatar\\\/5e822171bcc9a9856efba4097a35cfd35b4c239b7b552810087caf40ef8496b2?s=96&d=mm&r=g\",\"contentUrl\":\"https:\\\/\\\/secure.gravatar.com\\\/avatar\\\/5e822171bcc9a9856efba4097a35cfd35b4c239b7b552810087caf40ef8496b2?s=96&d=mm&r=g\",\"caption\":\"sierramaestra\"},\"url\":\"https:\\\/\\\/pcbigouden.fr\\\/?author=6\"}]}<\/script>\n<!-- \/ Yoast SEO plugin. -->","yoast_head_json":{"title":"Second tour de l\u2019\u00e9lection pr\u00e9sidentielle 2022 Intervention Fabien Roussel \u2013 24 avril 2022 - PCF Pays Bigouden","robots":{"index":"index","follow":"follow","max-snippet":"max-snippet:-1","max-image-preview":"max-image-preview:large","max-video-preview":"max-video-preview:-1"},"canonical":"https:\/\/pcbigouden.fr\/?p=1174","og_locale":"fr_FR","og_type":"article","og_title":"Second tour de l\u2019\u00e9lection pr\u00e9sidentielle 2022 Intervention Fabien Roussel \u2013 24 avril 2022 - PCF Pays Bigouden","og_description":"Mesdames et Messieurs, Ce soir, le pire a \u00e9t\u00e9 \u00e9vit\u00e9 \u00e0 la France. Gr\u00e2ce \u00e0 la mobilisation de millions de nos compatriotes, la repr\u00e9sentante de l\u2019extr\u00eame droite ne pourra pas, \u00e0 l\u2019\u00c9lys\u00e9e, perp\u00e9trer le coup de force institutionnel qu\u2019elle envisageait pour disloquer la R\u00e9publique. Elle ne pourra pas installer un pouvoir autoritaire, mettant en pi\u00e8ces &hellip; Continue reading Second tour de l\u2019\u00e9lection pr\u00e9sidentielle 2022 Intervention Fabien Roussel \u2013 24 avril 2022","og_url":"https:\/\/pcbigouden.fr\/?p=1174","og_site_name":"PCF Pays Bigouden","article_published_time":"2022-04-25T06:53:06+00:00","article_modified_time":"2022-04-25T06:54:57+00:00","author":"sierramaestra","twitter_card":"summary_large_image","twitter_misc":{"\u00c9crit par":"sierramaestra","Dur\u00e9e de lecture estim\u00e9e":"5 minutes"},"schema":{"@context":"https:\/\/schema.org","@graph":[{"@type":"Article","@id":"https:\/\/pcbigouden.fr\/?p=1174#article","isPartOf":{"@id":"https:\/\/pcbigouden.fr\/?p=1174"},"author":{"name":"sierramaestra","@id":"https:\/\/pcbigouden.fr\/#\/schema\/person\/2f88b3db41deacf169cab9e2ff83133a"},"headline":"Second tour de l\u2019\u00e9lection pr\u00e9sidentielle 2022 Intervention Fabien Roussel \u2013 24 avril 2022","datePublished":"2022-04-25T06:53:06+00:00","dateModified":"2022-04-25T06:54:57+00:00","mainEntityOfPage":{"@id":"https:\/\/pcbigouden.fr\/?p=1174"},"wordCount":992,"publisher":{"@id":"https:\/\/pcbigouden.fr\/#organization"},"keywords":["\u00e9lection pr\u00e9sidentielle","Le Pen","Macron"],"articleSection":["D\u00e9mocratie","\u00c9lections","Parti Communiste"],"inLanguage":"fr-FR"},{"@type":"WebPage","@id":"https:\/\/pcbigouden.fr\/?p=1174","url":"https:\/\/pcbigouden.fr\/?p=1174","name":"Second tour de l\u2019\u00e9lection pr\u00e9sidentielle 2022 Intervention Fabien Roussel \u2013 24 avril 2022 - PCF Pays Bigouden","isPartOf":{"@id":"https:\/\/pcbigouden.fr\/#website"},"datePublished":"2022-04-25T06:53:06+00:00","dateModified":"2022-04-25T06:54:57+00:00","breadcrumb":{"@id":"https:\/\/pcbigouden.fr\/?p=1174#breadcrumb"},"inLanguage":"fr-FR","potentialAction":[{"@type":"ReadAction","target":["https:\/\/pcbigouden.fr\/?p=1174"]}]},{"@type":"BreadcrumbList","@id":"https:\/\/pcbigouden.fr\/?p=1174#breadcrumb","itemListElement":[{"@type":"ListItem","position":1,"name":"Accueil","item":"https:\/\/pcbigouden.fr\/"},{"@type":"ListItem","position":2,"name":"Second tour de l\u2019\u00e9lection pr\u00e9sidentielle 2022 Intervention Fabien Roussel \u2013 24 avril 2022"}]},{"@type":"WebSite","@id":"https:\/\/pcbigouden.fr\/#website","url":"https:\/\/pcbigouden.fr\/","name":"PCF Pays Bigouden","description":"Blog des communistes du Pays Bigouden","publisher":{"@id":"https:\/\/pcbigouden.fr\/#organization"},"potentialAction":[{"@type":"SearchAction","target":{"@type":"EntryPoint","urlTemplate":"https:\/\/pcbigouden.fr\/?s={search_term_string}"},"query-input":{"@type":"PropertyValueSpecification","valueRequired":true,"valueName":"search_term_string"}}],"inLanguage":"fr-FR"},{"@type":"Organization","@id":"https:\/\/pcbigouden.fr\/#organization","name":"Parti Communiste PCF Pays Bigouden","url":"https:\/\/pcbigouden.fr\/","logo":{"@type":"ImageObject","inLanguage":"fr-FR","@id":"https:\/\/pcbigouden.fr\/#\/schema\/logo\/image\/","url":"https:\/\/pcbigouden.fr\/wp-content\/uploads\/2021\/10\/logoTB307x290.jpg","contentUrl":"https:\/\/pcbigouden.fr\/wp-content\/uploads\/2021\/10\/logoTB307x290.jpg","width":307,"height":290,"caption":"Parti Communiste PCF Pays Bigouden"},"image":{"@id":"https:\/\/pcbigouden.fr\/#\/schema\/logo\/image\/"}},{"@type":"Person","@id":"https:\/\/pcbigouden.fr\/#\/schema\/person\/2f88b3db41deacf169cab9e2ff83133a","name":"sierramaestra","image":{"@type":"ImageObject","inLanguage":"fr-FR","@id":"https:\/\/secure.gravatar.com\/avatar\/5e822171bcc9a9856efba4097a35cfd35b4c239b7b552810087caf40ef8496b2?s=96&d=mm&r=g","url":"https:\/\/secure.gravatar.com\/avatar\/5e822171bcc9a9856efba4097a35cfd35b4c239b7b552810087caf40ef8496b2?s=96&d=mm&r=g","contentUrl":"https:\/\/secure.gravatar.com\/avatar\/5e822171bcc9a9856efba4097a35cfd35b4c239b7b552810087caf40ef8496b2?s=96&d=mm&r=g","caption":"sierramaestra"},"url":"https:\/\/pcbigouden.fr\/?author=6"}]}},"jetpack_featured_media_url":"","jetpack_sharing_enabled":true,"jetpack_likes_enabled":true,"_links":{"self":[{"href":"https:\/\/pcbigouden.fr\/index.php?rest_route=\/wp\/v2\/posts\/1174","targetHints":{"allow":["GET"]}}],"collection":[{"href":"https:\/\/pcbigouden.fr\/index.php?rest_route=\/wp\/v2\/posts"}],"about":[{"href":"https:\/\/pcbigouden.fr\/index.php?rest_route=\/wp\/v2\/types\/post"}],"author":[{"embeddable":true,"href":"https:\/\/pcbigouden.fr\/index.php?rest_route=\/wp\/v2\/users\/6"}],"replies":[{"embeddable":true,"href":"https:\/\/pcbigouden.fr\/index.php?rest_route=%2Fwp%2Fv2%2Fcomments&post=1174"}],"version-history":[{"count":0,"href":"https:\/\/pcbigouden.fr\/index.php?rest_route=\/wp\/v2\/posts\/1174\/revisions"}],"wp:attachment":[{"href":"https:\/\/pcbigouden.fr\/index.php?rest_route=%2Fwp%2Fv2%2Fmedia&parent=1174"}],"wp:term":[{"taxonomy":"category","embeddable":true,"href":"https:\/\/pcbigouden.fr\/index.php?rest_route=%2Fwp%2Fv2%2Fcategories&post=1174"},{"taxonomy":"post_tag","embeddable":true,"href":"https:\/\/pcbigouden.fr\/index.php?rest_route=%2Fwp%2Fv2%2Ftags&post=1174"}],"curies":[{"name":"wp","href":"https:\/\/api.w.org\/{rel}","templated":true}]}}