{"id":1166,"date":"2022-04-22T08:24:53","date_gmt":"2022-04-22T06:24:53","guid":{"rendered":"https:\/\/pcbigouden.fr\/?p=1166"},"modified":"2022-04-22T09:19:10","modified_gmt":"2022-04-22T07:19:10","slug":"conference-de-presse-de-fabien-roussel-le-21-avril-avant-le-2e-tour","status":"publish","type":"post","link":"https:\/\/pcbigouden.fr\/?p=1166","title":{"rendered":"Conf\u00e9rence de presse de Fabien Roussel le 21 avril, avant le 2e tour et les l\u00e9gislatives"},"content":{"rendered":"<p>Mesdames et messieurs,<\/p>\n<p>J\u2019ai souhait\u00e9 m\u2019exprimer au lendemain du d\u00e9bat entre Emmanuel Macron et Marine Le Pen, car celui-ci a confirm\u00e9 la menace majeure qui p\u00e8se sur l\u2019avenir de la R\u00e9publique. Cette menace, c\u2019est d\u2019abord le projet de la candidate du Rassemblement national qui, comme elle l\u2019a encore d\u00e9montr\u00e9 hier, va fracturer fortement notre pays, divisant nos concitoyens en fonction de leur religion et de leur origine.<!--more--><\/p>\n<p>De la remise en cause des principes de notre R\u00e9publique la\u00efque, inscrits dans la loi de 1905, jusqu\u2019\u00e0 tirer un trait d\u2019\u00e9galit\u00e9 entre \u00e9trangers, musulmans, d\u00e9linquance et terrorisme, la candidate d\u2019extr\u00eame droite propose un cocktail explosif pour la France, pour la jeunesse. Et contrairement \u00e0 ce qu\u2019elle pr\u00e9tend, les droits des femmes, fran\u00e7aises et \u00e9trang\u00e8res, seront particuli\u00e8rement menac\u00e9s. Jusqu\u2019\u00e0 r\u00e9cemment encore, elle affirmait son opposition \u00e0 l\u2019allongement des d\u00e9lais de l\u2019IVG.<\/p>\n<p>Je le redis clairement, nous ne voulons pas d\u2019une pr\u00e9sidente de la R\u00e9publique qui tiendra, lors de son investiture, un discours fait d\u2019amalgames racistes et x\u00e9nophobes. Nous ne voulons pas d\u2019un projet d\u2019extr\u00eame droite au pouvoir qui mettra en cause directement la libert\u00e9 de la presse, d\u2019association, d\u2019expression et l\u2019ind\u00e9pendance de la justice. Nous ne voulons pas d\u2019une pr\u00e9sidente qui collaborera activement avec les r\u00e9gimes les plus autoritaires de l\u2019Union europ\u00e9enne et du monde.<\/p>\n<p>Et nous connaissons trop bien l\u2019extr\u00eame droite fran\u00e7aise pour savoir que son pouvoir s\u2019appuierait sur les groupes identitaires les plus dangereux du pays.<\/p>\n<p><strong>C\u2019est pourquoi, \u00e0 3 jours de ce scrutin important, j\u2019appelle les Fran\u00e7aises et les Fran\u00e7ais \u00e0 ne pas se tromper de col\u00e8re. Et \u00e0 tout faire pour que l\u2019extr\u00eame droite et sa politique n\u2019acc\u00e8dent pas au pouvoir.<\/strong><\/p>\n<p><strong>Pour cela, l\u2019abstention est un risque majeur.<\/strong> Elle risque de favoriser la candidate de l\u2019extr\u00eame droite qui peut b\u00e9n\u00e9ficier d\u2019un report de voix du candidat Zemmour et du soutien d\u2019une droite extr\u00eame, comme Ciotti, qui en ne donnant pas de consigne de vote, ouvre des digues d\u00e9j\u00e0 fragiles.<\/p>\n<p><strong>Si l\u2019abstention est un risque majeur, je regrette que le candidat Macron n\u2019ait pas donn\u00e9, hier soir, de signes vers la majorit\u00e9 de nos concitoyens en col\u00e8re contre sa politique et inquiets de ses projets pour l\u2019avenir. <\/strong><\/p>\n<p>Emmanuel Macron a pris une grave responsabilit\u00e9 hier. Il avait la possibilit\u00e9 de dire qu\u2019il comprenait la col\u00e8re des Fran\u00e7ais et qu\u2019il ne mettrait pas en \u0153uvre ses propositions les plus dures, comme le recul de l\u2019\u00e2ge de d\u00e9part en retraite \u00e0 65 ans. Il n\u2019a pas saisi cette possibilit\u00e9.<\/p>\n<p>Il devrait prendre conscience que, s\u2019il est \u00e9lu demain, cela ne vaut pas accord sur son programme. Il devrait accepter que, s\u2019il l\u2019emporte dimanche, c\u2019est par d\u00e9faut et parce que nous, et tant d\u2019autres, ne voulons pas de l\u2019extr\u00eame droite au pouvoir, comme nous ne voulons pas non plus d\u2019un programme qui, encore une fois, va servir la finance au d\u00e9triment de l\u2019\u00e9conomie r\u00e9elle.<\/p>\n<p>Avec humilit\u00e9 et moins d\u2019arrogance, il devrait envoyer un message aux Fran\u00e7ais en les assurant que demain, il ne passera jamais en force ses r\u00e9formes visant \u00e0 briser m\u00e9thodiquement les conqu\u00eates sociales issues du Conseil national de la R\u00e9sistance.<\/p>\n<p><strong>C\u2019est pourquoi je lance cet appel aux fran\u00e7ais, aux 11 millions d\u2019\u00e9lecteurs des diff\u00e9rentes forces de gauche, aux 12 millions d\u2019abstentionnistes de ce 1er tour : il faut battre Marine Le Pen dimanche prochain en utilisant le bulletin de vote Macron et ensuite, enclencher une grande mobilisation pour battre la droite et l\u2019extr\u00eame droite aux \u00e9lections l\u00e9gislatives et porter cet espoir faire gagner une majorit\u00e9 de d\u00e9put\u00e9s de gauche. Oui, c\u2019est possible.<\/strong><\/p>\n<p>D\u2019abord, il faut nous mobiliser pour battre Marine Le Pen et pour faire en sorte que le r\u00e9sultat de l\u2019extr\u00eame droite soit le plus bas possible dimanche soir. Car \u00e0 chaque fois qu\u2019un nouveau seuil est franchi, ses id\u00e9es prennent de la force dans le pays. Je dis aux jeunes de notre pays qui rejettent massivement le projet de Madame Le Pen, engagez- vous, pour le mettre en \u00e9chec durablement.<\/p>\n<p><strong>Et d\u00e8s le lendemain de l\u2019\u00e9lection, le premier enjeu qui sera pos\u00e9 au pays, sera de donner un espoir \u00e0 gauche, tout en battant les candidats de Madame Le Pen et de Monsieur Zemmour dans le plus grand nombre de circonscriptions l\u00e9gislatives du pays.<\/strong><\/p>\n<p><strong>Car la menace sur l\u2019Assembl\u00e9e est elle aussi bien r\u00e9elle. D\u00e8s le premier tour, Marine Le Pen \u00e9tait en t\u00eate dans 217 circonscriptions du pays. Et le total des voix d\u2019extr\u00eame droite d\u00e9passait les 40 % dans 129 circonscriptions du pays.<\/strong><\/p>\n<p>L\u2019enjeu est donc d\u2019emp\u00eacher que plusieurs dizaines de d\u00e9put\u00e9s d\u2019extr\u00eame droite fassent leur entr\u00e9e \u00e0 l\u2019Assembl\u00e9e. Nous devons tout faire pour emp\u00eacher une vague brune d\u2019envahir les rangs du Parlement.<\/p>\n<p>Mais nous voulons aussi envoyer un signal clair \u00e0 Emmanuel Macron : s\u2019il \u00e9tait \u00e9lu dimanche prochain, nous ne voulons pas de sa politique et nous ferons tout pour construire une majorit\u00e9 de gauche \u00e0 l\u2019Assembl\u00e9e ! C\u2019est l\u2019espoir que nous devons porter ensemble aux \u00e9lections l\u00e9gislatives.<\/p>\n<p><strong>Avec 11 millions de voix, 32,5 %, +4 % par rapport \u00e0 2017, l\u2019ensemble des forces de gauche doit pouvoir s\u2019additionner, gagner et viser une majorit\u00e9 en juin prochain. Nous appelons toutes les forces de gauche \u00e0 se fixer un tel niveau d\u2019ambition, car notre pays en a besoin.<\/strong><\/p>\n<p>Comme nous l\u2019avons dit imm\u00e9diatement, nous reconnaissons le poids de La France insoumise car c\u2019est la premi\u00e8re force de gauche, et de loin, \u00e0 l\u2019issue du premier tour, m\u00eame si beaucoup d\u2019\u00e9lecteurs nous confirment tous les jours avoir vot\u00e9 \u00e0 la derni\u00e8re minute pour le candidat de gauche ayant le plus de chance d\u2019acc\u00e9der au second tour sans pour autant soutenir son projet.<\/p>\n<p>Comme je l\u2019ai dit durant toute ma campagne, nous devons nous additionner et faire de nos diff\u00e9rences une force, une richesse, permettant de rassembler l\u2019ensemble des 11 millions d\u2019\u00e9lecteurs de gauche, et aller en chercher de nouveaux parmi les abstentionnistes !<\/p>\n<p><strong>Je propose de nous retrouver autour d\u2019un contrat de l\u00e9gislature et de 10 axes de rassemblement qui, surtout, permettront d\u2019apporter des r\u00e9ponses rapides aux Fran\u00e7ais concernant leur salaire, leur pouvoir d\u2019achat, leur retraite, l\u2019acc\u00e8s \u00e0 la sant\u00e9, \u00e0 l\u2019\u00e9cole.<\/strong> Mettons en commun ce qui nous rassemble et laissons aussi \u00e0 chaque force politique la possibilit\u00e9 de d\u00e9fendre ce qui lui est propre.<\/p>\n<p><strong>A ce titre, le programme de la France des Jours heureux, que j\u2019ai d\u00e9fendu pendant la campagne reste un projet de soci\u00e9t\u00e9 avec des propositions originales, toujours d\u2019actualit\u00e9.<\/strong><\/p>\n<p><strong>De m\u00eame, les \u00e9lecteurs de Yannick Jadot, comme d\u2019Anne Hidalgo doivent pouvoir se retrouver dans ces \u00e9lections l\u00e9gislatives et avec des candidatures communes.<\/strong><\/p>\n<p><strong>Cr\u00e9ons les conditionnes d\u2019additionner nos voix et non pas de les effacer.<\/strong><\/p>\n<p>Aussi, parce que je suis d\u00e9termin\u00e9 \u00e0 faire gagner cet espoir \u00e0 gauche, j\u2019appelle l\u2019ensemble des responsables des forces de gauche \u00e0 se retrouver, ensemble, pour afficher cet objectif : battre l\u2019extr\u00eame droite et la droite de Macron aux \u00e9lections l\u00e9gislatives, et cr\u00e9er toutes les conditions pour que la gauche l\u2019emporte.<\/p>\n<p>Je veux dire publiquement et dans la clart\u00e9 nos objectifs dans ces discussions. <strong>Chacune, chacun mesure que l\u2019objectif d\u2019une majorit\u00e9 \u00e0 l\u2019Assembl\u00e9e, c\u2019est \u00e0 dire la victoire de la gauche dans 289 circonscriptions du pays, est un objectif \u00e9lev\u00e9. Mais il est le m\u00eame pour chaque bloc : la gauche, la droite ou l\u2019extr\u00eame droite ont rassembl\u00e9 chacun 30 % des \u00e9lecteurs.<\/strong><\/p>\n<p>Nous devons donc, \u00e0 gauche, avoir la construction la plus collective possible, avec des engagements communs pour le pays et dans le respect de nos diff\u00e9rences. Nous reconnaissons la place centrale de La France insoumise, avec qui nous souhaitons durablement travailler pour conqu\u00e9rir des avanc\u00e9es.<\/p>\n<p><strong>Cela peut se faire dans le cadre d\u2019un travail en commun respectueux de chacun et non d\u2019un ralliement qui effacerait les projets port\u00e9s ou qui mettrait en danger des d\u00e9put\u00e9s sortants de gauche.<\/strong><\/p>\n<p>D\u00e9cidons ensemble qu\u2019insoumis, socialistes, \u00e9cologistes, communistes se pr\u00e9sentent unis dans de tr\u00e8s nombreuses circonscriptions du pays. <strong>Et commen\u00e7ons par les d\u00e9put\u00e9s sortants de gauche, en cr\u00e9ant les conditions de leur r\u00e9-\u00e9lection et en faisant en sorte qu\u2019il soit soutenus par tous, sur la base du contrat de l\u00e9gislature.<\/strong><\/p>\n<p>Car si nous voulons gagner en juin prochain, ne commen\u00e7ons pas par faire battre des d\u00e9put\u00e9s de gauche sortant, au b\u00e9n\u00e9fice de la droite ou de l\u2019extr\u00eame droite !<\/p>\n<div><strong>Ensuite, nous pr\u00f4nons que le rassemblement se fasse autour des candidates et candidats les mieux plac\u00e9s pour l\u2019emporter, partout, dans chaque d\u00e9partement.<\/strong><\/div>\n<p><strong>Nous le savons bien, une \u00e9lection l\u00e9gislative n\u2019est pas une \u00e9lection pr\u00e9sidentielle et l\u2019ancrage des candidates et des candidats, avec les maires et \u00e9lus locaux, souvent gagn\u00e9s dans l\u2019union des forces de gauche et \u00e9cologistes, doivent \u00eatre des points d\u2019appui essentiel pour l\u2019emporter. <\/strong><\/p>\n<p>Pour travailler \u00e0 cela, pour porter cet espoir ensemble, pour envoyer ce message fort aux 11 millions d\u2019\u00e9lectrices et \u00e9lecteurs de gauche, aux abstentionnistes, je souhaite que l\u2019on puisse se retrouver ensemble au plus t\u00f4t, d\u00e8s lundi. Je suis disponible pour cela, affichons notre d\u00e9termination.<\/p>\n<p>Et j\u2019appelle les communistes dans tous les d\u00e9partements de France \u00e0 s\u2019adresser \u00e0 l\u2019ensemble des forces de gauche pour porter cet espoir et cette grande ambition pour notre pays.<\/p>\n<p><strong>L\u2019union doit se faire avec tout le monde. C\u2019est la seule condition de la victoire !<\/strong><\/p>\n<h2 style=\"text-align: center;\"><a href=\"https:\/\/pcbigouden.fr\/wp-content\/uploads\/2022\/04\/Conference-de-presse-FR-20220421-2.pdf\">Le texte de la conf\u00e9rence en PDF, t\u00e9l\u00e9charger ici<\/a><\/h2>\n","protected":false},"excerpt":{"rendered":"<p>Mesdames et messieurs, J\u2019ai souhait\u00e9 m\u2019exprimer au lendemain du d\u00e9bat entre Emmanuel Macron et Marine Le Pen, car celui-ci a confirm\u00e9 la menace majeure qui p\u00e8se sur l\u2019avenir de la R\u00e9publique. Cette menace, c\u2019est d\u2019abord le projet de la candidate du Rassemblement national qui, comme elle l\u2019a encore d\u00e9montr\u00e9 hier, va fracturer fortement notre pays, &hellip; <a href=\"https:\/\/pcbigouden.fr\/?p=1166\" class=\"more-link\">Continue reading <span class=\"screen-reader-text\">Conf\u00e9rence de presse de Fabien Roussel le 21 avril, avant le 2e tour et les l\u00e9gislatives<\/span><\/a><\/p>\n","protected":false},"author":6,"featured_media":1168,"comment_status":"closed","ping_status":"closed","sticky":false,"template":"","format":"standard","meta":{"_jetpack_memberships_contains_paid_content":false,"footnotes":""},"categories":[7,59],"tags":[],"class_list":["post-1166","post","type-post","status-publish","format-standard","has-post-thumbnail","hentry","category-non-classe","category-parti-communiste"],"yoast_head":"<!-- This site is optimized with the Yoast SEO plugin v27.5 - https:\/\/yoast.com\/product\/yoast-seo-wordpress\/ -->\n<title>Conf\u00e9rence de presse de Fabien Roussel le 21 avril, avant le 2e tour et les l\u00e9gislatives - PCF Pays Bigouden<\/title>\n<meta name=\"robots\" content=\"index, follow, max-snippet:-1, max-image-preview:large, max-video-preview:-1\" \/>\n<link rel=\"canonical\" href=\"https:\/\/pcbigouden.fr\/?p=1166\" \/>\n<meta property=\"og:locale\" content=\"fr_FR\" \/>\n<meta property=\"og:type\" content=\"article\" \/>\n<meta property=\"og:title\" content=\"Conf\u00e9rence de presse de Fabien Roussel le 21 avril, avant le 2e tour et les l\u00e9gislatives - PCF Pays Bigouden\" \/>\n<meta property=\"og:description\" content=\"Mesdames et messieurs, J\u2019ai souhait\u00e9 m\u2019exprimer au lendemain du d\u00e9bat entre Emmanuel Macron et Marine Le Pen, car celui-ci a confirm\u00e9 la menace majeure qui p\u00e8se sur l\u2019avenir de la R\u00e9publique. Cette menace, c\u2019est d\u2019abord le projet de la candidate du Rassemblement national qui, comme elle l\u2019a encore d\u00e9montr\u00e9 hier, va fracturer fortement notre pays, &hellip; Continue reading Conf\u00e9rence de presse de Fabien Roussel le 21 avril, avant le 2e tour et les l\u00e9gislatives\" \/>\n<meta property=\"og:url\" content=\"https:\/\/pcbigouden.fr\/?p=1166\" \/>\n<meta property=\"og:site_name\" content=\"PCF Pays Bigouden\" \/>\n<meta property=\"article:published_time\" content=\"2022-04-22T06:24:53+00:00\" \/>\n<meta property=\"article:modified_time\" content=\"2022-04-22T07:19:10+00:00\" \/>\n<meta property=\"og:image\" content=\"https:\/\/pcbigouden.fr\/wp-content\/uploads\/2022\/04\/FabienRoussel.png\" \/>\n\t<meta property=\"og:image:width\" content=\"507\" \/>\n\t<meta property=\"og:image:height\" content=\"379\" \/>\n\t<meta property=\"og:image:type\" content=\"image\/png\" \/>\n<meta name=\"author\" content=\"sierramaestra\" \/>\n<meta name=\"twitter:card\" content=\"summary_large_image\" \/>\n<meta name=\"twitter:label1\" content=\"\u00c9crit par\" \/>\n\t<meta name=\"twitter:data1\" content=\"sierramaestra\" \/>\n\t<meta name=\"twitter:label2\" content=\"Dur\u00e9e de lecture estim\u00e9e\" \/>\n\t<meta name=\"twitter:data2\" content=\"8 minutes\" \/>\n<script type=\"application\/ld+json\" class=\"yoast-schema-graph\">{\"@context\":\"https:\\\/\\\/schema.org\",\"@graph\":[{\"@type\":\"Article\",\"@id\":\"https:\\\/\\\/pcbigouden.fr\\\/?p=1166#article\",\"isPartOf\":{\"@id\":\"https:\\\/\\\/pcbigouden.fr\\\/?p=1166\"},\"author\":{\"name\":\"sierramaestra\",\"@id\":\"https:\\\/\\\/pcbigouden.fr\\\/#\\\/schema\\\/person\\\/2f88b3db41deacf169cab9e2ff83133a\"},\"headline\":\"Conf\u00e9rence de presse de Fabien Roussel le 21 avril, avant le 2e tour et les l\u00e9gislatives\",\"datePublished\":\"2022-04-22T06:24:53+00:00\",\"dateModified\":\"2022-04-22T07:19:10+00:00\",\"mainEntityOfPage\":{\"@id\":\"https:\\\/\\\/pcbigouden.fr\\\/?p=1166\"},\"wordCount\":1729,\"publisher\":{\"@id\":\"https:\\\/\\\/pcbigouden.fr\\\/#organization\"},\"image\":{\"@id\":\"https:\\\/\\\/pcbigouden.fr\\\/?p=1166#primaryimage\"},\"thumbnailUrl\":\"https:\\\/\\\/pcbigouden.fr\\\/wp-content\\\/uploads\\\/2022\\\/04\\\/FabienRoussel.png\",\"articleSection\":{\"1\":\"Parti Communiste\"},\"inLanguage\":\"fr-FR\"},{\"@type\":\"WebPage\",\"@id\":\"https:\\\/\\\/pcbigouden.fr\\\/?p=1166\",\"url\":\"https:\\\/\\\/pcbigouden.fr\\\/?p=1166\",\"name\":\"Conf\u00e9rence de presse de Fabien Roussel le 21 avril, avant le 2e tour et les l\u00e9gislatives - PCF Pays Bigouden\",\"isPartOf\":{\"@id\":\"https:\\\/\\\/pcbigouden.fr\\\/#website\"},\"primaryImageOfPage\":{\"@id\":\"https:\\\/\\\/pcbigouden.fr\\\/?p=1166#primaryimage\"},\"image\":{\"@id\":\"https:\\\/\\\/pcbigouden.fr\\\/?p=1166#primaryimage\"},\"thumbnailUrl\":\"https:\\\/\\\/pcbigouden.fr\\\/wp-content\\\/uploads\\\/2022\\\/04\\\/FabienRoussel.png\",\"datePublished\":\"2022-04-22T06:24:53+00:00\",\"dateModified\":\"2022-04-22T07:19:10+00:00\",\"breadcrumb\":{\"@id\":\"https:\\\/\\\/pcbigouden.fr\\\/?p=1166#breadcrumb\"},\"inLanguage\":\"fr-FR\",\"potentialAction\":[{\"@type\":\"ReadAction\",\"target\":[\"https:\\\/\\\/pcbigouden.fr\\\/?p=1166\"]}]},{\"@type\":\"ImageObject\",\"inLanguage\":\"fr-FR\",\"@id\":\"https:\\\/\\\/pcbigouden.fr\\\/?p=1166#primaryimage\",\"url\":\"https:\\\/\\\/pcbigouden.fr\\\/wp-content\\\/uploads\\\/2022\\\/04\\\/FabienRoussel.png\",\"contentUrl\":\"https:\\\/\\\/pcbigouden.fr\\\/wp-content\\\/uploads\\\/2022\\\/04\\\/FabienRoussel.png\",\"width\":507,\"height\":379},{\"@type\":\"BreadcrumbList\",\"@id\":\"https:\\\/\\\/pcbigouden.fr\\\/?p=1166#breadcrumb\",\"itemListElement\":[{\"@type\":\"ListItem\",\"position\":1,\"name\":\"Accueil\",\"item\":\"https:\\\/\\\/pcbigouden.fr\\\/\"},{\"@type\":\"ListItem\",\"position\":2,\"name\":\"Conf\u00e9rence de presse de Fabien Roussel le 21 avril, avant le 2e tour et les l\u00e9gislatives\"}]},{\"@type\":\"WebSite\",\"@id\":\"https:\\\/\\\/pcbigouden.fr\\\/#website\",\"url\":\"https:\\\/\\\/pcbigouden.fr\\\/\",\"name\":\"PCF Pays Bigouden\",\"description\":\"Blog des communistes du Pays Bigouden\",\"publisher\":{\"@id\":\"https:\\\/\\\/pcbigouden.fr\\\/#organization\"},\"potentialAction\":[{\"@type\":\"SearchAction\",\"target\":{\"@type\":\"EntryPoint\",\"urlTemplate\":\"https:\\\/\\\/pcbigouden.fr\\\/?s={search_term_string}\"},\"query-input\":{\"@type\":\"PropertyValueSpecification\",\"valueRequired\":true,\"valueName\":\"search_term_string\"}}],\"inLanguage\":\"fr-FR\"},{\"@type\":\"Organization\",\"@id\":\"https:\\\/\\\/pcbigouden.fr\\\/#organization\",\"name\":\"Parti Communiste PCF Pays Bigouden\",\"url\":\"https:\\\/\\\/pcbigouden.fr\\\/\",\"logo\":{\"@type\":\"ImageObject\",\"inLanguage\":\"fr-FR\",\"@id\":\"https:\\\/\\\/pcbigouden.fr\\\/#\\\/schema\\\/logo\\\/image\\\/\",\"url\":\"https:\\\/\\\/pcbigouden.fr\\\/wp-content\\\/uploads\\\/2021\\\/10\\\/logoTB307x290.jpg\",\"contentUrl\":\"https:\\\/\\\/pcbigouden.fr\\\/wp-content\\\/uploads\\\/2021\\\/10\\\/logoTB307x290.jpg\",\"width\":307,\"height\":290,\"caption\":\"Parti Communiste PCF Pays Bigouden\"},\"image\":{\"@id\":\"https:\\\/\\\/pcbigouden.fr\\\/#\\\/schema\\\/logo\\\/image\\\/\"}},{\"@type\":\"Person\",\"@id\":\"https:\\\/\\\/pcbigouden.fr\\\/#\\\/schema\\\/person\\\/2f88b3db41deacf169cab9e2ff83133a\",\"name\":\"sierramaestra\",\"image\":{\"@type\":\"ImageObject\",\"inLanguage\":\"fr-FR\",\"@id\":\"https:\\\/\\\/secure.gravatar.com\\\/avatar\\\/5e822171bcc9a9856efba4097a35cfd35b4c239b7b552810087caf40ef8496b2?s=96&d=mm&r=g\",\"url\":\"https:\\\/\\\/secure.gravatar.com\\\/avatar\\\/5e822171bcc9a9856efba4097a35cfd35b4c239b7b552810087caf40ef8496b2?s=96&d=mm&r=g\",\"contentUrl\":\"https:\\\/\\\/secure.gravatar.com\\\/avatar\\\/5e822171bcc9a9856efba4097a35cfd35b4c239b7b552810087caf40ef8496b2?s=96&d=mm&r=g\",\"caption\":\"sierramaestra\"},\"url\":\"https:\\\/\\\/pcbigouden.fr\\\/?author=6\"}]}<\/script>\n<!-- \/ Yoast SEO plugin. -->","yoast_head_json":{"title":"Conf\u00e9rence de presse de Fabien Roussel le 21 avril, avant le 2e tour et les l\u00e9gislatives - PCF Pays Bigouden","robots":{"index":"index","follow":"follow","max-snippet":"max-snippet:-1","max-image-preview":"max-image-preview:large","max-video-preview":"max-video-preview:-1"},"canonical":"https:\/\/pcbigouden.fr\/?p=1166","og_locale":"fr_FR","og_type":"article","og_title":"Conf\u00e9rence de presse de Fabien Roussel le 21 avril, avant le 2e tour et les l\u00e9gislatives - PCF Pays Bigouden","og_description":"Mesdames et messieurs, J\u2019ai souhait\u00e9 m\u2019exprimer au lendemain du d\u00e9bat entre Emmanuel Macron et Marine Le Pen, car celui-ci a confirm\u00e9 la menace majeure qui p\u00e8se sur l\u2019avenir de la R\u00e9publique. Cette menace, c\u2019est d\u2019abord le projet de la candidate du Rassemblement national qui, comme elle l\u2019a encore d\u00e9montr\u00e9 hier, va fracturer fortement notre pays, &hellip; Continue reading Conf\u00e9rence de presse de Fabien Roussel le 21 avril, avant le 2e tour et les l\u00e9gislatives","og_url":"https:\/\/pcbigouden.fr\/?p=1166","og_site_name":"PCF Pays Bigouden","article_published_time":"2022-04-22T06:24:53+00:00","article_modified_time":"2022-04-22T07:19:10+00:00","og_image":[{"width":507,"height":379,"url":"https:\/\/pcbigouden.fr\/wp-content\/uploads\/2022\/04\/FabienRoussel.png","type":"image\/png"}],"author":"sierramaestra","twitter_card":"summary_large_image","twitter_misc":{"\u00c9crit par":"sierramaestra","Dur\u00e9e de lecture estim\u00e9e":"8 minutes"},"schema":{"@context":"https:\/\/schema.org","@graph":[{"@type":"Article","@id":"https:\/\/pcbigouden.fr\/?p=1166#article","isPartOf":{"@id":"https:\/\/pcbigouden.fr\/?p=1166"},"author":{"name":"sierramaestra","@id":"https:\/\/pcbigouden.fr\/#\/schema\/person\/2f88b3db41deacf169cab9e2ff83133a"},"headline":"Conf\u00e9rence de presse de Fabien Roussel le 21 avril, avant le 2e tour et les l\u00e9gislatives","datePublished":"2022-04-22T06:24:53+00:00","dateModified":"2022-04-22T07:19:10+00:00","mainEntityOfPage":{"@id":"https:\/\/pcbigouden.fr\/?p=1166"},"wordCount":1729,"publisher":{"@id":"https:\/\/pcbigouden.fr\/#organization"},"image":{"@id":"https:\/\/pcbigouden.fr\/?p=1166#primaryimage"},"thumbnailUrl":"https:\/\/pcbigouden.fr\/wp-content\/uploads\/2022\/04\/FabienRoussel.png","articleSection":{"1":"Parti Communiste"},"inLanguage":"fr-FR"},{"@type":"WebPage","@id":"https:\/\/pcbigouden.fr\/?p=1166","url":"https:\/\/pcbigouden.fr\/?p=1166","name":"Conf\u00e9rence de presse de Fabien Roussel le 21 avril, avant le 2e tour et les l\u00e9gislatives - PCF Pays Bigouden","isPartOf":{"@id":"https:\/\/pcbigouden.fr\/#website"},"primaryImageOfPage":{"@id":"https:\/\/pcbigouden.fr\/?p=1166#primaryimage"},"image":{"@id":"https:\/\/pcbigouden.fr\/?p=1166#primaryimage"},"thumbnailUrl":"https:\/\/pcbigouden.fr\/wp-content\/uploads\/2022\/04\/FabienRoussel.png","datePublished":"2022-04-22T06:24:53+00:00","dateModified":"2022-04-22T07:19:10+00:00","breadcrumb":{"@id":"https:\/\/pcbigouden.fr\/?p=1166#breadcrumb"},"inLanguage":"fr-FR","potentialAction":[{"@type":"ReadAction","target":["https:\/\/pcbigouden.fr\/?p=1166"]}]},{"@type":"ImageObject","inLanguage":"fr-FR","@id":"https:\/\/pcbigouden.fr\/?p=1166#primaryimage","url":"https:\/\/pcbigouden.fr\/wp-content\/uploads\/2022\/04\/FabienRoussel.png","contentUrl":"https:\/\/pcbigouden.fr\/wp-content\/uploads\/2022\/04\/FabienRoussel.png","width":507,"height":379},{"@type":"BreadcrumbList","@id":"https:\/\/pcbigouden.fr\/?p=1166#breadcrumb","itemListElement":[{"@type":"ListItem","position":1,"name":"Accueil","item":"https:\/\/pcbigouden.fr\/"},{"@type":"ListItem","position":2,"name":"Conf\u00e9rence de presse de Fabien Roussel le 21 avril, avant le 2e tour et les l\u00e9gislatives"}]},{"@type":"WebSite","@id":"https:\/\/pcbigouden.fr\/#website","url":"https:\/\/pcbigouden.fr\/","name":"PCF Pays Bigouden","description":"Blog des communistes du Pays Bigouden","publisher":{"@id":"https:\/\/pcbigouden.fr\/#organization"},"potentialAction":[{"@type":"SearchAction","target":{"@type":"EntryPoint","urlTemplate":"https:\/\/pcbigouden.fr\/?s={search_term_string}"},"query-input":{"@type":"PropertyValueSpecification","valueRequired":true,"valueName":"search_term_string"}}],"inLanguage":"fr-FR"},{"@type":"Organization","@id":"https:\/\/pcbigouden.fr\/#organization","name":"Parti Communiste PCF Pays Bigouden","url":"https:\/\/pcbigouden.fr\/","logo":{"@type":"ImageObject","inLanguage":"fr-FR","@id":"https:\/\/pcbigouden.fr\/#\/schema\/logo\/image\/","url":"https:\/\/pcbigouden.fr\/wp-content\/uploads\/2021\/10\/logoTB307x290.jpg","contentUrl":"https:\/\/pcbigouden.fr\/wp-content\/uploads\/2021\/10\/logoTB307x290.jpg","width":307,"height":290,"caption":"Parti Communiste PCF Pays Bigouden"},"image":{"@id":"https:\/\/pcbigouden.fr\/#\/schema\/logo\/image\/"}},{"@type":"Person","@id":"https:\/\/pcbigouden.fr\/#\/schema\/person\/2f88b3db41deacf169cab9e2ff83133a","name":"sierramaestra","image":{"@type":"ImageObject","inLanguage":"fr-FR","@id":"https:\/\/secure.gravatar.com\/avatar\/5e822171bcc9a9856efba4097a35cfd35b4c239b7b552810087caf40ef8496b2?s=96&d=mm&r=g","url":"https:\/\/secure.gravatar.com\/avatar\/5e822171bcc9a9856efba4097a35cfd35b4c239b7b552810087caf40ef8496b2?s=96&d=mm&r=g","contentUrl":"https:\/\/secure.gravatar.com\/avatar\/5e822171bcc9a9856efba4097a35cfd35b4c239b7b552810087caf40ef8496b2?s=96&d=mm&r=g","caption":"sierramaestra"},"url":"https:\/\/pcbigouden.fr\/?author=6"}]}},"jetpack_featured_media_url":"https:\/\/pcbigouden.fr\/wp-content\/uploads\/2022\/04\/FabienRoussel.png","jetpack_sharing_enabled":true,"jetpack_likes_enabled":true,"_links":{"self":[{"href":"https:\/\/pcbigouden.fr\/index.php?rest_route=\/wp\/v2\/posts\/1166","targetHints":{"allow":["GET"]}}],"collection":[{"href":"https:\/\/pcbigouden.fr\/index.php?rest_route=\/wp\/v2\/posts"}],"about":[{"href":"https:\/\/pcbigouden.fr\/index.php?rest_route=\/wp\/v2\/types\/post"}],"author":[{"embeddable":true,"href":"https:\/\/pcbigouden.fr\/index.php?rest_route=\/wp\/v2\/users\/6"}],"replies":[{"embeddable":true,"href":"https:\/\/pcbigouden.fr\/index.php?rest_route=%2Fwp%2Fv2%2Fcomments&post=1166"}],"version-history":[{"count":0,"href":"https:\/\/pcbigouden.fr\/index.php?rest_route=\/wp\/v2\/posts\/1166\/revisions"}],"wp:featuredmedia":[{"embeddable":true,"href":"https:\/\/pcbigouden.fr\/index.php?rest_route=\/wp\/v2\/media\/1168"}],"wp:attachment":[{"href":"https:\/\/pcbigouden.fr\/index.php?rest_route=%2Fwp%2Fv2%2Fmedia&parent=1166"}],"wp:term":[{"taxonomy":"category","embeddable":true,"href":"https:\/\/pcbigouden.fr\/index.php?rest_route=%2Fwp%2Fv2%2Fcategories&post=1166"},{"taxonomy":"post_tag","embeddable":true,"href":"https:\/\/pcbigouden.fr\/index.php?rest_route=%2Fwp%2Fv2%2Ftags&post=1166"}],"curies":[{"name":"wp","href":"https:\/\/api.w.org\/{rel}","templated":true}]}}