{"id":1095,"date":"2022-03-23T09:01:31","date_gmt":"2022-03-23T08:01:31","guid":{"rendered":"https:\/\/pcbigouden.fr\/?p=1095"},"modified":"2022-03-29T11:49:22","modified_gmt":"2022-03-29T09:49:22","slug":"ccpbs-le-parti-communiste-du-pays-bigouden-soppose-a-une-nouvelle-taxe-fonciere","status":"publish","type":"post","link":"https:\/\/pcbigouden.fr\/?p=1095","title":{"rendered":"CCPBS\u00a0: le parti communiste du Pays bigouden s\u2019oppose \u00e0 une nouvelle taxe fonci\u00e8re"},"content":{"rendered":"<header class=\"article__header\">\n<h1 class=\"article__header__title\">CCPBS\u00a0: le parti communiste du Pays bigouden s\u2019oppose \u00e0 une nouvelle taxe fonci\u00e8re<\/h1>\n<p><span class=\"article__header__date\">dans Le T\u00e9l\u00e9gramme du 23 mars 2022<br \/>\n<\/span><\/p>\n<\/header>\n<p>&nbsp;<\/p>\n<figure class=\"article__main__figure\"><img decoding=\"async\" class=\"article__main__img\" title=\"\" src=\"https:\/\/www.letelegramme.fr\/images\/2022\/03\/22\/une-nouvelle-taxe-fonciere-devrait-etre-votee-jeudi-31-mars_6281933_676x339p.jpg?v=1\" alt=\"Une nouvelle taxe fonci\u00e8re devrait \u00eatre vot\u00e9e jeudi 31\u00a0mars lors du prochain conseil communautaire.\" \/><figcaption class=\"article__main__figcaption\">Une nouvelle taxe fonci\u00e8re devrait \u00eatre vot\u00e9e jeudi 31\u00a0mars lors du prochain conseil communautaire. (Atelier d\u2019Architecture FRANCES)<\/figcaption><\/figure>\n<h2 class=\"article__chapo\">Jeudi 31\u00a0mars, une nouvelle taxe sur le foncier devrait \u00eatre vot\u00e9e lors du conseil communautaire. Une taxe \u00e0 laquelle le PCF bigouden s\u2019oppose.<\/h2>\n<div class=\"article__content noscript \">\n<p>La section bigoud\u00e8ne du PCF a tenu \u00e0 s\u2019exprimer dans un communiqu\u00e9 au sujet du prochain conseil communautaire du Pays bigouden sud pr\u00e9vu jeudi 31\u00a0mars et au cours duquel sera vot\u00e9e l\u2019instauration d\u2019une nouvelle taxe sur le foncier b\u00e2ti\u00a0:\u00a0+\u00a01,5\u00a0% d\u2019augmentation d\u2019imp\u00f4t pour les habitants. \u00ab\u00a0Combin\u00e9e \u00e0 la hausse de 3,4\u00a0% des bases d\u2019imposition d\u00e9cid\u00e9e par l\u2019\u00c9tat c\u2019est, selon les \u00e9lus d\u2019opposition \u00ab\u00a0Gauche \u00e9cologie\u00a0\u00bb de Loctudy, environ 6\u00a0% d\u2019augmentation d\u2019imp\u00f4t que devra subir la population bigoud\u00e8ne. Pour la section locale du parti communiste, c\u2019est non\u00a0!\u00a0\u00bb, averti le PCF dans son communiqu\u00e9. \u00ab\u00a0Alors que le pouvoir d\u2019achat de tous, et particuli\u00e8rement celui des plus fragiles, ne cesse de se d\u00e9grader, le d\u00e9sengagement financier de l\u2019\u00c9tat pour raison de dette \u00e0 rembourser ne peut l\u00e9gitimer une telle proposition. D\u2019autres solutions peuvent \u00eatre trouv\u00e9es pour le financement des investissements\u00a0\u00bb, rajoute le PCF.<\/p>\n<\/div>\n<p>&nbsp;<\/p>\n","protected":false},"excerpt":{"rendered":"<p>CCPBS\u00a0: le parti communiste du Pays bigouden s\u2019oppose \u00e0 une nouvelle taxe fonci\u00e8re dans Le T\u00e9l\u00e9gramme du 23 mars 2022 &nbsp; Une nouvelle taxe fonci\u00e8re devrait \u00eatre vot\u00e9e jeudi 31\u00a0mars lors du prochain conseil communautaire. (Atelier d\u2019Architecture FRANCES) Jeudi 31\u00a0mars, une nouvelle taxe sur le foncier devrait \u00eatre vot\u00e9e lors du conseil communautaire. Une taxe &hellip; <a href=\"https:\/\/pcbigouden.fr\/?p=1095\" class=\"more-link\">Continue reading <span class=\"screen-reader-text\">CCPBS\u00a0: le parti communiste du Pays bigouden s\u2019oppose \u00e0 une nouvelle taxe fonci\u00e8re<\/span><\/a><\/p>\n","protected":false},"author":1,"featured_media":0,"comment_status":"closed","ping_status":"closed","sticky":false,"template":"","format":"standard","meta":{"_jetpack_memberships_contains_paid_content":false,"footnotes":""},"categories":[3,13,14],"tags":[139,140,126],"class_list":["post-1095","post","type-post","status-publish","format-standard","hentry","category-economie","category-social","category-vie-locale","tag-ccpbs","tag-impots","tag-pays-bigouden"],"yoast_head":"<!-- This site is optimized with the Yoast SEO plugin v27.5 - https:\/\/yoast.com\/product\/yoast-seo-wordpress\/ -->\n<title>CCPBS\u00a0: le parti communiste du Pays bigouden s\u2019oppose \u00e0 une nouvelle taxe fonci\u00e8re - PCF Pays Bigouden<\/title>\n<meta name=\"robots\" content=\"index, follow, max-snippet:-1, max-image-preview:large, max-video-preview:-1\" \/>\n<link rel=\"canonical\" href=\"https:\/\/pcbigouden.fr\/?p=1095\" \/>\n<meta property=\"og:locale\" content=\"fr_FR\" \/>\n<meta property=\"og:type\" content=\"article\" \/>\n<meta property=\"og:title\" content=\"CCPBS\u00a0: le parti communiste du Pays bigouden s\u2019oppose \u00e0 une nouvelle taxe fonci\u00e8re - PCF Pays Bigouden\" \/>\n<meta property=\"og:description\" content=\"CCPBS\u00a0: le parti communiste du Pays bigouden s\u2019oppose \u00e0 une nouvelle taxe fonci\u00e8re dans Le T\u00e9l\u00e9gramme du 23 mars 2022 &nbsp; Une nouvelle taxe fonci\u00e8re devrait \u00eatre vot\u00e9e jeudi 31\u00a0mars lors du prochain conseil communautaire. (Atelier d\u2019Architecture FRANCES) Jeudi 31\u00a0mars, une nouvelle taxe sur le foncier devrait \u00eatre vot\u00e9e lors du conseil communautaire. Une taxe &hellip; Continue reading CCPBS\u00a0: le parti communiste du Pays bigouden s\u2019oppose \u00e0 une nouvelle taxe fonci\u00e8re\" \/>\n<meta property=\"og:url\" content=\"https:\/\/pcbigouden.fr\/?p=1095\" \/>\n<meta property=\"og:site_name\" content=\"PCF Pays Bigouden\" \/>\n<meta property=\"article:published_time\" content=\"2022-03-23T08:01:31+00:00\" \/>\n<meta property=\"article:modified_time\" content=\"2022-03-29T09:49:22+00:00\" \/>\n<meta property=\"og:image\" content=\"https:\/\/www.letelegramme.fr\/images\/2022\/03\/22\/une-nouvelle-taxe-fonciere-devrait-etre-votee-jeudi-31-mars_6281933_676x339p.jpg?v=1\" \/>\n<meta name=\"author\" content=\"pcbigouden\" \/>\n<meta name=\"twitter:card\" content=\"summary_large_image\" \/>\n<meta name=\"twitter:label1\" content=\"\u00c9crit par\" \/>\n\t<meta name=\"twitter:data1\" content=\"pcbigouden\" \/>\n\t<meta name=\"twitter:label2\" content=\"Dur\u00e9e de lecture estim\u00e9e\" \/>\n\t<meta name=\"twitter:data2\" content=\"2 minutes\" \/>\n<script type=\"application\/ld+json\" class=\"yoast-schema-graph\">{\"@context\":\"https:\\\/\\\/schema.org\",\"@graph\":[{\"@type\":\"Article\",\"@id\":\"https:\\\/\\\/pcbigouden.fr\\\/?p=1095#article\",\"isPartOf\":{\"@id\":\"https:\\\/\\\/pcbigouden.fr\\\/?p=1095\"},\"author\":{\"name\":\"pcbigouden\",\"@id\":\"https:\\\/\\\/pcbigouden.fr\\\/#\\\/schema\\\/person\\\/275123d02cb86b428226e5f9ece1fb45\"},\"headline\":\"CCPBS\u00a0: le parti communiste du Pays bigouden s\u2019oppose \u00e0 une nouvelle taxe fonci\u00e8re\",\"datePublished\":\"2022-03-23T08:01:31+00:00\",\"dateModified\":\"2022-03-29T09:49:22+00:00\",\"mainEntityOfPage\":{\"@id\":\"https:\\\/\\\/pcbigouden.fr\\\/?p=1095\"},\"wordCount\":244,\"publisher\":{\"@id\":\"https:\\\/\\\/pcbigouden.fr\\\/#organization\"},\"image\":{\"@id\":\"https:\\\/\\\/pcbigouden.fr\\\/?p=1095#primaryimage\"},\"thumbnailUrl\":\"https:\\\/\\\/www.letelegramme.fr\\\/images\\\/2022\\\/03\\\/22\\\/une-nouvelle-taxe-fonciere-devrait-etre-votee-jeudi-31-mars_6281933_676x339p.jpg?v=1\",\"keywords\":[\"CCPBS\",\"imp\u00f4ts\",\"Pays Bigouden\"],\"articleSection\":[\"Economie\",\"Social\",\"Vie Locale\"],\"inLanguage\":\"fr-FR\"},{\"@type\":\"WebPage\",\"@id\":\"https:\\\/\\\/pcbigouden.fr\\\/?p=1095\",\"url\":\"https:\\\/\\\/pcbigouden.fr\\\/?p=1095\",\"name\":\"CCPBS\u00a0: le parti communiste du Pays bigouden s\u2019oppose \u00e0 une nouvelle taxe fonci\u00e8re - PCF Pays Bigouden\",\"isPartOf\":{\"@id\":\"https:\\\/\\\/pcbigouden.fr\\\/#website\"},\"primaryImageOfPage\":{\"@id\":\"https:\\\/\\\/pcbigouden.fr\\\/?p=1095#primaryimage\"},\"image\":{\"@id\":\"https:\\\/\\\/pcbigouden.fr\\\/?p=1095#primaryimage\"},\"thumbnailUrl\":\"https:\\\/\\\/www.letelegramme.fr\\\/images\\\/2022\\\/03\\\/22\\\/une-nouvelle-taxe-fonciere-devrait-etre-votee-jeudi-31-mars_6281933_676x339p.jpg?v=1\",\"datePublished\":\"2022-03-23T08:01:31+00:00\",\"dateModified\":\"2022-03-29T09:49:22+00:00\",\"breadcrumb\":{\"@id\":\"https:\\\/\\\/pcbigouden.fr\\\/?p=1095#breadcrumb\"},\"inLanguage\":\"fr-FR\",\"potentialAction\":[{\"@type\":\"ReadAction\",\"target\":[\"https:\\\/\\\/pcbigouden.fr\\\/?p=1095\"]}]},{\"@type\":\"ImageObject\",\"inLanguage\":\"fr-FR\",\"@id\":\"https:\\\/\\\/pcbigouden.fr\\\/?p=1095#primaryimage\",\"url\":\"https:\\\/\\\/www.letelegramme.fr\\\/images\\\/2022\\\/03\\\/22\\\/une-nouvelle-taxe-fonciere-devrait-etre-votee-jeudi-31-mars_6281933_676x339p.jpg?v=1\",\"contentUrl\":\"https:\\\/\\\/www.letelegramme.fr\\\/images\\\/2022\\\/03\\\/22\\\/une-nouvelle-taxe-fonciere-devrait-etre-votee-jeudi-31-mars_6281933_676x339p.jpg?v=1\"},{\"@type\":\"BreadcrumbList\",\"@id\":\"https:\\\/\\\/pcbigouden.fr\\\/?p=1095#breadcrumb\",\"itemListElement\":[{\"@type\":\"ListItem\",\"position\":1,\"name\":\"Accueil\",\"item\":\"https:\\\/\\\/pcbigouden.fr\\\/\"},{\"@type\":\"ListItem\",\"position\":2,\"name\":\"CCPBS\u00a0: le parti communiste du Pays bigouden s\u2019oppose \u00e0 une nouvelle taxe fonci\u00e8re\"}]},{\"@type\":\"WebSite\",\"@id\":\"https:\\\/\\\/pcbigouden.fr\\\/#website\",\"url\":\"https:\\\/\\\/pcbigouden.fr\\\/\",\"name\":\"PCF Pays Bigouden\",\"description\":\"Blog des communistes du Pays Bigouden\",\"publisher\":{\"@id\":\"https:\\\/\\\/pcbigouden.fr\\\/#organization\"},\"potentialAction\":[{\"@type\":\"SearchAction\",\"target\":{\"@type\":\"EntryPoint\",\"urlTemplate\":\"https:\\\/\\\/pcbigouden.fr\\\/?s={search_term_string}\"},\"query-input\":{\"@type\":\"PropertyValueSpecification\",\"valueRequired\":true,\"valueName\":\"search_term_string\"}}],\"inLanguage\":\"fr-FR\"},{\"@type\":\"Organization\",\"@id\":\"https:\\\/\\\/pcbigouden.fr\\\/#organization\",\"name\":\"Parti Communiste PCF Pays Bigouden\",\"url\":\"https:\\\/\\\/pcbigouden.fr\\\/\",\"logo\":{\"@type\":\"ImageObject\",\"inLanguage\":\"fr-FR\",\"@id\":\"https:\\\/\\\/pcbigouden.fr\\\/#\\\/schema\\\/logo\\\/image\\\/\",\"url\":\"https:\\\/\\\/pcbigouden.fr\\\/wp-content\\\/uploads\\\/2021\\\/10\\\/logoTB307x290.jpg\",\"contentUrl\":\"https:\\\/\\\/pcbigouden.fr\\\/wp-content\\\/uploads\\\/2021\\\/10\\\/logoTB307x290.jpg\",\"width\":307,\"height\":290,\"caption\":\"Parti Communiste PCF Pays Bigouden\"},\"image\":{\"@id\":\"https:\\\/\\\/pcbigouden.fr\\\/#\\\/schema\\\/logo\\\/image\\\/\"}},{\"@type\":\"Person\",\"@id\":\"https:\\\/\\\/pcbigouden.fr\\\/#\\\/schema\\\/person\\\/275123d02cb86b428226e5f9ece1fb45\",\"name\":\"pcbigouden\",\"image\":{\"@type\":\"ImageObject\",\"inLanguage\":\"fr-FR\",\"@id\":\"https:\\\/\\\/secure.gravatar.com\\\/avatar\\\/0b1629b930d618ad44494ab153a628070e41fe2a36494d685d6a33679cd35013?s=96&d=mm&r=g\",\"url\":\"https:\\\/\\\/secure.gravatar.com\\\/avatar\\\/0b1629b930d618ad44494ab153a628070e41fe2a36494d685d6a33679cd35013?s=96&d=mm&r=g\",\"contentUrl\":\"https:\\\/\\\/secure.gravatar.com\\\/avatar\\\/0b1629b930d618ad44494ab153a628070e41fe2a36494d685d6a33679cd35013?s=96&d=mm&r=g\",\"caption\":\"pcbigouden\"},\"sameAs\":[\"https:\\\/\\\/pcbigouden.fr\"],\"url\":\"https:\\\/\\\/pcbigouden.fr\\\/?author=1\"}]}<\/script>\n<!-- \/ Yoast SEO plugin. -->","yoast_head_json":{"title":"CCPBS\u00a0: le parti communiste du Pays bigouden s\u2019oppose \u00e0 une nouvelle taxe fonci\u00e8re - PCF Pays Bigouden","robots":{"index":"index","follow":"follow","max-snippet":"max-snippet:-1","max-image-preview":"max-image-preview:large","max-video-preview":"max-video-preview:-1"},"canonical":"https:\/\/pcbigouden.fr\/?p=1095","og_locale":"fr_FR","og_type":"article","og_title":"CCPBS\u00a0: le parti communiste du Pays bigouden s\u2019oppose \u00e0 une nouvelle taxe fonci\u00e8re - PCF Pays Bigouden","og_description":"CCPBS\u00a0: le parti communiste du Pays bigouden s\u2019oppose \u00e0 une nouvelle taxe fonci\u00e8re dans Le T\u00e9l\u00e9gramme du 23 mars 2022 &nbsp; Une nouvelle taxe fonci\u00e8re devrait \u00eatre vot\u00e9e jeudi 31\u00a0mars lors du prochain conseil communautaire. (Atelier d\u2019Architecture FRANCES) Jeudi 31\u00a0mars, une nouvelle taxe sur le foncier devrait \u00eatre vot\u00e9e lors du conseil communautaire. Une taxe &hellip; Continue reading CCPBS\u00a0: le parti communiste du Pays bigouden s\u2019oppose \u00e0 une nouvelle taxe fonci\u00e8re","og_url":"https:\/\/pcbigouden.fr\/?p=1095","og_site_name":"PCF Pays Bigouden","article_published_time":"2022-03-23T08:01:31+00:00","article_modified_time":"2022-03-29T09:49:22+00:00","og_image":[{"url":"https:\/\/www.letelegramme.fr\/images\/2022\/03\/22\/une-nouvelle-taxe-fonciere-devrait-etre-votee-jeudi-31-mars_6281933_676x339p.jpg?v=1","type":"","width":"","height":""}],"author":"pcbigouden","twitter_card":"summary_large_image","twitter_misc":{"\u00c9crit par":"pcbigouden","Dur\u00e9e de lecture estim\u00e9e":"2 minutes"},"schema":{"@context":"https:\/\/schema.org","@graph":[{"@type":"Article","@id":"https:\/\/pcbigouden.fr\/?p=1095#article","isPartOf":{"@id":"https:\/\/pcbigouden.fr\/?p=1095"},"author":{"name":"pcbigouden","@id":"https:\/\/pcbigouden.fr\/#\/schema\/person\/275123d02cb86b428226e5f9ece1fb45"},"headline":"CCPBS\u00a0: le parti communiste du Pays bigouden s\u2019oppose \u00e0 une nouvelle taxe fonci\u00e8re","datePublished":"2022-03-23T08:01:31+00:00","dateModified":"2022-03-29T09:49:22+00:00","mainEntityOfPage":{"@id":"https:\/\/pcbigouden.fr\/?p=1095"},"wordCount":244,"publisher":{"@id":"https:\/\/pcbigouden.fr\/#organization"},"image":{"@id":"https:\/\/pcbigouden.fr\/?p=1095#primaryimage"},"thumbnailUrl":"https:\/\/www.letelegramme.fr\/images\/2022\/03\/22\/une-nouvelle-taxe-fonciere-devrait-etre-votee-jeudi-31-mars_6281933_676x339p.jpg?v=1","keywords":["CCPBS","imp\u00f4ts","Pays Bigouden"],"articleSection":["Economie","Social","Vie Locale"],"inLanguage":"fr-FR"},{"@type":"WebPage","@id":"https:\/\/pcbigouden.fr\/?p=1095","url":"https:\/\/pcbigouden.fr\/?p=1095","name":"CCPBS\u00a0: le parti communiste du Pays bigouden s\u2019oppose \u00e0 une nouvelle taxe fonci\u00e8re - PCF Pays Bigouden","isPartOf":{"@id":"https:\/\/pcbigouden.fr\/#website"},"primaryImageOfPage":{"@id":"https:\/\/pcbigouden.fr\/?p=1095#primaryimage"},"image":{"@id":"https:\/\/pcbigouden.fr\/?p=1095#primaryimage"},"thumbnailUrl":"https:\/\/www.letelegramme.fr\/images\/2022\/03\/22\/une-nouvelle-taxe-fonciere-devrait-etre-votee-jeudi-31-mars_6281933_676x339p.jpg?v=1","datePublished":"2022-03-23T08:01:31+00:00","dateModified":"2022-03-29T09:49:22+00:00","breadcrumb":{"@id":"https:\/\/pcbigouden.fr\/?p=1095#breadcrumb"},"inLanguage":"fr-FR","potentialAction":[{"@type":"ReadAction","target":["https:\/\/pcbigouden.fr\/?p=1095"]}]},{"@type":"ImageObject","inLanguage":"fr-FR","@id":"https:\/\/pcbigouden.fr\/?p=1095#primaryimage","url":"https:\/\/www.letelegramme.fr\/images\/2022\/03\/22\/une-nouvelle-taxe-fonciere-devrait-etre-votee-jeudi-31-mars_6281933_676x339p.jpg?v=1","contentUrl":"https:\/\/www.letelegramme.fr\/images\/2022\/03\/22\/une-nouvelle-taxe-fonciere-devrait-etre-votee-jeudi-31-mars_6281933_676x339p.jpg?v=1"},{"@type":"BreadcrumbList","@id":"https:\/\/pcbigouden.fr\/?p=1095#breadcrumb","itemListElement":[{"@type":"ListItem","position":1,"name":"Accueil","item":"https:\/\/pcbigouden.fr\/"},{"@type":"ListItem","position":2,"name":"CCPBS\u00a0: le parti communiste du Pays bigouden s\u2019oppose \u00e0 une nouvelle taxe fonci\u00e8re"}]},{"@type":"WebSite","@id":"https:\/\/pcbigouden.fr\/#website","url":"https:\/\/pcbigouden.fr\/","name":"PCF Pays Bigouden","description":"Blog des communistes du Pays Bigouden","publisher":{"@id":"https:\/\/pcbigouden.fr\/#organization"},"potentialAction":[{"@type":"SearchAction","target":{"@type":"EntryPoint","urlTemplate":"https:\/\/pcbigouden.fr\/?s={search_term_string}"},"query-input":{"@type":"PropertyValueSpecification","valueRequired":true,"valueName":"search_term_string"}}],"inLanguage":"fr-FR"},{"@type":"Organization","@id":"https:\/\/pcbigouden.fr\/#organization","name":"Parti Communiste PCF Pays Bigouden","url":"https:\/\/pcbigouden.fr\/","logo":{"@type":"ImageObject","inLanguage":"fr-FR","@id":"https:\/\/pcbigouden.fr\/#\/schema\/logo\/image\/","url":"https:\/\/pcbigouden.fr\/wp-content\/uploads\/2021\/10\/logoTB307x290.jpg","contentUrl":"https:\/\/pcbigouden.fr\/wp-content\/uploads\/2021\/10\/logoTB307x290.jpg","width":307,"height":290,"caption":"Parti Communiste PCF Pays Bigouden"},"image":{"@id":"https:\/\/pcbigouden.fr\/#\/schema\/logo\/image\/"}},{"@type":"Person","@id":"https:\/\/pcbigouden.fr\/#\/schema\/person\/275123d02cb86b428226e5f9ece1fb45","name":"pcbigouden","image":{"@type":"ImageObject","inLanguage":"fr-FR","@id":"https:\/\/secure.gravatar.com\/avatar\/0b1629b930d618ad44494ab153a628070e41fe2a36494d685d6a33679cd35013?s=96&d=mm&r=g","url":"https:\/\/secure.gravatar.com\/avatar\/0b1629b930d618ad44494ab153a628070e41fe2a36494d685d6a33679cd35013?s=96&d=mm&r=g","contentUrl":"https:\/\/secure.gravatar.com\/avatar\/0b1629b930d618ad44494ab153a628070e41fe2a36494d685d6a33679cd35013?s=96&d=mm&r=g","caption":"pcbigouden"},"sameAs":["https:\/\/pcbigouden.fr"],"url":"https:\/\/pcbigouden.fr\/?author=1"}]}},"jetpack_featured_media_url":"","jetpack_sharing_enabled":true,"jetpack_likes_enabled":true,"_links":{"self":[{"href":"https:\/\/pcbigouden.fr\/index.php?rest_route=\/wp\/v2\/posts\/1095","targetHints":{"allow":["GET"]}}],"collection":[{"href":"https:\/\/pcbigouden.fr\/index.php?rest_route=\/wp\/v2\/posts"}],"about":[{"href":"https:\/\/pcbigouden.fr\/index.php?rest_route=\/wp\/v2\/types\/post"}],"author":[{"embeddable":true,"href":"https:\/\/pcbigouden.fr\/index.php?rest_route=\/wp\/v2\/users\/1"}],"replies":[{"embeddable":true,"href":"https:\/\/pcbigouden.fr\/index.php?rest_route=%2Fwp%2Fv2%2Fcomments&post=1095"}],"version-history":[{"count":0,"href":"https:\/\/pcbigouden.fr\/index.php?rest_route=\/wp\/v2\/posts\/1095\/revisions"}],"wp:attachment":[{"href":"https:\/\/pcbigouden.fr\/index.php?rest_route=%2Fwp%2Fv2%2Fmedia&parent=1095"}],"wp:term":[{"taxonomy":"category","embeddable":true,"href":"https:\/\/pcbigouden.fr\/index.php?rest_route=%2Fwp%2Fv2%2Fcategories&post=1095"},{"taxonomy":"post_tag","embeddable":true,"href":"https:\/\/pcbigouden.fr\/index.php?rest_route=%2Fwp%2Fv2%2Ftags&post=1095"}],"curies":[{"name":"wp","href":"https:\/\/api.w.org\/{rel}","templated":true}]}}