{"id":1042,"date":"2022-03-04T17:53:39","date_gmt":"2022-03-04T16:53:39","guid":{"rendered":"https:\/\/pcbigouden.fr\/?p=1042"},"modified":"2022-03-11T10:56:54","modified_gmt":"2022-03-11T09:56:54","slug":"ukraine-appel-au-rassemblement-a-pont-labbe","status":"publish","type":"post","link":"https:\/\/pcbigouden.fr\/?p=1042","title":{"rendered":"Ukraine : Rassemblement \u00e0 Pont L&rsquo;Abb\u00e9 le 5 mars"},"content":{"rendered":"<p><span style=\"color: #343a40;\">Les 17 organisations du Pays Bigouden qui ont choisi de se rassembler d\u00e9noncent l\u2019agression violente contre l\u2019Ukraine par la Russie.<\/span><\/p>\n<p><span style=\"color: #343a40;\">Il s\u2019agit d\u2019une guerre, en violation de la souverainet\u00e9 d\u2019un pays, en violation du droit international et des principes fondateurs de la Charte des Nations Unies.<\/span><!--more--><\/p>\n<p><span style=\"color: #343a40;\">Alors que plusieurs centaines de victimes civiles sont d\u2019ores et d\u00e9j\u00e0 \u00e0 d\u00e9plorer, nos organisations expriment leur total soutien aux populations civiles qui souffrent en Ukraine, aux r\u00e9fugi\u00e9s qui quittent l&rsquo;Ukraine en masse, aux partisans de la d\u00e9mocratie qui sont r\u00e9prim\u00e9s en Russie.<\/span><\/p>\n<p><span style=\"color: #343a40;\">Nous appelons \u00e0 l\u2019arr\u00eat imm\u00e9diat de cette agression et au retrait des troupes russes du territoire ukrainien.<br \/>\nLa n\u00e9gociation pour la paix sous l\u2019\u00e9gide de l\u2019ONU, la diplomatie plut\u00f4t que la guerre sont \u00e0 exiger sans d\u00e9lais.<\/span><\/p>\n<p><span style=\"color: #343a40;\">Nos organisations appellent \u00e0 la solidarit\u00e9 internationale \u00a0pour une paix imm\u00e9diate. Nous appelons \u00e0 l\u2019accueil sans distinction de tous les r\u00e9fugi\u00e9s qui fuient cette guerre.<\/span><\/p>\n<p><span style=\"color: #343a40;\">Elles r\u00e9affirment avec force qu\u2019une paix universelle et durable ne peut \u00eatre fond\u00e9e que sur la base de la justice sociale et du r\u00e8glement pacifique des diff\u00e9rents partout dans le monde sous l\u2019\u00e9gide de l\u2019ONU.<\/span><\/p>\n<p><span style=\"color: #343a40;\">Pont l&rsquo;Abb\u00e9 le 3 mars 2022\u00a0 <\/span><span style=\"color: #343a40;\">Signataires\u00a0 par ordre alphab\u00e9tique\u00a0:<br \/>\n<\/span><span style=\"color: #343a40;\">Amicale La\u00efque Pont L\u2019Abb\u00e9, Amicale La\u00efque Treffiagat-Lechiagat, Amicale La\u00efque Loctudy, AMPB-Accueil migrants pays bigouden, CFDT, UL CGT du pays bigouden , Citoyens \u00e0 Plon\u0117our, EELV, FSU, La FI du pays bigouden, G\u00e9n\u00e9ration.s, Mouvement de la Paix, PCF, PS, Snuipp, SUD, UDB.<\/span><\/p>\n<p><img loading=\"lazy\" decoding=\"async\" class=\"alignnone size-full wp-image-1046\" src=\"https:\/\/pcbigouden.fr\/wp-content\/uploads\/2022\/03\/5mars_of2.jpg\" alt=\"\" width=\"625\" height=\"459\" srcset=\"https:\/\/pcbigouden.fr\/wp-content\/uploads\/2022\/03\/5mars_of2.jpg 625w, https:\/\/pcbigouden.fr\/wp-content\/uploads\/2022\/03\/5mars_of2-300x220.jpg 300w, https:\/\/pcbigouden.fr\/wp-content\/uploads\/2022\/03\/5mars_of2-408x300.jpg 408w\" sizes=\"auto, (max-width: 625px) 100vw, 625px\" \/><\/p>\n<figure id=\"attachment_1047\" aria-describedby=\"caption-attachment-1047\" style=\"width: 676px\" class=\"wp-caption alignnone\"><img loading=\"lazy\" decoding=\"async\" class=\"size-full wp-image-1047\" src=\"https:\/\/pcbigouden.fr\/wp-content\/uploads\/2022\/03\/5mars_teleg1.jpg\" alt=\"\" width=\"676\" height=\"351\" srcset=\"https:\/\/pcbigouden.fr\/wp-content\/uploads\/2022\/03\/5mars_teleg1.jpg 676w, https:\/\/pcbigouden.fr\/wp-content\/uploads\/2022\/03\/5mars_teleg1-300x156.jpg 300w, https:\/\/pcbigouden.fr\/wp-content\/uploads\/2022\/03\/5mars_teleg1-500x260.jpg 500w\" sizes=\"auto, (max-width: 676px) 100vw, 676px\" \/><figcaption id=\"caption-attachment-1047\" class=\"wp-caption-text\">Le t\u00e9l\u00e9gramme<\/figcaption><\/figure>\n","protected":false},"excerpt":{"rendered":"<p>Les 17 organisations du Pays Bigouden qui ont choisi de se rassembler d\u00e9noncent l\u2019agression violente contre l\u2019Ukraine par la Russie. Il s\u2019agit d\u2019une guerre, en violation de la souverainet\u00e9 d\u2019un pays, en violation du droit international et des principes fondateurs de la Charte des Nations Unies.<\/p>\n","protected":false},"author":1,"featured_media":0,"comment_status":"closed","ping_status":"closed","sticky":false,"template":"","format":"standard","meta":{"_jetpack_memberships_contains_paid_content":false,"footnotes":""},"categories":[69,50],"tags":[],"class_list":["post-1042","post","type-post","status-publish","format-standard","hentry","category-international","category-paix"],"yoast_head":"<!-- This site is optimized with the Yoast SEO plugin v27.5 - https:\/\/yoast.com\/product\/yoast-seo-wordpress\/ -->\n<title>Ukraine : Rassemblement \u00e0 Pont L&#039;Abb\u00e9 le 5 mars - PCF Pays Bigouden<\/title>\n<meta name=\"robots\" content=\"index, follow, max-snippet:-1, max-image-preview:large, max-video-preview:-1\" \/>\n<link rel=\"canonical\" href=\"https:\/\/pcbigouden.fr\/?p=1042\" \/>\n<meta property=\"og:locale\" content=\"fr_FR\" \/>\n<meta property=\"og:type\" content=\"article\" \/>\n<meta property=\"og:title\" content=\"Ukraine : Rassemblement \u00e0 Pont L&#039;Abb\u00e9 le 5 mars - PCF Pays Bigouden\" \/>\n<meta property=\"og:description\" content=\"Les 17 organisations du Pays Bigouden qui ont choisi de se rassembler d\u00e9noncent l\u2019agression violente contre l\u2019Ukraine par la Russie. Il s\u2019agit d\u2019une guerre, en violation de la souverainet\u00e9 d\u2019un pays, en violation du droit international et des principes fondateurs de la Charte des Nations Unies.\" \/>\n<meta property=\"og:url\" content=\"https:\/\/pcbigouden.fr\/?p=1042\" \/>\n<meta property=\"og:site_name\" content=\"PCF Pays Bigouden\" \/>\n<meta property=\"article:published_time\" content=\"2022-03-04T16:53:39+00:00\" \/>\n<meta property=\"article:modified_time\" content=\"2022-03-11T09:56:54+00:00\" \/>\n<meta property=\"og:image\" content=\"https:\/\/pcbigouden.fr\/wp-content\/uploads\/2022\/03\/5mars_of2.jpg\" \/>\n<meta name=\"author\" content=\"pcbigouden\" \/>\n<meta name=\"twitter:card\" content=\"summary_large_image\" \/>\n<meta name=\"twitter:label1\" content=\"\u00c9crit par\" \/>\n\t<meta name=\"twitter:data1\" content=\"pcbigouden\" \/>\n\t<meta name=\"twitter:label2\" content=\"Dur\u00e9e de lecture estim\u00e9e\" \/>\n\t<meta name=\"twitter:data2\" content=\"2 minutes\" \/>\n<script type=\"application\/ld+json\" class=\"yoast-schema-graph\">{\"@context\":\"https:\\\/\\\/schema.org\",\"@graph\":[{\"@type\":\"Article\",\"@id\":\"https:\\\/\\\/pcbigouden.fr\\\/?p=1042#article\",\"isPartOf\":{\"@id\":\"https:\\\/\\\/pcbigouden.fr\\\/?p=1042\"},\"author\":{\"name\":\"pcbigouden\",\"@id\":\"https:\\\/\\\/pcbigouden.fr\\\/#\\\/schema\\\/person\\\/275123d02cb86b428226e5f9ece1fb45\"},\"headline\":\"Ukraine : Rassemblement \u00e0 Pont L&rsquo;Abb\u00e9 le 5 mars\",\"datePublished\":\"2022-03-04T16:53:39+00:00\",\"dateModified\":\"2022-03-11T09:56:54+00:00\",\"mainEntityOfPage\":{\"@id\":\"https:\\\/\\\/pcbigouden.fr\\\/?p=1042\"},\"wordCount\":289,\"publisher\":{\"@id\":\"https:\\\/\\\/pcbigouden.fr\\\/#organization\"},\"image\":{\"@id\":\"https:\\\/\\\/pcbigouden.fr\\\/?p=1042#primaryimage\"},\"thumbnailUrl\":\"https:\\\/\\\/pcbigouden.fr\\\/wp-content\\\/uploads\\\/2022\\\/03\\\/5mars_of2.jpg\",\"articleSection\":[\"International\",\"Paix\"],\"inLanguage\":\"fr-FR\"},{\"@type\":\"WebPage\",\"@id\":\"https:\\\/\\\/pcbigouden.fr\\\/?p=1042\",\"url\":\"https:\\\/\\\/pcbigouden.fr\\\/?p=1042\",\"name\":\"Ukraine : Rassemblement \u00e0 Pont L'Abb\u00e9 le 5 mars - PCF Pays Bigouden\",\"isPartOf\":{\"@id\":\"https:\\\/\\\/pcbigouden.fr\\\/#website\"},\"primaryImageOfPage\":{\"@id\":\"https:\\\/\\\/pcbigouden.fr\\\/?p=1042#primaryimage\"},\"image\":{\"@id\":\"https:\\\/\\\/pcbigouden.fr\\\/?p=1042#primaryimage\"},\"thumbnailUrl\":\"https:\\\/\\\/pcbigouden.fr\\\/wp-content\\\/uploads\\\/2022\\\/03\\\/5mars_of2.jpg\",\"datePublished\":\"2022-03-04T16:53:39+00:00\",\"dateModified\":\"2022-03-11T09:56:54+00:00\",\"breadcrumb\":{\"@id\":\"https:\\\/\\\/pcbigouden.fr\\\/?p=1042#breadcrumb\"},\"inLanguage\":\"fr-FR\",\"potentialAction\":[{\"@type\":\"ReadAction\",\"target\":[\"https:\\\/\\\/pcbigouden.fr\\\/?p=1042\"]}]},{\"@type\":\"ImageObject\",\"inLanguage\":\"fr-FR\",\"@id\":\"https:\\\/\\\/pcbigouden.fr\\\/?p=1042#primaryimage\",\"url\":\"https:\\\/\\\/pcbigouden.fr\\\/wp-content\\\/uploads\\\/2022\\\/03\\\/5mars_of2.jpg\",\"contentUrl\":\"https:\\\/\\\/pcbigouden.fr\\\/wp-content\\\/uploads\\\/2022\\\/03\\\/5mars_of2.jpg\",\"width\":625,\"height\":459},{\"@type\":\"BreadcrumbList\",\"@id\":\"https:\\\/\\\/pcbigouden.fr\\\/?p=1042#breadcrumb\",\"itemListElement\":[{\"@type\":\"ListItem\",\"position\":1,\"name\":\"Accueil\",\"item\":\"https:\\\/\\\/pcbigouden.fr\\\/\"},{\"@type\":\"ListItem\",\"position\":2,\"name\":\"Ukraine : Rassemblement \u00e0 Pont L&rsquo;Abb\u00e9 le 5 mars\"}]},{\"@type\":\"WebSite\",\"@id\":\"https:\\\/\\\/pcbigouden.fr\\\/#website\",\"url\":\"https:\\\/\\\/pcbigouden.fr\\\/\",\"name\":\"PCF Pays Bigouden\",\"description\":\"Blog des communistes du Pays Bigouden\",\"publisher\":{\"@id\":\"https:\\\/\\\/pcbigouden.fr\\\/#organization\"},\"potentialAction\":[{\"@type\":\"SearchAction\",\"target\":{\"@type\":\"EntryPoint\",\"urlTemplate\":\"https:\\\/\\\/pcbigouden.fr\\\/?s={search_term_string}\"},\"query-input\":{\"@type\":\"PropertyValueSpecification\",\"valueRequired\":true,\"valueName\":\"search_term_string\"}}],\"inLanguage\":\"fr-FR\"},{\"@type\":\"Organization\",\"@id\":\"https:\\\/\\\/pcbigouden.fr\\\/#organization\",\"name\":\"Parti Communiste PCF Pays Bigouden\",\"url\":\"https:\\\/\\\/pcbigouden.fr\\\/\",\"logo\":{\"@type\":\"ImageObject\",\"inLanguage\":\"fr-FR\",\"@id\":\"https:\\\/\\\/pcbigouden.fr\\\/#\\\/schema\\\/logo\\\/image\\\/\",\"url\":\"https:\\\/\\\/pcbigouden.fr\\\/wp-content\\\/uploads\\\/2021\\\/10\\\/logoTB307x290.jpg\",\"contentUrl\":\"https:\\\/\\\/pcbigouden.fr\\\/wp-content\\\/uploads\\\/2021\\\/10\\\/logoTB307x290.jpg\",\"width\":307,\"height\":290,\"caption\":\"Parti Communiste PCF Pays Bigouden\"},\"image\":{\"@id\":\"https:\\\/\\\/pcbigouden.fr\\\/#\\\/schema\\\/logo\\\/image\\\/\"}},{\"@type\":\"Person\",\"@id\":\"https:\\\/\\\/pcbigouden.fr\\\/#\\\/schema\\\/person\\\/275123d02cb86b428226e5f9ece1fb45\",\"name\":\"pcbigouden\",\"image\":{\"@type\":\"ImageObject\",\"inLanguage\":\"fr-FR\",\"@id\":\"https:\\\/\\\/secure.gravatar.com\\\/avatar\\\/0b1629b930d618ad44494ab153a628070e41fe2a36494d685d6a33679cd35013?s=96&d=mm&r=g\",\"url\":\"https:\\\/\\\/secure.gravatar.com\\\/avatar\\\/0b1629b930d618ad44494ab153a628070e41fe2a36494d685d6a33679cd35013?s=96&d=mm&r=g\",\"contentUrl\":\"https:\\\/\\\/secure.gravatar.com\\\/avatar\\\/0b1629b930d618ad44494ab153a628070e41fe2a36494d685d6a33679cd35013?s=96&d=mm&r=g\",\"caption\":\"pcbigouden\"},\"sameAs\":[\"https:\\\/\\\/pcbigouden.fr\"],\"url\":\"https:\\\/\\\/pcbigouden.fr\\\/?author=1\"}]}<\/script>\n<!-- \/ Yoast SEO plugin. -->","yoast_head_json":{"title":"Ukraine : Rassemblement \u00e0 Pont L'Abb\u00e9 le 5 mars - PCF Pays Bigouden","robots":{"index":"index","follow":"follow","max-snippet":"max-snippet:-1","max-image-preview":"max-image-preview:large","max-video-preview":"max-video-preview:-1"},"canonical":"https:\/\/pcbigouden.fr\/?p=1042","og_locale":"fr_FR","og_type":"article","og_title":"Ukraine : Rassemblement \u00e0 Pont L'Abb\u00e9 le 5 mars - PCF Pays Bigouden","og_description":"Les 17 organisations du Pays Bigouden qui ont choisi de se rassembler d\u00e9noncent l\u2019agression violente contre l\u2019Ukraine par la Russie. Il s\u2019agit d\u2019une guerre, en violation de la souverainet\u00e9 d\u2019un pays, en violation du droit international et des principes fondateurs de la Charte des Nations Unies.","og_url":"https:\/\/pcbigouden.fr\/?p=1042","og_site_name":"PCF Pays Bigouden","article_published_time":"2022-03-04T16:53:39+00:00","article_modified_time":"2022-03-11T09:56:54+00:00","og_image":[{"url":"https:\/\/pcbigouden.fr\/wp-content\/uploads\/2022\/03\/5mars_of2.jpg","type":"","width":"","height":""}],"author":"pcbigouden","twitter_card":"summary_large_image","twitter_misc":{"\u00c9crit par":"pcbigouden","Dur\u00e9e de lecture estim\u00e9e":"2 minutes"},"schema":{"@context":"https:\/\/schema.org","@graph":[{"@type":"Article","@id":"https:\/\/pcbigouden.fr\/?p=1042#article","isPartOf":{"@id":"https:\/\/pcbigouden.fr\/?p=1042"},"author":{"name":"pcbigouden","@id":"https:\/\/pcbigouden.fr\/#\/schema\/person\/275123d02cb86b428226e5f9ece1fb45"},"headline":"Ukraine : Rassemblement \u00e0 Pont L&rsquo;Abb\u00e9 le 5 mars","datePublished":"2022-03-04T16:53:39+00:00","dateModified":"2022-03-11T09:56:54+00:00","mainEntityOfPage":{"@id":"https:\/\/pcbigouden.fr\/?p=1042"},"wordCount":289,"publisher":{"@id":"https:\/\/pcbigouden.fr\/#organization"},"image":{"@id":"https:\/\/pcbigouden.fr\/?p=1042#primaryimage"},"thumbnailUrl":"https:\/\/pcbigouden.fr\/wp-content\/uploads\/2022\/03\/5mars_of2.jpg","articleSection":["International","Paix"],"inLanguage":"fr-FR"},{"@type":"WebPage","@id":"https:\/\/pcbigouden.fr\/?p=1042","url":"https:\/\/pcbigouden.fr\/?p=1042","name":"Ukraine : Rassemblement \u00e0 Pont L'Abb\u00e9 le 5 mars - PCF Pays Bigouden","isPartOf":{"@id":"https:\/\/pcbigouden.fr\/#website"},"primaryImageOfPage":{"@id":"https:\/\/pcbigouden.fr\/?p=1042#primaryimage"},"image":{"@id":"https:\/\/pcbigouden.fr\/?p=1042#primaryimage"},"thumbnailUrl":"https:\/\/pcbigouden.fr\/wp-content\/uploads\/2022\/03\/5mars_of2.jpg","datePublished":"2022-03-04T16:53:39+00:00","dateModified":"2022-03-11T09:56:54+00:00","breadcrumb":{"@id":"https:\/\/pcbigouden.fr\/?p=1042#breadcrumb"},"inLanguage":"fr-FR","potentialAction":[{"@type":"ReadAction","target":["https:\/\/pcbigouden.fr\/?p=1042"]}]},{"@type":"ImageObject","inLanguage":"fr-FR","@id":"https:\/\/pcbigouden.fr\/?p=1042#primaryimage","url":"https:\/\/pcbigouden.fr\/wp-content\/uploads\/2022\/03\/5mars_of2.jpg","contentUrl":"https:\/\/pcbigouden.fr\/wp-content\/uploads\/2022\/03\/5mars_of2.jpg","width":625,"height":459},{"@type":"BreadcrumbList","@id":"https:\/\/pcbigouden.fr\/?p=1042#breadcrumb","itemListElement":[{"@type":"ListItem","position":1,"name":"Accueil","item":"https:\/\/pcbigouden.fr\/"},{"@type":"ListItem","position":2,"name":"Ukraine : Rassemblement \u00e0 Pont L&rsquo;Abb\u00e9 le 5 mars"}]},{"@type":"WebSite","@id":"https:\/\/pcbigouden.fr\/#website","url":"https:\/\/pcbigouden.fr\/","name":"PCF Pays Bigouden","description":"Blog des communistes du Pays Bigouden","publisher":{"@id":"https:\/\/pcbigouden.fr\/#organization"},"potentialAction":[{"@type":"SearchAction","target":{"@type":"EntryPoint","urlTemplate":"https:\/\/pcbigouden.fr\/?s={search_term_string}"},"query-input":{"@type":"PropertyValueSpecification","valueRequired":true,"valueName":"search_term_string"}}],"inLanguage":"fr-FR"},{"@type":"Organization","@id":"https:\/\/pcbigouden.fr\/#organization","name":"Parti Communiste PCF Pays Bigouden","url":"https:\/\/pcbigouden.fr\/","logo":{"@type":"ImageObject","inLanguage":"fr-FR","@id":"https:\/\/pcbigouden.fr\/#\/schema\/logo\/image\/","url":"https:\/\/pcbigouden.fr\/wp-content\/uploads\/2021\/10\/logoTB307x290.jpg","contentUrl":"https:\/\/pcbigouden.fr\/wp-content\/uploads\/2021\/10\/logoTB307x290.jpg","width":307,"height":290,"caption":"Parti Communiste PCF Pays Bigouden"},"image":{"@id":"https:\/\/pcbigouden.fr\/#\/schema\/logo\/image\/"}},{"@type":"Person","@id":"https:\/\/pcbigouden.fr\/#\/schema\/person\/275123d02cb86b428226e5f9ece1fb45","name":"pcbigouden","image":{"@type":"ImageObject","inLanguage":"fr-FR","@id":"https:\/\/secure.gravatar.com\/avatar\/0b1629b930d618ad44494ab153a628070e41fe2a36494d685d6a33679cd35013?s=96&d=mm&r=g","url":"https:\/\/secure.gravatar.com\/avatar\/0b1629b930d618ad44494ab153a628070e41fe2a36494d685d6a33679cd35013?s=96&d=mm&r=g","contentUrl":"https:\/\/secure.gravatar.com\/avatar\/0b1629b930d618ad44494ab153a628070e41fe2a36494d685d6a33679cd35013?s=96&d=mm&r=g","caption":"pcbigouden"},"sameAs":["https:\/\/pcbigouden.fr"],"url":"https:\/\/pcbigouden.fr\/?author=1"}]}},"jetpack_featured_media_url":"","jetpack_sharing_enabled":true,"jetpack_likes_enabled":true,"_links":{"self":[{"href":"https:\/\/pcbigouden.fr\/index.php?rest_route=\/wp\/v2\/posts\/1042","targetHints":{"allow":["GET"]}}],"collection":[{"href":"https:\/\/pcbigouden.fr\/index.php?rest_route=\/wp\/v2\/posts"}],"about":[{"href":"https:\/\/pcbigouden.fr\/index.php?rest_route=\/wp\/v2\/types\/post"}],"author":[{"embeddable":true,"href":"https:\/\/pcbigouden.fr\/index.php?rest_route=\/wp\/v2\/users\/1"}],"replies":[{"embeddable":true,"href":"https:\/\/pcbigouden.fr\/index.php?rest_route=%2Fwp%2Fv2%2Fcomments&post=1042"}],"version-history":[{"count":0,"href":"https:\/\/pcbigouden.fr\/index.php?rest_route=\/wp\/v2\/posts\/1042\/revisions"}],"wp:attachment":[{"href":"https:\/\/pcbigouden.fr\/index.php?rest_route=%2Fwp%2Fv2%2Fmedia&parent=1042"}],"wp:term":[{"taxonomy":"category","embeddable":true,"href":"https:\/\/pcbigouden.fr\/index.php?rest_route=%2Fwp%2Fv2%2Fcategories&post=1042"},{"taxonomy":"post_tag","embeddable":true,"href":"https:\/\/pcbigouden.fr\/index.php?rest_route=%2Fwp%2Fv2%2Ftags&post=1042"}],"curies":[{"name":"wp","href":"https:\/\/api.w.org\/{rel}","templated":true}]}}