{"id":1032,"date":"2022-02-27T09:25:53","date_gmt":"2022-02-27T08:25:53","guid":{"rendered":"https:\/\/pcbigouden.fr\/?p=1032"},"modified":"2022-02-27T09:35:09","modified_gmt":"2022-02-27T08:35:09","slug":"treguennec-non-a-une-exploitation-miniere-dans-une-zone-majeure-de-protection-de-la-biodiversite","status":"publish","type":"post","link":"https:\/\/pcbigouden.fr\/?p=1032","title":{"rendered":"Treguennec : Non \u00e0 une exploitation mini\u00e8re dans une zone majeure de protection de la biodiversit\u00e9"},"content":{"rendered":"<p>La pr\u00e9sence de roches contenant du lithium dans le sous-sol \u00e0 Tr\u00e9guennec soul\u00e8ve des inqui\u00e9tudes quant \u00e0 son \u00e9ventuelle exploitation. Le lithium est en effet un minerai utilis\u00e9 dans l\u2019industrie automobile et des t\u00e9l\u00e9communications pour produire des batteries pour nos voitures \u00e9lectriques et nos portables. Notre \u00e9conomie et mode de vie actuels utilisent de plus en plus ce m\u00e9tal rare entra\u00eenant une course \u00e0 une exploitation \u00e0 grande rentabilit\u00e9 pour le syst\u00e8me capitaliste.<!--more--><\/p>\n<p>Si l\u2019enjeu majeur de lutter contre le d\u00e9r\u00e8glement climatique peut \u00eatre invoqu\u00e9 pour cette exploitation afin de viser la d\u00e9carbonation de nos moyens de transports et toutes activit\u00e9s utilisant du carbone fossile, il n\u2019en demeure pas moins que cet enjeu ne doit pas occulter d\u2019autres tout aussi importants.<\/p>\n<p>C\u2019est le cas de l\u2019enjeu du progr\u00e8s et de l\u2019\u00e9panouissement humain qui doit \u00eatre \u00e9gal pour toutes et tous sur la plan\u00e8te.<\/p>\n<p>Nous ne pouvons pas refuser pour notre propre confort personnel, selon une politique NIMBY (\u00ab\u00a0Not in my backyard\u00a0\u00bb = \u00ab\u00a0Pas pr\u00e8s de chez moi\u00a0\u00bb) une exploitation mini\u00e8re renvoy\u00e9e \u00e0 d\u2019autres et tout particuli\u00e8rement \u00e0 des territoires et des pays moins soucieux de protection sociale.<\/p>\n<p>Nous ne pouvons pas non plus refuser ce progr\u00e8s technique, ne serait-ce que temporairement, dans l\u2019attente d\u2019autres ressources moins destructrices de la plan\u00e8te ou dans le cadre d\u2019une politique de d\u00e9croissance aveugle que nous, communistes, rejetons, tant les besoins des plus pauvres sont aujourd\u2019hui criants.<\/p>\n<p>Toutefois, cet enjeu de progr\u00e8s humain est conditionn\u00e9 \u00e0 un autre enjeu environnemental tout aussi majeur et essentiel que celui du d\u00e9r\u00e8glement climatique\u00a0: celui de la disparition de la biodiversit\u00e9. Nous vivons actuellement la 6\u00e8me crise biologique\u00a0: une crise non pas d\u2019origine g\u00e9ologique comme la derni\u00e8re ayant vu la disparition des dinosaures il y a 65 millions d\u2019ann\u00e9es mais, d\u2019origine humaine aggrav\u00e9e par le capitalisme responsable d\u2019une exploitation effr\u00e9n\u00e9e des ressources naturelles.<\/p>\n<p>La pr\u00e9servation de la biodiversit\u00e9 passe par la sanctuarisation d\u2019espaces naturels d\u2019int\u00e9r\u00eat majeur. C\u2019est le cas du site de la baie d\u2019Audierne, o\u00f9 se trouve Tr\u00e9guennec, b\u00e9n\u00e9ficiant d\u2019une protection au titre de Natura 2000 attribu\u00e9e par l\u2019\u00c9tat et de la reconnaissance internationale de ses milieux humides par le prix Ramsar obtenu en septembre 2021.<\/p>\n<p>Pour nous, communistes du Pays Bigouden, c\u2019est bien cet enjeu de sauvegarde de la biodiversit\u00e9, vital pour l\u2019humanit\u00e9, dont la Baie d\u2019Audierne est \u00e0 la fois une r\u00e9alit\u00e9 et un symbole qui fonde notre opposition radicale \u00e0 tout projet d\u2019exploitation mini\u00e8re de lithium \u00e0 Tr\u00e9guennec, aujourd\u2019hui comme demain.<\/p>\n","protected":false},"excerpt":{"rendered":"<p>La pr\u00e9sence de roches contenant du lithium dans le sous-sol \u00e0 Tr\u00e9guennec soul\u00e8ve des inqui\u00e9tudes quant \u00e0 son \u00e9ventuelle exploitation. Le lithium est en effet un minerai utilis\u00e9 dans l\u2019industrie automobile et des t\u00e9l\u00e9communications pour produire des batteries pour nos voitures \u00e9lectriques et nos portables. Notre \u00e9conomie et mode de vie actuels utilisent de plus &hellip; <a href=\"https:\/\/pcbigouden.fr\/?p=1032\" class=\"more-link\">Continue reading <span class=\"screen-reader-text\">Treguennec : Non \u00e0 une exploitation mini\u00e8re dans une zone majeure de protection de la biodiversit\u00e9<\/span><\/a><\/p>\n","protected":false},"author":1,"featured_media":0,"comment_status":"closed","ping_status":"closed","sticky":false,"template":"","format":"standard","meta":{"_jetpack_memberships_contains_paid_content":false,"footnotes":""},"categories":[90,14],"tags":[137,136,135,44],"class_list":["post-1032","post","type-post","status-publish","format-standard","hentry","category-environnement","category-vie-locale","tag-baie-daudierne","tag-environnement","tag-lithium","tag-treguennec"],"yoast_head":"<!-- This site is optimized with the Yoast SEO plugin v27.5 - https:\/\/yoast.com\/product\/yoast-seo-wordpress\/ -->\n<title>Treguennec : Non \u00e0 une exploitation mini\u00e8re dans une zone majeure de protection de la biodiversit\u00e9 - PCF Pays Bigouden<\/title>\n<meta name=\"robots\" content=\"index, follow, max-snippet:-1, max-image-preview:large, max-video-preview:-1\" \/>\n<link rel=\"canonical\" href=\"https:\/\/pcbigouden.fr\/?p=1032\" \/>\n<meta property=\"og:locale\" content=\"fr_FR\" \/>\n<meta property=\"og:type\" content=\"article\" \/>\n<meta property=\"og:title\" content=\"Treguennec : Non \u00e0 une exploitation mini\u00e8re dans une zone majeure de protection de la biodiversit\u00e9 - PCF Pays Bigouden\" \/>\n<meta property=\"og:description\" content=\"La pr\u00e9sence de roches contenant du lithium dans le sous-sol \u00e0 Tr\u00e9guennec soul\u00e8ve des inqui\u00e9tudes quant \u00e0 son \u00e9ventuelle exploitation. Le lithium est en effet un minerai utilis\u00e9 dans l\u2019industrie automobile et des t\u00e9l\u00e9communications pour produire des batteries pour nos voitures \u00e9lectriques et nos portables. Notre \u00e9conomie et mode de vie actuels utilisent de plus &hellip; Continue reading Treguennec : Non \u00e0 une exploitation mini\u00e8re dans une zone majeure de protection de la biodiversit\u00e9\" \/>\n<meta property=\"og:url\" content=\"https:\/\/pcbigouden.fr\/?p=1032\" \/>\n<meta property=\"og:site_name\" content=\"PCF Pays Bigouden\" \/>\n<meta property=\"article:published_time\" content=\"2022-02-27T08:25:53+00:00\" \/>\n<meta property=\"article:modified_time\" content=\"2022-02-27T08:35:09+00:00\" \/>\n<meta name=\"author\" content=\"pcbigouden\" \/>\n<meta name=\"twitter:card\" content=\"summary_large_image\" \/>\n<meta name=\"twitter:label1\" content=\"\u00c9crit par\" \/>\n\t<meta name=\"twitter:data1\" content=\"pcbigouden\" \/>\n\t<meta name=\"twitter:label2\" content=\"Dur\u00e9e de lecture estim\u00e9e\" \/>\n\t<meta name=\"twitter:data2\" content=\"3 minutes\" \/>\n<script type=\"application\/ld+json\" class=\"yoast-schema-graph\">{\"@context\":\"https:\\\/\\\/schema.org\",\"@graph\":[{\"@type\":\"Article\",\"@id\":\"https:\\\/\\\/pcbigouden.fr\\\/?p=1032#article\",\"isPartOf\":{\"@id\":\"https:\\\/\\\/pcbigouden.fr\\\/?p=1032\"},\"author\":{\"name\":\"pcbigouden\",\"@id\":\"https:\\\/\\\/pcbigouden.fr\\\/#\\\/schema\\\/person\\\/275123d02cb86b428226e5f9ece1fb45\"},\"headline\":\"Treguennec : Non \u00e0 une exploitation mini\u00e8re dans une zone majeure de protection de la biodiversit\u00e9\",\"datePublished\":\"2022-02-27T08:25:53+00:00\",\"dateModified\":\"2022-02-27T08:35:09+00:00\",\"mainEntityOfPage\":{\"@id\":\"https:\\\/\\\/pcbigouden.fr\\\/?p=1032\"},\"wordCount\":475,\"publisher\":{\"@id\":\"https:\\\/\\\/pcbigouden.fr\\\/#organization\"},\"keywords\":[\"baie d'Audierne\",\"environnement\",\"lithium\",\"Treguennec\"],\"articleSection\":[\"Environnement\",\"Vie Locale\"],\"inLanguage\":\"fr-FR\"},{\"@type\":\"WebPage\",\"@id\":\"https:\\\/\\\/pcbigouden.fr\\\/?p=1032\",\"url\":\"https:\\\/\\\/pcbigouden.fr\\\/?p=1032\",\"name\":\"Treguennec : Non \u00e0 une exploitation mini\u00e8re dans une zone majeure de protection de la biodiversit\u00e9 - PCF Pays Bigouden\",\"isPartOf\":{\"@id\":\"https:\\\/\\\/pcbigouden.fr\\\/#website\"},\"datePublished\":\"2022-02-27T08:25:53+00:00\",\"dateModified\":\"2022-02-27T08:35:09+00:00\",\"breadcrumb\":{\"@id\":\"https:\\\/\\\/pcbigouden.fr\\\/?p=1032#breadcrumb\"},\"inLanguage\":\"fr-FR\",\"potentialAction\":[{\"@type\":\"ReadAction\",\"target\":[\"https:\\\/\\\/pcbigouden.fr\\\/?p=1032\"]}]},{\"@type\":\"BreadcrumbList\",\"@id\":\"https:\\\/\\\/pcbigouden.fr\\\/?p=1032#breadcrumb\",\"itemListElement\":[{\"@type\":\"ListItem\",\"position\":1,\"name\":\"Accueil\",\"item\":\"https:\\\/\\\/pcbigouden.fr\\\/\"},{\"@type\":\"ListItem\",\"position\":2,\"name\":\"Treguennec : Non \u00e0 une exploitation mini\u00e8re dans une zone majeure de protection de la biodiversit\u00e9\"}]},{\"@type\":\"WebSite\",\"@id\":\"https:\\\/\\\/pcbigouden.fr\\\/#website\",\"url\":\"https:\\\/\\\/pcbigouden.fr\\\/\",\"name\":\"PCF Pays Bigouden\",\"description\":\"Blog des communistes du Pays Bigouden\",\"publisher\":{\"@id\":\"https:\\\/\\\/pcbigouden.fr\\\/#organization\"},\"potentialAction\":[{\"@type\":\"SearchAction\",\"target\":{\"@type\":\"EntryPoint\",\"urlTemplate\":\"https:\\\/\\\/pcbigouden.fr\\\/?s={search_term_string}\"},\"query-input\":{\"@type\":\"PropertyValueSpecification\",\"valueRequired\":true,\"valueName\":\"search_term_string\"}}],\"inLanguage\":\"fr-FR\"},{\"@type\":\"Organization\",\"@id\":\"https:\\\/\\\/pcbigouden.fr\\\/#organization\",\"name\":\"Parti Communiste PCF Pays Bigouden\",\"url\":\"https:\\\/\\\/pcbigouden.fr\\\/\",\"logo\":{\"@type\":\"ImageObject\",\"inLanguage\":\"fr-FR\",\"@id\":\"https:\\\/\\\/pcbigouden.fr\\\/#\\\/schema\\\/logo\\\/image\\\/\",\"url\":\"https:\\\/\\\/pcbigouden.fr\\\/wp-content\\\/uploads\\\/2021\\\/10\\\/logoTB307x290.jpg\",\"contentUrl\":\"https:\\\/\\\/pcbigouden.fr\\\/wp-content\\\/uploads\\\/2021\\\/10\\\/logoTB307x290.jpg\",\"width\":307,\"height\":290,\"caption\":\"Parti Communiste PCF Pays Bigouden\"},\"image\":{\"@id\":\"https:\\\/\\\/pcbigouden.fr\\\/#\\\/schema\\\/logo\\\/image\\\/\"}},{\"@type\":\"Person\",\"@id\":\"https:\\\/\\\/pcbigouden.fr\\\/#\\\/schema\\\/person\\\/275123d02cb86b428226e5f9ece1fb45\",\"name\":\"pcbigouden\",\"image\":{\"@type\":\"ImageObject\",\"inLanguage\":\"fr-FR\",\"@id\":\"https:\\\/\\\/secure.gravatar.com\\\/avatar\\\/0b1629b930d618ad44494ab153a628070e41fe2a36494d685d6a33679cd35013?s=96&d=mm&r=g\",\"url\":\"https:\\\/\\\/secure.gravatar.com\\\/avatar\\\/0b1629b930d618ad44494ab153a628070e41fe2a36494d685d6a33679cd35013?s=96&d=mm&r=g\",\"contentUrl\":\"https:\\\/\\\/secure.gravatar.com\\\/avatar\\\/0b1629b930d618ad44494ab153a628070e41fe2a36494d685d6a33679cd35013?s=96&d=mm&r=g\",\"caption\":\"pcbigouden\"},\"sameAs\":[\"https:\\\/\\\/pcbigouden.fr\"],\"url\":\"https:\\\/\\\/pcbigouden.fr\\\/?author=1\"}]}<\/script>\n<!-- \/ Yoast SEO plugin. -->","yoast_head_json":{"title":"Treguennec : Non \u00e0 une exploitation mini\u00e8re dans une zone majeure de protection de la biodiversit\u00e9 - PCF Pays Bigouden","robots":{"index":"index","follow":"follow","max-snippet":"max-snippet:-1","max-image-preview":"max-image-preview:large","max-video-preview":"max-video-preview:-1"},"canonical":"https:\/\/pcbigouden.fr\/?p=1032","og_locale":"fr_FR","og_type":"article","og_title":"Treguennec : Non \u00e0 une exploitation mini\u00e8re dans une zone majeure de protection de la biodiversit\u00e9 - PCF Pays Bigouden","og_description":"La pr\u00e9sence de roches contenant du lithium dans le sous-sol \u00e0 Tr\u00e9guennec soul\u00e8ve des inqui\u00e9tudes quant \u00e0 son \u00e9ventuelle exploitation. Le lithium est en effet un minerai utilis\u00e9 dans l\u2019industrie automobile et des t\u00e9l\u00e9communications pour produire des batteries pour nos voitures \u00e9lectriques et nos portables. Notre \u00e9conomie et mode de vie actuels utilisent de plus &hellip; Continue reading Treguennec : Non \u00e0 une exploitation mini\u00e8re dans une zone majeure de protection de la biodiversit\u00e9","og_url":"https:\/\/pcbigouden.fr\/?p=1032","og_site_name":"PCF Pays Bigouden","article_published_time":"2022-02-27T08:25:53+00:00","article_modified_time":"2022-02-27T08:35:09+00:00","author":"pcbigouden","twitter_card":"summary_large_image","twitter_misc":{"\u00c9crit par":"pcbigouden","Dur\u00e9e de lecture estim\u00e9e":"3 minutes"},"schema":{"@context":"https:\/\/schema.org","@graph":[{"@type":"Article","@id":"https:\/\/pcbigouden.fr\/?p=1032#article","isPartOf":{"@id":"https:\/\/pcbigouden.fr\/?p=1032"},"author":{"name":"pcbigouden","@id":"https:\/\/pcbigouden.fr\/#\/schema\/person\/275123d02cb86b428226e5f9ece1fb45"},"headline":"Treguennec : Non \u00e0 une exploitation mini\u00e8re dans une zone majeure de protection de la biodiversit\u00e9","datePublished":"2022-02-27T08:25:53+00:00","dateModified":"2022-02-27T08:35:09+00:00","mainEntityOfPage":{"@id":"https:\/\/pcbigouden.fr\/?p=1032"},"wordCount":475,"publisher":{"@id":"https:\/\/pcbigouden.fr\/#organization"},"keywords":["baie d'Audierne","environnement","lithium","Treguennec"],"articleSection":["Environnement","Vie Locale"],"inLanguage":"fr-FR"},{"@type":"WebPage","@id":"https:\/\/pcbigouden.fr\/?p=1032","url":"https:\/\/pcbigouden.fr\/?p=1032","name":"Treguennec : Non \u00e0 une exploitation mini\u00e8re dans une zone majeure de protection de la biodiversit\u00e9 - PCF Pays Bigouden","isPartOf":{"@id":"https:\/\/pcbigouden.fr\/#website"},"datePublished":"2022-02-27T08:25:53+00:00","dateModified":"2022-02-27T08:35:09+00:00","breadcrumb":{"@id":"https:\/\/pcbigouden.fr\/?p=1032#breadcrumb"},"inLanguage":"fr-FR","potentialAction":[{"@type":"ReadAction","target":["https:\/\/pcbigouden.fr\/?p=1032"]}]},{"@type":"BreadcrumbList","@id":"https:\/\/pcbigouden.fr\/?p=1032#breadcrumb","itemListElement":[{"@type":"ListItem","position":1,"name":"Accueil","item":"https:\/\/pcbigouden.fr\/"},{"@type":"ListItem","position":2,"name":"Treguennec : Non \u00e0 une exploitation mini\u00e8re dans une zone majeure de protection de la biodiversit\u00e9"}]},{"@type":"WebSite","@id":"https:\/\/pcbigouden.fr\/#website","url":"https:\/\/pcbigouden.fr\/","name":"PCF Pays Bigouden","description":"Blog des communistes du Pays Bigouden","publisher":{"@id":"https:\/\/pcbigouden.fr\/#organization"},"potentialAction":[{"@type":"SearchAction","target":{"@type":"EntryPoint","urlTemplate":"https:\/\/pcbigouden.fr\/?s={search_term_string}"},"query-input":{"@type":"PropertyValueSpecification","valueRequired":true,"valueName":"search_term_string"}}],"inLanguage":"fr-FR"},{"@type":"Organization","@id":"https:\/\/pcbigouden.fr\/#organization","name":"Parti Communiste PCF Pays Bigouden","url":"https:\/\/pcbigouden.fr\/","logo":{"@type":"ImageObject","inLanguage":"fr-FR","@id":"https:\/\/pcbigouden.fr\/#\/schema\/logo\/image\/","url":"https:\/\/pcbigouden.fr\/wp-content\/uploads\/2021\/10\/logoTB307x290.jpg","contentUrl":"https:\/\/pcbigouden.fr\/wp-content\/uploads\/2021\/10\/logoTB307x290.jpg","width":307,"height":290,"caption":"Parti Communiste PCF Pays Bigouden"},"image":{"@id":"https:\/\/pcbigouden.fr\/#\/schema\/logo\/image\/"}},{"@type":"Person","@id":"https:\/\/pcbigouden.fr\/#\/schema\/person\/275123d02cb86b428226e5f9ece1fb45","name":"pcbigouden","image":{"@type":"ImageObject","inLanguage":"fr-FR","@id":"https:\/\/secure.gravatar.com\/avatar\/0b1629b930d618ad44494ab153a628070e41fe2a36494d685d6a33679cd35013?s=96&d=mm&r=g","url":"https:\/\/secure.gravatar.com\/avatar\/0b1629b930d618ad44494ab153a628070e41fe2a36494d685d6a33679cd35013?s=96&d=mm&r=g","contentUrl":"https:\/\/secure.gravatar.com\/avatar\/0b1629b930d618ad44494ab153a628070e41fe2a36494d685d6a33679cd35013?s=96&d=mm&r=g","caption":"pcbigouden"},"sameAs":["https:\/\/pcbigouden.fr"],"url":"https:\/\/pcbigouden.fr\/?author=1"}]}},"jetpack_featured_media_url":"","jetpack_sharing_enabled":true,"jetpack_likes_enabled":true,"_links":{"self":[{"href":"https:\/\/pcbigouden.fr\/index.php?rest_route=\/wp\/v2\/posts\/1032","targetHints":{"allow":["GET"]}}],"collection":[{"href":"https:\/\/pcbigouden.fr\/index.php?rest_route=\/wp\/v2\/posts"}],"about":[{"href":"https:\/\/pcbigouden.fr\/index.php?rest_route=\/wp\/v2\/types\/post"}],"author":[{"embeddable":true,"href":"https:\/\/pcbigouden.fr\/index.php?rest_route=\/wp\/v2\/users\/1"}],"replies":[{"embeddable":true,"href":"https:\/\/pcbigouden.fr\/index.php?rest_route=%2Fwp%2Fv2%2Fcomments&post=1032"}],"version-history":[{"count":0,"href":"https:\/\/pcbigouden.fr\/index.php?rest_route=\/wp\/v2\/posts\/1032\/revisions"}],"wp:attachment":[{"href":"https:\/\/pcbigouden.fr\/index.php?rest_route=%2Fwp%2Fv2%2Fmedia&parent=1032"}],"wp:term":[{"taxonomy":"category","embeddable":true,"href":"https:\/\/pcbigouden.fr\/index.php?rest_route=%2Fwp%2Fv2%2Fcategories&post=1032"},{"taxonomy":"post_tag","embeddable":true,"href":"https:\/\/pcbigouden.fr\/index.php?rest_route=%2Fwp%2Fv2%2Ftags&post=1032"}],"curies":[{"name":"wp","href":"https:\/\/api.w.org\/{rel}","templated":true}]}}