{"id":1027,"date":"2022-02-24T17:32:57","date_gmt":"2022-02-24T16:32:57","guid":{"rendered":"https:\/\/pcbigouden.fr\/?p=1027"},"modified":"2022-02-24T17:48:57","modified_gmt":"2022-02-24T16:48:57","slug":"ukraine-non-a-la-guerre","status":"publish","type":"post","link":"https:\/\/pcbigouden.fr\/?p=1027","title":{"rendered":"Ukraine : Non \u00e0 la guerre !"},"content":{"rendered":"<p>Le pr\u00e9sident russe Vladimir Poutine a annonc\u00e9 dans la nuit le d\u00e9but d&rsquo;une \u00ab\u00a0op\u00e9ration militaire\u00a0\u00bb russe en Ukraine. Nous condamnons cette grave d\u00e9cision dont les cons\u00e9quences peuvent \u00eatre incontr\u00f4lables.<!--more--><\/p>\n<p>Poutine prend ainsi la responsabilit\u00e9 du d\u00e9clenchement de la guerre et de l&#8217;embrasement de l\u2019ensemble de la r\u00e9gion. L&rsquo;Ukraine vient de d\u00e9cr\u00e9ter la loi martiale.<\/p>\n<p>C&rsquo;est un \u00e9chec pour tous car la s\u00e9curit\u00e9 de l\u2019Europe, de l\u2019Ukraine et de la Russie sont indissociables.<\/p>\n<p>Le pr\u00e9sident russe s&rsquo;enfonce dans l&rsquo;ultranationalisme et avec son gouvernement et ses soutiens, il porte la responsabilit\u00e9 militaire &#8212; au m\u00e9pris absolu des instances multilat\u00e9rales et du droit international &#8212; de cette guerre.<\/p>\n<p>La responsabilit\u00e9 collective revient aussi \u00e0 tous ceux qui ont nourri le feu de la confrontation aux portes de la Russie en laissant entendre que l\u2019Ukraine pouvait int\u00e9grer l\u2019OTAN.<\/p>\n<p>Ce d\u00e9sastre pouvait \u00eatre \u00e9vit\u00e9. L&rsquo;histoire jugera ; dans l&rsquo;imm\u00e9diat, il est indispensable de prot\u00e9ger les populations civiles des deux c\u00f4t\u00e9s de la ligne de front.<\/p>\n<p>Le terreau que cette guerre offre aux nationalistes, aux extr\u00e9mistes de tous bords, en Russie, en Ukraine, en Europe, qui poussent \u00e0 la guerre, \u00e0 la haine, \u00e0 la soif de vengeance est inqui\u00e9tant.<\/p>\n<p>La France ne peut pas prendre part \u00e0 ce conflit, ni directement, ni indirectement par l&rsquo;interm\u00e9diaire de livraisons d&rsquo;armes.<\/p>\n<p>La France trouvera des appuis en Europe et dans le monde pour engager sans d\u00e9lai, sous \u00e9gide de l&rsquo;ONU, une initiative paneurop\u00e9enne extraordinaire, en toute ind\u00e9pendance de l\u2019OTAN et des \u00c9tats-Unis, pour remettre toutes les parties autour de la table de n\u00e9gociations.<\/p>\n<p>Il est n\u00e9cessaire de porter fermement l\u2019offre d\u2019une conf\u00e9rence europ\u00e9enne de coop\u00e9ration et de s\u00e9curit\u00e9 collective incluant la Russie, pour parvenir \u00e0 un r\u00e8glement politique du conflit sur la base du contenu des Accords de Minsk et des principes de s\u00e9curit\u00e9 collective.<\/p>\n<p>Le PCF est solidaire de toutes les forces de paix, en Ukraine, en Russie et en Europe qui se l\u00e8vent contre la guerre. Nous prendrons toute notre place dans les initiatives pour la paix qui pourront \u00eatre prises dans les prochains jours.<\/p>\n<p>Fabien Roussel, candidat \u00e0 l&rsquo;\u00e9lection pr\u00e9sidentielle,<br \/>\nLe 24 f\u00e9vrier 2022.<\/p>\n","protected":false},"excerpt":{"rendered":"<p>Le pr\u00e9sident russe Vladimir Poutine a annonc\u00e9 dans la nuit le d\u00e9but d&rsquo;une \u00ab\u00a0op\u00e9ration militaire\u00a0\u00bb russe en Ukraine. Nous condamnons cette grave d\u00e9cision dont les cons\u00e9quences peuvent \u00eatre incontr\u00f4lables.<\/p>\n","protected":false},"author":1,"featured_media":1029,"comment_status":"closed","ping_status":"closed","sticky":false,"template":"","format":"standard","meta":{"_jetpack_memberships_contains_paid_content":false,"footnotes":""},"categories":[49,69,50],"tags":[63,134,133,132,131],"class_list":["post-1027","post","type-post","status-publish","format-standard","has-post-thumbnail","hentry","category-europe","category-international","category-paix","tag-europe","tag-onu","tag-otan","tag-paix","tag-ukraine"],"yoast_head":"<!-- This site is optimized with the Yoast SEO plugin v27.5 - https:\/\/yoast.com\/product\/yoast-seo-wordpress\/ -->\n<title>Ukraine : Non \u00e0 la guerre ! - PCF Pays Bigouden<\/title>\n<meta name=\"robots\" content=\"index, follow, max-snippet:-1, max-image-preview:large, max-video-preview:-1\" \/>\n<link rel=\"canonical\" href=\"https:\/\/pcbigouden.fr\/?p=1027\" \/>\n<meta property=\"og:locale\" content=\"fr_FR\" \/>\n<meta property=\"og:type\" content=\"article\" \/>\n<meta property=\"og:title\" content=\"Ukraine : Non \u00e0 la guerre ! - PCF Pays Bigouden\" \/>\n<meta property=\"og:description\" content=\"Le pr\u00e9sident russe Vladimir Poutine a annonc\u00e9 dans la nuit le d\u00e9but d&rsquo;une \u00ab\u00a0op\u00e9ration militaire\u00a0\u00bb russe en Ukraine. Nous condamnons cette grave d\u00e9cision dont les cons\u00e9quences peuvent \u00eatre incontr\u00f4lables.\" \/>\n<meta property=\"og:url\" content=\"https:\/\/pcbigouden.fr\/?p=1027\" \/>\n<meta property=\"og:site_name\" content=\"PCF Pays Bigouden\" \/>\n<meta property=\"article:published_time\" content=\"2022-02-24T16:32:57+00:00\" \/>\n<meta property=\"article:modified_time\" content=\"2022-02-24T16:48:57+00:00\" \/>\n<meta property=\"og:image\" content=\"https:\/\/pcbigouden.fr\/wp-content\/uploads\/2022\/02\/ColombePaix.jpg\" \/>\n\t<meta property=\"og:image:width\" content=\"396\" \/>\n\t<meta property=\"og:image:height\" content=\"432\" \/>\n\t<meta property=\"og:image:type\" content=\"image\/jpeg\" \/>\n<meta name=\"author\" content=\"pcbigouden\" \/>\n<meta name=\"twitter:card\" content=\"summary_large_image\" \/>\n<meta name=\"twitter:label1\" content=\"\u00c9crit par\" \/>\n\t<meta name=\"twitter:data1\" content=\"pcbigouden\" \/>\n\t<meta name=\"twitter:label2\" content=\"Dur\u00e9e de lecture estim\u00e9e\" \/>\n\t<meta name=\"twitter:data2\" content=\"2 minutes\" \/>\n<script type=\"application\/ld+json\" class=\"yoast-schema-graph\">{\"@context\":\"https:\\\/\\\/schema.org\",\"@graph\":[{\"@type\":\"Article\",\"@id\":\"https:\\\/\\\/pcbigouden.fr\\\/?p=1027#article\",\"isPartOf\":{\"@id\":\"https:\\\/\\\/pcbigouden.fr\\\/?p=1027\"},\"author\":{\"name\":\"pcbigouden\",\"@id\":\"https:\\\/\\\/pcbigouden.fr\\\/#\\\/schema\\\/person\\\/275123d02cb86b428226e5f9ece1fb45\"},\"headline\":\"Ukraine : Non \u00e0 la guerre !\",\"datePublished\":\"2022-02-24T16:32:57+00:00\",\"dateModified\":\"2022-02-24T16:48:57+00:00\",\"mainEntityOfPage\":{\"@id\":\"https:\\\/\\\/pcbigouden.fr\\\/?p=1027\"},\"wordCount\":400,\"publisher\":{\"@id\":\"https:\\\/\\\/pcbigouden.fr\\\/#organization\"},\"image\":{\"@id\":\"https:\\\/\\\/pcbigouden.fr\\\/?p=1027#primaryimage\"},\"thumbnailUrl\":\"https:\\\/\\\/pcbigouden.fr\\\/wp-content\\\/uploads\\\/2022\\\/02\\\/ColombePaix.jpg\",\"keywords\":[\"Europe\",\"ONU\",\"OTAN\",\"paix\",\"Ukraine\"],\"articleSection\":[\"Europe\",\"International\",\"Paix\"],\"inLanguage\":\"fr-FR\"},{\"@type\":\"WebPage\",\"@id\":\"https:\\\/\\\/pcbigouden.fr\\\/?p=1027\",\"url\":\"https:\\\/\\\/pcbigouden.fr\\\/?p=1027\",\"name\":\"Ukraine : Non \u00e0 la guerre ! - PCF Pays Bigouden\",\"isPartOf\":{\"@id\":\"https:\\\/\\\/pcbigouden.fr\\\/#website\"},\"primaryImageOfPage\":{\"@id\":\"https:\\\/\\\/pcbigouden.fr\\\/?p=1027#primaryimage\"},\"image\":{\"@id\":\"https:\\\/\\\/pcbigouden.fr\\\/?p=1027#primaryimage\"},\"thumbnailUrl\":\"https:\\\/\\\/pcbigouden.fr\\\/wp-content\\\/uploads\\\/2022\\\/02\\\/ColombePaix.jpg\",\"datePublished\":\"2022-02-24T16:32:57+00:00\",\"dateModified\":\"2022-02-24T16:48:57+00:00\",\"breadcrumb\":{\"@id\":\"https:\\\/\\\/pcbigouden.fr\\\/?p=1027#breadcrumb\"},\"inLanguage\":\"fr-FR\",\"potentialAction\":[{\"@type\":\"ReadAction\",\"target\":[\"https:\\\/\\\/pcbigouden.fr\\\/?p=1027\"]}]},{\"@type\":\"ImageObject\",\"inLanguage\":\"fr-FR\",\"@id\":\"https:\\\/\\\/pcbigouden.fr\\\/?p=1027#primaryimage\",\"url\":\"https:\\\/\\\/pcbigouden.fr\\\/wp-content\\\/uploads\\\/2022\\\/02\\\/ColombePaix.jpg\",\"contentUrl\":\"https:\\\/\\\/pcbigouden.fr\\\/wp-content\\\/uploads\\\/2022\\\/02\\\/ColombePaix.jpg\",\"width\":396,\"height\":432},{\"@type\":\"BreadcrumbList\",\"@id\":\"https:\\\/\\\/pcbigouden.fr\\\/?p=1027#breadcrumb\",\"itemListElement\":[{\"@type\":\"ListItem\",\"position\":1,\"name\":\"Accueil\",\"item\":\"https:\\\/\\\/pcbigouden.fr\\\/\"},{\"@type\":\"ListItem\",\"position\":2,\"name\":\"Ukraine : Non \u00e0 la guerre !\"}]},{\"@type\":\"WebSite\",\"@id\":\"https:\\\/\\\/pcbigouden.fr\\\/#website\",\"url\":\"https:\\\/\\\/pcbigouden.fr\\\/\",\"name\":\"PCF Pays Bigouden\",\"description\":\"Blog des communistes du Pays Bigouden\",\"publisher\":{\"@id\":\"https:\\\/\\\/pcbigouden.fr\\\/#organization\"},\"potentialAction\":[{\"@type\":\"SearchAction\",\"target\":{\"@type\":\"EntryPoint\",\"urlTemplate\":\"https:\\\/\\\/pcbigouden.fr\\\/?s={search_term_string}\"},\"query-input\":{\"@type\":\"PropertyValueSpecification\",\"valueRequired\":true,\"valueName\":\"search_term_string\"}}],\"inLanguage\":\"fr-FR\"},{\"@type\":\"Organization\",\"@id\":\"https:\\\/\\\/pcbigouden.fr\\\/#organization\",\"name\":\"Parti Communiste PCF Pays Bigouden\",\"url\":\"https:\\\/\\\/pcbigouden.fr\\\/\",\"logo\":{\"@type\":\"ImageObject\",\"inLanguage\":\"fr-FR\",\"@id\":\"https:\\\/\\\/pcbigouden.fr\\\/#\\\/schema\\\/logo\\\/image\\\/\",\"url\":\"https:\\\/\\\/pcbigouden.fr\\\/wp-content\\\/uploads\\\/2021\\\/10\\\/logoTB307x290.jpg\",\"contentUrl\":\"https:\\\/\\\/pcbigouden.fr\\\/wp-content\\\/uploads\\\/2021\\\/10\\\/logoTB307x290.jpg\",\"width\":307,\"height\":290,\"caption\":\"Parti Communiste PCF Pays Bigouden\"},\"image\":{\"@id\":\"https:\\\/\\\/pcbigouden.fr\\\/#\\\/schema\\\/logo\\\/image\\\/\"}},{\"@type\":\"Person\",\"@id\":\"https:\\\/\\\/pcbigouden.fr\\\/#\\\/schema\\\/person\\\/275123d02cb86b428226e5f9ece1fb45\",\"name\":\"pcbigouden\",\"image\":{\"@type\":\"ImageObject\",\"inLanguage\":\"fr-FR\",\"@id\":\"https:\\\/\\\/secure.gravatar.com\\\/avatar\\\/0b1629b930d618ad44494ab153a628070e41fe2a36494d685d6a33679cd35013?s=96&d=mm&r=g\",\"url\":\"https:\\\/\\\/secure.gravatar.com\\\/avatar\\\/0b1629b930d618ad44494ab153a628070e41fe2a36494d685d6a33679cd35013?s=96&d=mm&r=g\",\"contentUrl\":\"https:\\\/\\\/secure.gravatar.com\\\/avatar\\\/0b1629b930d618ad44494ab153a628070e41fe2a36494d685d6a33679cd35013?s=96&d=mm&r=g\",\"caption\":\"pcbigouden\"},\"sameAs\":[\"https:\\\/\\\/pcbigouden.fr\"],\"url\":\"https:\\\/\\\/pcbigouden.fr\\\/?author=1\"}]}<\/script>\n<!-- \/ Yoast SEO plugin. -->","yoast_head_json":{"title":"Ukraine : Non \u00e0 la guerre ! - PCF Pays Bigouden","robots":{"index":"index","follow":"follow","max-snippet":"max-snippet:-1","max-image-preview":"max-image-preview:large","max-video-preview":"max-video-preview:-1"},"canonical":"https:\/\/pcbigouden.fr\/?p=1027","og_locale":"fr_FR","og_type":"article","og_title":"Ukraine : Non \u00e0 la guerre ! - PCF Pays Bigouden","og_description":"Le pr\u00e9sident russe Vladimir Poutine a annonc\u00e9 dans la nuit le d\u00e9but d&rsquo;une \u00ab\u00a0op\u00e9ration militaire\u00a0\u00bb russe en Ukraine. Nous condamnons cette grave d\u00e9cision dont les cons\u00e9quences peuvent \u00eatre incontr\u00f4lables.","og_url":"https:\/\/pcbigouden.fr\/?p=1027","og_site_name":"PCF Pays Bigouden","article_published_time":"2022-02-24T16:32:57+00:00","article_modified_time":"2022-02-24T16:48:57+00:00","og_image":[{"width":396,"height":432,"url":"https:\/\/pcbigouden.fr\/wp-content\/uploads\/2022\/02\/ColombePaix.jpg","type":"image\/jpeg"}],"author":"pcbigouden","twitter_card":"summary_large_image","twitter_misc":{"\u00c9crit par":"pcbigouden","Dur\u00e9e de lecture estim\u00e9e":"2 minutes"},"schema":{"@context":"https:\/\/schema.org","@graph":[{"@type":"Article","@id":"https:\/\/pcbigouden.fr\/?p=1027#article","isPartOf":{"@id":"https:\/\/pcbigouden.fr\/?p=1027"},"author":{"name":"pcbigouden","@id":"https:\/\/pcbigouden.fr\/#\/schema\/person\/275123d02cb86b428226e5f9ece1fb45"},"headline":"Ukraine : Non \u00e0 la guerre !","datePublished":"2022-02-24T16:32:57+00:00","dateModified":"2022-02-24T16:48:57+00:00","mainEntityOfPage":{"@id":"https:\/\/pcbigouden.fr\/?p=1027"},"wordCount":400,"publisher":{"@id":"https:\/\/pcbigouden.fr\/#organization"},"image":{"@id":"https:\/\/pcbigouden.fr\/?p=1027#primaryimage"},"thumbnailUrl":"https:\/\/pcbigouden.fr\/wp-content\/uploads\/2022\/02\/ColombePaix.jpg","keywords":["Europe","ONU","OTAN","paix","Ukraine"],"articleSection":["Europe","International","Paix"],"inLanguage":"fr-FR"},{"@type":"WebPage","@id":"https:\/\/pcbigouden.fr\/?p=1027","url":"https:\/\/pcbigouden.fr\/?p=1027","name":"Ukraine : Non \u00e0 la guerre ! - PCF Pays Bigouden","isPartOf":{"@id":"https:\/\/pcbigouden.fr\/#website"},"primaryImageOfPage":{"@id":"https:\/\/pcbigouden.fr\/?p=1027#primaryimage"},"image":{"@id":"https:\/\/pcbigouden.fr\/?p=1027#primaryimage"},"thumbnailUrl":"https:\/\/pcbigouden.fr\/wp-content\/uploads\/2022\/02\/ColombePaix.jpg","datePublished":"2022-02-24T16:32:57+00:00","dateModified":"2022-02-24T16:48:57+00:00","breadcrumb":{"@id":"https:\/\/pcbigouden.fr\/?p=1027#breadcrumb"},"inLanguage":"fr-FR","potentialAction":[{"@type":"ReadAction","target":["https:\/\/pcbigouden.fr\/?p=1027"]}]},{"@type":"ImageObject","inLanguage":"fr-FR","@id":"https:\/\/pcbigouden.fr\/?p=1027#primaryimage","url":"https:\/\/pcbigouden.fr\/wp-content\/uploads\/2022\/02\/ColombePaix.jpg","contentUrl":"https:\/\/pcbigouden.fr\/wp-content\/uploads\/2022\/02\/ColombePaix.jpg","width":396,"height":432},{"@type":"BreadcrumbList","@id":"https:\/\/pcbigouden.fr\/?p=1027#breadcrumb","itemListElement":[{"@type":"ListItem","position":1,"name":"Accueil","item":"https:\/\/pcbigouden.fr\/"},{"@type":"ListItem","position":2,"name":"Ukraine : Non \u00e0 la guerre !"}]},{"@type":"WebSite","@id":"https:\/\/pcbigouden.fr\/#website","url":"https:\/\/pcbigouden.fr\/","name":"PCF Pays Bigouden","description":"Blog des communistes du Pays Bigouden","publisher":{"@id":"https:\/\/pcbigouden.fr\/#organization"},"potentialAction":[{"@type":"SearchAction","target":{"@type":"EntryPoint","urlTemplate":"https:\/\/pcbigouden.fr\/?s={search_term_string}"},"query-input":{"@type":"PropertyValueSpecification","valueRequired":true,"valueName":"search_term_string"}}],"inLanguage":"fr-FR"},{"@type":"Organization","@id":"https:\/\/pcbigouden.fr\/#organization","name":"Parti Communiste PCF Pays Bigouden","url":"https:\/\/pcbigouden.fr\/","logo":{"@type":"ImageObject","inLanguage":"fr-FR","@id":"https:\/\/pcbigouden.fr\/#\/schema\/logo\/image\/","url":"https:\/\/pcbigouden.fr\/wp-content\/uploads\/2021\/10\/logoTB307x290.jpg","contentUrl":"https:\/\/pcbigouden.fr\/wp-content\/uploads\/2021\/10\/logoTB307x290.jpg","width":307,"height":290,"caption":"Parti Communiste PCF Pays Bigouden"},"image":{"@id":"https:\/\/pcbigouden.fr\/#\/schema\/logo\/image\/"}},{"@type":"Person","@id":"https:\/\/pcbigouden.fr\/#\/schema\/person\/275123d02cb86b428226e5f9ece1fb45","name":"pcbigouden","image":{"@type":"ImageObject","inLanguage":"fr-FR","@id":"https:\/\/secure.gravatar.com\/avatar\/0b1629b930d618ad44494ab153a628070e41fe2a36494d685d6a33679cd35013?s=96&d=mm&r=g","url":"https:\/\/secure.gravatar.com\/avatar\/0b1629b930d618ad44494ab153a628070e41fe2a36494d685d6a33679cd35013?s=96&d=mm&r=g","contentUrl":"https:\/\/secure.gravatar.com\/avatar\/0b1629b930d618ad44494ab153a628070e41fe2a36494d685d6a33679cd35013?s=96&d=mm&r=g","caption":"pcbigouden"},"sameAs":["https:\/\/pcbigouden.fr"],"url":"https:\/\/pcbigouden.fr\/?author=1"}]}},"jetpack_featured_media_url":"https:\/\/pcbigouden.fr\/wp-content\/uploads\/2022\/02\/ColombePaix.jpg","jetpack_sharing_enabled":true,"jetpack_likes_enabled":true,"_links":{"self":[{"href":"https:\/\/pcbigouden.fr\/index.php?rest_route=\/wp\/v2\/posts\/1027","targetHints":{"allow":["GET"]}}],"collection":[{"href":"https:\/\/pcbigouden.fr\/index.php?rest_route=\/wp\/v2\/posts"}],"about":[{"href":"https:\/\/pcbigouden.fr\/index.php?rest_route=\/wp\/v2\/types\/post"}],"author":[{"embeddable":true,"href":"https:\/\/pcbigouden.fr\/index.php?rest_route=\/wp\/v2\/users\/1"}],"replies":[{"embeddable":true,"href":"https:\/\/pcbigouden.fr\/index.php?rest_route=%2Fwp%2Fv2%2Fcomments&post=1027"}],"version-history":[{"count":0,"href":"https:\/\/pcbigouden.fr\/index.php?rest_route=\/wp\/v2\/posts\/1027\/revisions"}],"wp:featuredmedia":[{"embeddable":true,"href":"https:\/\/pcbigouden.fr\/index.php?rest_route=\/wp\/v2\/media\/1029"}],"wp:attachment":[{"href":"https:\/\/pcbigouden.fr\/index.php?rest_route=%2Fwp%2Fv2%2Fmedia&parent=1027"}],"wp:term":[{"taxonomy":"category","embeddable":true,"href":"https:\/\/pcbigouden.fr\/index.php?rest_route=%2Fwp%2Fv2%2Fcategories&post=1027"},{"taxonomy":"post_tag","embeddable":true,"href":"https:\/\/pcbigouden.fr\/index.php?rest_route=%2Fwp%2Fv2%2Ftags&post=1027"}],"curies":[{"name":"wp","href":"https:\/\/api.w.org\/{rel}","templated":true}]}}